{"id":401,"date":"2025-10-21T22:35:22","date_gmt":"2025-10-21T20:35:22","guid":{"rendered":"https:\/\/oeildupeuple224.com\/?p=401"},"modified":"2025-10-21T22:35:22","modified_gmt":"2025-10-21T20:35:22","slug":"deces-de-mme-bonnette-elombe-le-monde-educatif-congolais-en-deuil","status":"publish","type":"post","link":"https:\/\/oeildupeuple224.com\/index.php\/deces-de-mme-bonnette-elombe-le-monde-educatif-congolais-en-deuil\/","title":{"rendered":"D\u00e9c\u00e8s de Mme Bonnette Elombe : le monde \u00e9ducatif congolais en deuil"},"content":{"rendered":"<p>D\u00e9c\u00e8s de Le Minist\u00e8re de l\u2019\u00c9ducation nationale et de la Nouvelle Citoyennet\u00e9 a annonc\u00e9, ce lundi 20 octobre, le d\u00e9c\u00e8s de Mme Bonnette Elombe, \u00e2g\u00e9e de 37 ans, enseignante \u00e0 l\u2019\u00e9cole primaire Yolo Sud, dans la commune de Kalamu. Figure embl\u00e9matique de l\u2019enseignement de base \u00e0 Kinshasa, Mme Elombe \u00e9tait largement connue pour son engagement exemplaire et ses animations p\u00e9dagogiques innovantes, souvent partag\u00e9es et salu\u00e9es sur les r\u00e9seaux sociaux.<\/p>\n<p>&nbsp;<\/p>\n<p>Dans un communiqu\u00e9 officiel, le Minist\u00e8re a salu\u00e9 la m\u00e9moire d\u2019une \u00ab femme engag\u00e9e, attach\u00e9e aux valeurs de l\u2019\u00e9cole et au service de la r\u00e9ussite des enfants \u00bb. Le texte souligne que son \u00ab enthousiasme, son professionnalisme et son sens du devoir avaient fait d\u2019elle une v\u00e9ritable ambassadrice du Projet d\u2019Am\u00e9lioration de la Qualit\u00e9 de l\u2019Enseignement Primaire (PEQIP) \u00bb, un programme dont elle d\u00e9fendait ardemment les principes et les objectifs.<\/p>\n<p>&nbsp;<\/p>\n<p>Mme Elombe, par son approche bienveillante et sa cr\u00e9ativit\u00e9 en classe, avait su redonner go\u00fbt \u00e0 l\u2019apprentissage \u00e0 de nombreux \u00e9l\u00e8ves de Yolo Sud. Son influence d\u00e9passait les murs de son \u00e9cole, inspirant de nombreux enseignants \u00e0 travers le pays.<\/p>\n<p>Sa disparition laisse un grand vide dans la communaut\u00e9 \u00e9ducative congolaise. Le Minist\u00e8re a pr\u00e9sent\u00e9 ses condol\u00e9ances les plus attrist\u00e9es \u00e0 sa famille, \u00e0 ses coll\u00e8gues et \u00e0 tous ceux qui ont eu le privil\u00e8ge de la c\u00f4toyer.<\/p>\n<p>&nbsp;<\/p>\n<p>\u00ab Son h\u00e9ritage demeurera vivant \u00e0 travers les g\u00e9n\u00e9rations d\u2019\u00e9l\u00e8ves qu\u2019elle a form\u00e9es et les enseignants qu\u2019elle a inspir\u00e9s \u00bb, indique le communiqu\u00e9.<\/p>\n","protected":false},"excerpt":{"rendered":"<p>D\u00e9c\u00e8s de Le Minist\u00e8re de l\u2019\u00c9ducation nationale et de la Nouvelle Citoyennet\u00e9 a annonc\u00e9, ce lundi 20 octobre, le d\u00e9c\u00e8s de Mme Bonnette Elombe, \u00e2g\u00e9e de 37 ans, enseignante \u00e0 l\u2019\u00e9cole primaire Yolo Sud, dans la commune de Kalamu. Figure embl\u00e9matique de l\u2019enseignement de base \u00e0 Kinshasa, Mme Elombe \u00e9tait largement connue pour son engagement [&hellip;]<\/p>\n","protected":false},"author":3,"featured_media":402,"comment_status":"open","ping_status":"open","sticky":false,"template":"","format":"standard","meta":{"footnotes":""},"categories":[61,3,18],"tags":[],"class_list":["post-401","post","type-post","status-publish","format-standard","has-post-thumbnail","hentry","category-a-la-une","category-actualite","category-international"],"yoast_head":"<!-- This site is optimized with the Yoast SEO plugin v27.5 - https:\/\/yoast.com\/product\/yoast-seo-wordpress\/ -->\n<title>D\u00e9c\u00e8s de Mme Bonnette Elombe : le monde \u00e9ducatif congolais en deuil - Oeildupeuple224<\/title>\n<meta name=\"robots\" content=\"index, follow, max-snippet:-1, max-image-preview:large, max-video-preview:-1\" \/>\n<link rel=\"canonical\" href=\"https:\/\/oeildupeuple224.com\/index.php\/deces-de-mme-bonnette-elombe-le-monde-educatif-congolais-en-deuil\/\" \/>\n<meta property=\"og:locale\" content=\"fr_FR\" \/>\n<meta property=\"og:type\" content=\"article\" \/>\n<meta property=\"og:title\" content=\"D\u00e9c\u00e8s de Mme Bonnette Elombe : le monde \u00e9ducatif congolais en deuil - Oeildupeuple224\" \/>\n<meta property=\"og:description\" content=\"D\u00e9c\u00e8s de Le Minist\u00e8re de l\u2019\u00c9ducation nationale et de la Nouvelle Citoyennet\u00e9 a annonc\u00e9, ce lundi 20 octobre, le d\u00e9c\u00e8s de Mme Bonnette Elombe, \u00e2g\u00e9e de 37 ans, enseignante \u00e0 l\u2019\u00e9cole primaire Yolo Sud, dans la commune de Kalamu. Figure embl\u00e9matique de l\u2019enseignement de base \u00e0 Kinshasa, Mme Elombe \u00e9tait largement connue pour son engagement [&hellip;]\" \/>\n<meta property=\"og:url\" content=\"https:\/\/oeildupeuple224.com\/index.php\/deces-de-mme-bonnette-elombe-le-monde-educatif-congolais-en-deuil\/\" \/>\n<meta property=\"og:site_name\" content=\"Oeildupeuple224\" \/>\n<meta property=\"article:published_time\" content=\"2025-10-21T20:35:22+00:00\" \/>\n<meta property=\"og:image\" content=\"https:\/\/oeildupeuple224.com\/wp-content\/uploads\/2025\/10\/screenshot-20251021-192330-facebook.jpg\" \/>\n\t<meta property=\"og:image:width\" content=\"455\" \/>\n\t<meta property=\"og:image:height\" content=\"470\" \/>\n\t<meta property=\"og:image:type\" content=\"image\/jpeg\" \/>\n<meta name=\"author\" content=\"Bolokada\" \/>\n<meta name=\"twitter:card\" content=\"summary_large_image\" \/>\n<meta name=\"twitter:label1\" content=\"\u00c9crit par\" \/>\n\t<meta name=\"twitter:data1\" content=\"Bolokada\" \/>\n\t<meta name=\"twitter:label2\" content=\"Dur\u00e9e de lecture estim\u00e9e\" \/>\n\t<meta name=\"twitter:data2\" content=\"2 minutes\" \/>\n<script type=\"application\/ld+json\" class=\"yoast-schema-graph\">{\"@context\":\"https:\\\/\\\/schema.org\",\"@graph\":[{\"@type\":\"Article\",\"@id\":\"https:\\\/\\\/oeildupeuple224.com\\\/index.php\\\/deces-de-mme-bonnette-elombe-le-monde-educatif-congolais-en-deuil\\\/#article\",\"isPartOf\":{\"@id\":\"https:\\\/\\\/oeildupeuple224.com\\\/index.php\\\/deces-de-mme-bonnette-elombe-le-monde-educatif-congolais-en-deuil\\\/\"},\"author\":{\"name\":\"Bolokada\",\"@id\":\"https:\\\/\\\/oeildupeuple224.com\\\/#\\\/schema\\\/person\\\/67af96d96d7c96ed77036e49ab98a3d1\"},\"headline\":\"D\u00e9c\u00e8s de Mme Bonnette Elombe : le monde \u00e9ducatif congolais en deuil\",\"datePublished\":\"2025-10-21T20:35:22+00:00\",\"mainEntityOfPage\":{\"@id\":\"https:\\\/\\\/oeildupeuple224.com\\\/index.php\\\/deces-de-mme-bonnette-elombe-le-monde-educatif-congolais-en-deuil\\\/\"},\"wordCount\":287,\"commentCount\":0,\"image\":{\"@id\":\"https:\\\/\\\/oeildupeuple224.com\\\/index.php\\\/deces-de-mme-bonnette-elombe-le-monde-educatif-congolais-en-deuil\\\/#primaryimage\"},\"thumbnailUrl\":\"https:\\\/\\\/oeildupeuple224.com\\\/wp-content\\\/uploads\\\/2025\\\/10\\\/screenshot-20251021-192330-facebook.jpg\",\"articleSection\":[\"A la Une\",\"Actualit\u00e9\",\"International\"],\"inLanguage\":\"fr-FR\",\"potentialAction\":[{\"@type\":\"CommentAction\",\"name\":\"Comment\",\"target\":[\"https:\\\/\\\/oeildupeuple224.com\\\/index.php\\\/deces-de-mme-bonnette-elombe-le-monde-educatif-congolais-en-deuil\\\/#respond\"]}]},{\"@type\":\"WebPage\",\"@id\":\"https:\\\/\\\/oeildupeuple224.com\\\/index.php\\\/deces-de-mme-bonnette-elombe-le-monde-educatif-congolais-en-deuil\\\/\",\"url\":\"https:\\\/\\\/oeildupeuple224.com\\\/index.php\\\/deces-de-mme-bonnette-elombe-le-monde-educatif-congolais-en-deuil\\\/\",\"name\":\"D\u00e9c\u00e8s de Mme Bonnette Elombe : le monde \u00e9ducatif congolais en deuil - Oeildupeuple224\",\"isPartOf\":{\"@id\":\"https:\\\/\\\/oeildupeuple224.com\\\/#website\"},\"primaryImageOfPage\":{\"@id\":\"https:\\\/\\\/oeildupeuple224.com\\\/index.php\\\/deces-de-mme-bonnette-elombe-le-monde-educatif-congolais-en-deuil\\\/#primaryimage\"},\"image\":{\"@id\":\"https:\\\/\\\/oeildupeuple224.com\\\/index.php\\\/deces-de-mme-bonnette-elombe-le-monde-educatif-congolais-en-deuil\\\/#primaryimage\"},\"thumbnailUrl\":\"https:\\\/\\\/oeildupeuple224.com\\\/wp-content\\\/uploads\\\/2025\\\/10\\\/screenshot-20251021-192330-facebook.jpg\",\"datePublished\":\"2025-10-21T20:35:22+00:00\",\"author\":{\"@id\":\"https:\\\/\\\/oeildupeuple224.com\\\/#\\\/schema\\\/person\\\/67af96d96d7c96ed77036e49ab98a3d1\"},\"breadcrumb\":{\"@id\":\"https:\\\/\\\/oeildupeuple224.com\\\/index.php\\\/deces-de-mme-bonnette-elombe-le-monde-educatif-congolais-en-deuil\\\/#breadcrumb\"},\"inLanguage\":\"fr-FR\",\"potentialAction\":[{\"@type\":\"ReadAction\",\"target\":[\"https:\\\/\\\/oeildupeuple224.com\\\/index.php\\\/deces-de-mme-bonnette-elombe-le-monde-educatif-congolais-en-deuil\\\/\"]}]},{\"@type\":\"ImageObject\",\"inLanguage\":\"fr-FR\",\"@id\":\"https:\\\/\\\/oeildupeuple224.com\\\/index.php\\\/deces-de-mme-bonnette-elombe-le-monde-educatif-congolais-en-deuil\\\/#primaryimage\",\"url\":\"https:\\\/\\\/oeildupeuple224.com\\\/wp-content\\\/uploads\\\/2025\\\/10\\\/screenshot-20251021-192330-facebook.jpg\",\"contentUrl\":\"https:\\\/\\\/oeildupeuple224.com\\\/wp-content\\\/uploads\\\/2025\\\/10\\\/screenshot-20251021-192330-facebook.jpg\",\"width\":455,\"height\":470},{\"@type\":\"BreadcrumbList\",\"@id\":\"https:\\\/\\\/oeildupeuple224.com\\\/index.php\\\/deces-de-mme-bonnette-elombe-le-monde-educatif-congolais-en-deuil\\\/#breadcrumb\",\"itemListElement\":[{\"@type\":\"ListItem\",\"position\":1,\"name\":\"Home\",\"item\":\"https:\\\/\\\/oeildupeuple224.com\\\/\"},{\"@type\":\"ListItem\",\"position\":2,\"name\":\"D\u00e9c\u00e8s de Mme Bonnette Elombe : le monde \u00e9ducatif congolais en deuil\"}]},{\"@type\":\"WebSite\",\"@id\":\"https:\\\/\\\/oeildupeuple224.com\\\/#website\",\"url\":\"https:\\\/\\\/oeildupeuple224.com\\\/\",\"name\":\"Oeildupeuple224\",\"description\":\"Le regard du peuple sur l&#039;actualit\u00e9\",\"potentialAction\":[{\"@type\":\"SearchAction\",\"target\":{\"@type\":\"EntryPoint\",\"urlTemplate\":\"https:\\\/\\\/oeildupeuple224.com\\\/?s={search_term_string}\"},\"query-input\":{\"@type\":\"PropertyValueSpecification\",\"valueRequired\":true,\"valueName\":\"search_term_string\"}}],\"inLanguage\":\"fr-FR\"},{\"@type\":\"Person\",\"@id\":\"https:\\\/\\\/oeildupeuple224.com\\\/#\\\/schema\\\/person\\\/67af96d96d7c96ed77036e49ab98a3d1\",\"name\":\"Bolokada\",\"image\":{\"@type\":\"ImageObject\",\"inLanguage\":\"fr-FR\",\"@id\":\"https:\\\/\\\/secure.gravatar.com\\\/avatar\\\/593ead1b1edfe657ed498637902872d2460fcdf9064121d046eb46b7d0659e3a?s=96&d=mm&r=g\",\"url\":\"https:\\\/\\\/secure.gravatar.com\\\/avatar\\\/593ead1b1edfe657ed498637902872d2460fcdf9064121d046eb46b7d0659e3a?s=96&d=mm&r=g\",\"contentUrl\":\"https:\\\/\\\/secure.gravatar.com\\\/avatar\\\/593ead1b1edfe657ed498637902872d2460fcdf9064121d046eb46b7d0659e3a?s=96&d=mm&r=g\",\"caption\":\"Bolokada\"},\"url\":\"https:\\\/\\\/oeildupeuple224.com\\\/index.php\\\/author\\\/bolokada\\\/\"}]}<\/script>\n<!-- \/ Yoast SEO plugin. -->","yoast_head_json":{"title":"D\u00e9c\u00e8s de Mme Bonnette Elombe : le monde \u00e9ducatif congolais en deuil - Oeildupeuple224","robots":{"index":"index","follow":"follow","max-snippet":"max-snippet:-1","max-image-preview":"max-image-preview:large","max-video-preview":"max-video-preview:-1"},"canonical":"https:\/\/oeildupeuple224.com\/index.php\/deces-de-mme-bonnette-elombe-le-monde-educatif-congolais-en-deuil\/","og_locale":"fr_FR","og_type":"article","og_title":"D\u00e9c\u00e8s de Mme Bonnette Elombe : le monde \u00e9ducatif congolais en deuil - Oeildupeuple224","og_description":"D\u00e9c\u00e8s de Le Minist\u00e8re de l\u2019\u00c9ducation nationale et de la Nouvelle Citoyennet\u00e9 a annonc\u00e9, ce lundi 20 octobre, le d\u00e9c\u00e8s de Mme Bonnette Elombe, \u00e2g\u00e9e de 37 ans, enseignante \u00e0 l\u2019\u00e9cole primaire Yolo Sud, dans la commune de Kalamu. Figure embl\u00e9matique de l\u2019enseignement de base \u00e0 Kinshasa, Mme Elombe \u00e9tait largement connue pour son engagement [&hellip;]","og_url":"https:\/\/oeildupeuple224.com\/index.php\/deces-de-mme-bonnette-elombe-le-monde-educatif-congolais-en-deuil\/","og_site_name":"Oeildupeuple224","article_published_time":"2025-10-21T20:35:22+00:00","og_image":[{"width":455,"height":470,"url":"https:\/\/oeildupeuple224.com\/wp-content\/uploads\/2025\/10\/screenshot-20251021-192330-facebook.jpg","type":"image\/jpeg"}],"author":"Bolokada","twitter_card":"summary_large_image","twitter_misc":{"\u00c9crit par":"Bolokada","Dur\u00e9e de lecture estim\u00e9e":"2 minutes"},"schema":{"@context":"https:\/\/schema.org","@graph":[{"@type":"Article","@id":"https:\/\/oeildupeuple224.com\/index.php\/deces-de-mme-bonnette-elombe-le-monde-educatif-congolais-en-deuil\/#article","isPartOf":{"@id":"https:\/\/oeildupeuple224.com\/index.php\/deces-de-mme-bonnette-elombe-le-monde-educatif-congolais-en-deuil\/"},"author":{"name":"Bolokada","@id":"https:\/\/oeildupeuple224.com\/#\/schema\/person\/67af96d96d7c96ed77036e49ab98a3d1"},"headline":"D\u00e9c\u00e8s de Mme Bonnette Elombe : le monde \u00e9ducatif congolais en deuil","datePublished":"2025-10-21T20:35:22+00:00","mainEntityOfPage":{"@id":"https:\/\/oeildupeuple224.com\/index.php\/deces-de-mme-bonnette-elombe-le-monde-educatif-congolais-en-deuil\/"},"wordCount":287,"commentCount":0,"image":{"@id":"https:\/\/oeildupeuple224.com\/index.php\/deces-de-mme-bonnette-elombe-le-monde-educatif-congolais-en-deuil\/#primaryimage"},"thumbnailUrl":"https:\/\/oeildupeuple224.com\/wp-content\/uploads\/2025\/10\/screenshot-20251021-192330-facebook.jpg","articleSection":["A la Une","Actualit\u00e9","International"],"inLanguage":"fr-FR","potentialAction":[{"@type":"CommentAction","name":"Comment","target":["https:\/\/oeildupeuple224.com\/index.php\/deces-de-mme-bonnette-elombe-le-monde-educatif-congolais-en-deuil\/#respond"]}]},{"@type":"WebPage","@id":"https:\/\/oeildupeuple224.com\/index.php\/deces-de-mme-bonnette-elombe-le-monde-educatif-congolais-en-deuil\/","url":"https:\/\/oeildupeuple224.com\/index.php\/deces-de-mme-bonnette-elombe-le-monde-educatif-congolais-en-deuil\/","name":"D\u00e9c\u00e8s de Mme Bonnette Elombe : le monde \u00e9ducatif congolais en deuil - Oeildupeuple224","isPartOf":{"@id":"https:\/\/oeildupeuple224.com\/#website"},"primaryImageOfPage":{"@id":"https:\/\/oeildupeuple224.com\/index.php\/deces-de-mme-bonnette-elombe-le-monde-educatif-congolais-en-deuil\/#primaryimage"},"image":{"@id":"https:\/\/oeildupeuple224.com\/index.php\/deces-de-mme-bonnette-elombe-le-monde-educatif-congolais-en-deuil\/#primaryimage"},"thumbnailUrl":"https:\/\/oeildupeuple224.com\/wp-content\/uploads\/2025\/10\/screenshot-20251021-192330-facebook.jpg","datePublished":"2025-10-21T20:35:22+00:00","author":{"@id":"https:\/\/oeildupeuple224.com\/#\/schema\/person\/67af96d96d7c96ed77036e49ab98a3d1"},"breadcrumb":{"@id":"https:\/\/oeildupeuple224.com\/index.php\/deces-de-mme-bonnette-elombe-le-monde-educatif-congolais-en-deuil\/#breadcrumb"},"inLanguage":"fr-FR","potentialAction":[{"@type":"ReadAction","target":["https:\/\/oeildupeuple224.com\/index.php\/deces-de-mme-bonnette-elombe-le-monde-educatif-congolais-en-deuil\/"]}]},{"@type":"ImageObject","inLanguage":"fr-FR","@id":"https:\/\/oeildupeuple224.com\/index.php\/deces-de-mme-bonnette-elombe-le-monde-educatif-congolais-en-deuil\/#primaryimage","url":"https:\/\/oeildupeuple224.com\/wp-content\/uploads\/2025\/10\/screenshot-20251021-192330-facebook.jpg","contentUrl":"https:\/\/oeildupeuple224.com\/wp-content\/uploads\/2025\/10\/screenshot-20251021-192330-facebook.jpg","width":455,"height":470},{"@type":"BreadcrumbList","@id":"https:\/\/oeildupeuple224.com\/index.php\/deces-de-mme-bonnette-elombe-le-monde-educatif-congolais-en-deuil\/#breadcrumb","itemListElement":[{"@type":"ListItem","position":1,"name":"Home","item":"https:\/\/oeildupeuple224.com\/"},{"@type":"ListItem","position":2,"name":"D\u00e9c\u00e8s de Mme Bonnette Elombe : le monde \u00e9ducatif congolais en deuil"}]},{"@type":"WebSite","@id":"https:\/\/oeildupeuple224.com\/#website","url":"https:\/\/oeildupeuple224.com\/","name":"Oeildupeuple224","description":"Le regard du peuple sur l&#039;actualit\u00e9","potentialAction":[{"@type":"SearchAction","target":{"@type":"EntryPoint","urlTemplate":"https:\/\/oeildupeuple224.com\/?s={search_term_string}"},"query-input":{"@type":"PropertyValueSpecification","valueRequired":true,"valueName":"search_term_string"}}],"inLanguage":"fr-FR"},{"@type":"Person","@id":"https:\/\/oeildupeuple224.com\/#\/schema\/person\/67af96d96d7c96ed77036e49ab98a3d1","name":"Bolokada","image":{"@type":"ImageObject","inLanguage":"fr-FR","@id":"https:\/\/secure.gravatar.com\/avatar\/593ead1b1edfe657ed498637902872d2460fcdf9064121d046eb46b7d0659e3a?s=96&d=mm&r=g","url":"https:\/\/secure.gravatar.com\/avatar\/593ead1b1edfe657ed498637902872d2460fcdf9064121d046eb46b7d0659e3a?s=96&d=mm&r=g","contentUrl":"https:\/\/secure.gravatar.com\/avatar\/593ead1b1edfe657ed498637902872d2460fcdf9064121d046eb46b7d0659e3a?s=96&d=mm&r=g","caption":"Bolokada"},"url":"https:\/\/oeildupeuple224.com\/index.php\/author\/bolokada\/"}]}},"jetpack_featured_media_url":"https:\/\/oeildupeuple224.com\/wp-content\/uploads\/2025\/10\/screenshot-20251021-192330-facebook.jpg","_links":{"self":[{"href":"https:\/\/oeildupeuple224.com\/index.php\/wp-json\/wp\/v2\/posts\/401","targetHints":{"allow":["GET"]}}],"collection":[{"href":"https:\/\/oeildupeuple224.com\/index.php\/wp-json\/wp\/v2\/posts"}],"about":[{"href":"https:\/\/oeildupeuple224.com\/index.php\/wp-json\/wp\/v2\/types\/post"}],"author":[{"embeddable":true,"href":"https:\/\/oeildupeuple224.com\/index.php\/wp-json\/wp\/v2\/users\/3"}],"replies":[{"embeddable":true,"href":"https:\/\/oeildupeuple224.com\/index.php\/wp-json\/wp\/v2\/comments?post=401"}],"version-history":[{"count":0,"href":"https:\/\/oeildupeuple224.com\/index.php\/wp-json\/wp\/v2\/posts\/401\/revisions"}],"wp:featuredmedia":[{"embeddable":true,"href":"https:\/\/oeildupeuple224.com\/index.php\/wp-json\/wp\/v2\/media\/402"}],"wp:attachment":[{"href":"https:\/\/oeildupeuple224.com\/index.php\/wp-json\/wp\/v2\/media?parent=401"}],"wp:term":[{"taxonomy":"category","embeddable":true,"href":"https:\/\/oeildupeuple224.com\/index.php\/wp-json\/wp\/v2\/categories?post=401"},{"taxonomy":"post_tag","embeddable":true,"href":"https:\/\/oeildupeuple224.com\/index.php\/wp-json\/wp\/v2\/tags?post=401"}],"curies":[{"name":"wp","href":"https:\/\/api.w.org\/{rel}","templated":true}]}}