{"id":398,"date":"2025-10-21T22:26:25","date_gmt":"2025-10-21T20:26:25","guid":{"rendered":"https:\/\/oeildupeuple224.com\/?p=398"},"modified":"2025-10-21T22:27:05","modified_gmt":"2025-10-21T20:27:05","slug":"presidentielle-2025-la-course-des-independants-desormais-verrouillee","status":"publish","type":"post","link":"https:\/\/oeildupeuple224.com\/index.php\/presidentielle-2025-la-course-des-independants-desormais-verrouillee\/","title":{"rendered":"Pr\u00e9sidentielle 2025 : la course des ind\u00e9pendants d\u00e9sormais verrouill\u00e9e"},"content":{"rendered":"<p>Ils \u00e9taient seize, selon une annonce de la Direction g\u00e9n\u00e9rale des \u00e9lections (DGE) le 9 octobre dernier, \u00e0 avoir fait une d\u00e9claration sur l\u2019honneur confirmant leur intention de se pr\u00e9senter en tant que candidats ind\u00e9pendants \u00e0 l\u2019\u00e9lection pr\u00e9sidentielle du 28 d\u00e9cembre 2025.<\/p>\n<p>&nbsp;<\/p>\n<p>Mais la dynamique politique semble d\u00e9sormais tourner \u00e0 leur d\u00e9savantage. En vertu de l\u2019article 248 du Code \u00e9lectoral, \u00ab toute candidature ind\u00e9pendante \u00e0 une \u00e9lection pr\u00e9sidentielle doit \u00eatre parrain\u00e9e par au moins 30 % de l\u2019ensemble des maires, r\u00e9partis dans au moins 70 % des communes, au moment du d\u00e9p\u00f4t de la candidature \u00bb.<\/p>\n<p>&nbsp;<\/p>\n<p>Or, l\u2019annonce r\u00e9cente du parrainage de Mamadi Doumbouya par l\u2019ensemble des pr\u00e9sidents des d\u00e9l\u00e9gations sp\u00e9ciales \u2014 qui assurent actuellement la gestion des communes rurales et urbaines \u2014 change radicalement la donne. Ces responsables locaux, seuls habilit\u00e9s \u00e0 accorder leur signature de parrainage, se sont unanimement ralli\u00e9s \u00e0 la candidature du pr\u00e9sident de la transition.<\/p>\n<p>&nbsp;<\/p>\n<p>Cette d\u00e9cision ferme de facto toute possibilit\u00e9 aux candidats ind\u00e9pendants de r\u00e9unir les parrainages n\u00e9cessaires \u00e0 la validation de leur dossier. En d\u2019autres termes, la voie vers une candidature sans \u00e9tiquette politique semble d\u00e9sormais totalement obstru\u00e9e, r\u00e9duisant le champ \u00e9lectoral \u00e0 une comp\u00e9tition contr\u00f4l\u00e9e et largement verrouill\u00e9e autour du chef de l\u2019\u00c9tat sortant.<\/p>\n<p>&nbsp;<\/p>\n<p><strong>Guinee360.com<\/strong><\/p>\n","protected":false},"excerpt":{"rendered":"<p>Ils \u00e9taient seize, selon une annonce de la Direction g\u00e9n\u00e9rale des \u00e9lections (DGE) le 9 octobre dernier, \u00e0 avoir fait une d\u00e9claration sur l\u2019honneur confirmant leur intention de se pr\u00e9senter en tant que candidats ind\u00e9pendants \u00e0 l\u2019\u00e9lection pr\u00e9sidentielle du 28 d\u00e9cembre 2025. &nbsp; Mais la dynamique politique semble d\u00e9sormais tourner \u00e0 leur d\u00e9savantage. En vertu [&hellip;]<\/p>\n","protected":false},"author":3,"featured_media":21,"comment_status":"open","ping_status":"open","sticky":false,"template":"","format":"standard","meta":{"footnotes":""},"categories":[61,3,6],"tags":[],"class_list":["post-398","post","type-post","status-publish","format-standard","has-post-thumbnail","hentry","category-a-la-une","category-actualite","category-politique"],"yoast_head":"<!-- This site is optimized with the Yoast SEO plugin v27.5 - https:\/\/yoast.com\/product\/yoast-seo-wordpress\/ -->\n<title>Pr\u00e9sidentielle 2025 : la course des ind\u00e9pendants d\u00e9sormais verrouill\u00e9e - Oeildupeuple224<\/title>\n<meta name=\"robots\" content=\"index, follow, max-snippet:-1, max-image-preview:large, max-video-preview:-1\" \/>\n<link rel=\"canonical\" href=\"https:\/\/oeildupeuple224.com\/index.php\/presidentielle-2025-la-course-des-independants-desormais-verrouillee\/\" \/>\n<meta property=\"og:locale\" content=\"fr_FR\" \/>\n<meta property=\"og:type\" content=\"article\" \/>\n<meta property=\"og:title\" content=\"Pr\u00e9sidentielle 2025 : la course des ind\u00e9pendants d\u00e9sormais verrouill\u00e9e - Oeildupeuple224\" \/>\n<meta property=\"og:description\" content=\"Ils \u00e9taient seize, selon une annonce de la Direction g\u00e9n\u00e9rale des \u00e9lections (DGE) le 9 octobre dernier, \u00e0 avoir fait une d\u00e9claration sur l\u2019honneur confirmant leur intention de se pr\u00e9senter en tant que candidats ind\u00e9pendants \u00e0 l\u2019\u00e9lection pr\u00e9sidentielle du 28 d\u00e9cembre 2025. &nbsp; Mais la dynamique politique semble d\u00e9sormais tourner \u00e0 leur d\u00e9savantage. En vertu [&hellip;]\" \/>\n<meta property=\"og:url\" content=\"https:\/\/oeildupeuple224.com\/index.php\/presidentielle-2025-la-course-des-independants-desormais-verrouillee\/\" \/>\n<meta property=\"og:site_name\" content=\"Oeildupeuple224\" \/>\n<meta property=\"article:published_time\" content=\"2025-10-21T20:26:25+00:00\" \/>\n<meta property=\"article:modified_time\" content=\"2025-10-21T20:27:05+00:00\" \/>\n<meta property=\"og:image\" content=\"https:\/\/oeildupeuple224.com\/wp-content\/uploads\/2025\/09\/img-20250922-wa0000-1050x525-1.jpg\" \/>\n\t<meta property=\"og:image:width\" content=\"1050\" \/>\n\t<meta property=\"og:image:height\" content=\"525\" \/>\n\t<meta property=\"og:image:type\" content=\"image\/jpeg\" \/>\n<meta name=\"author\" content=\"Bolokada\" \/>\n<meta name=\"twitter:card\" content=\"summary_large_image\" \/>\n<meta name=\"twitter:label1\" content=\"\u00c9crit par\" \/>\n\t<meta name=\"twitter:data1\" content=\"Bolokada\" \/>\n\t<meta name=\"twitter:label2\" content=\"Dur\u00e9e de lecture estim\u00e9e\" \/>\n\t<meta name=\"twitter:data2\" content=\"2 minutes\" \/>\n<script type=\"application\/ld+json\" class=\"yoast-schema-graph\">{\"@context\":\"https:\\\/\\\/schema.org\",\"@graph\":[{\"@type\":\"Article\",\"@id\":\"https:\\\/\\\/oeildupeuple224.com\\\/index.php\\\/presidentielle-2025-la-course-des-independants-desormais-verrouillee\\\/#article\",\"isPartOf\":{\"@id\":\"https:\\\/\\\/oeildupeuple224.com\\\/index.php\\\/presidentielle-2025-la-course-des-independants-desormais-verrouillee\\\/\"},\"author\":{\"name\":\"Bolokada\",\"@id\":\"https:\\\/\\\/oeildupeuple224.com\\\/#\\\/schema\\\/person\\\/67af96d96d7c96ed77036e49ab98a3d1\"},\"headline\":\"Pr\u00e9sidentielle 2025 : la course des ind\u00e9pendants d\u00e9sormais verrouill\u00e9e\",\"datePublished\":\"2025-10-21T20:26:25+00:00\",\"dateModified\":\"2025-10-21T20:27:05+00:00\",\"mainEntityOfPage\":{\"@id\":\"https:\\\/\\\/oeildupeuple224.com\\\/index.php\\\/presidentielle-2025-la-course-des-independants-desormais-verrouillee\\\/\"},\"wordCount\":242,\"commentCount\":0,\"image\":{\"@id\":\"https:\\\/\\\/oeildupeuple224.com\\\/index.php\\\/presidentielle-2025-la-course-des-independants-desormais-verrouillee\\\/#primaryimage\"},\"thumbnailUrl\":\"https:\\\/\\\/oeildupeuple224.com\\\/wp-content\\\/uploads\\\/2025\\\/09\\\/img-20250922-wa0000-1050x525-1.jpg\",\"articleSection\":[\"A la Une\",\"Actualit\u00e9\",\"Politique\"],\"inLanguage\":\"fr-FR\",\"potentialAction\":[{\"@type\":\"CommentAction\",\"name\":\"Comment\",\"target\":[\"https:\\\/\\\/oeildupeuple224.com\\\/index.php\\\/presidentielle-2025-la-course-des-independants-desormais-verrouillee\\\/#respond\"]}]},{\"@type\":\"WebPage\",\"@id\":\"https:\\\/\\\/oeildupeuple224.com\\\/index.php\\\/presidentielle-2025-la-course-des-independants-desormais-verrouillee\\\/\",\"url\":\"https:\\\/\\\/oeildupeuple224.com\\\/index.php\\\/presidentielle-2025-la-course-des-independants-desormais-verrouillee\\\/\",\"name\":\"Pr\u00e9sidentielle 2025 : la course des ind\u00e9pendants d\u00e9sormais verrouill\u00e9e - Oeildupeuple224\",\"isPartOf\":{\"@id\":\"https:\\\/\\\/oeildupeuple224.com\\\/#website\"},\"primaryImageOfPage\":{\"@id\":\"https:\\\/\\\/oeildupeuple224.com\\\/index.php\\\/presidentielle-2025-la-course-des-independants-desormais-verrouillee\\\/#primaryimage\"},\"image\":{\"@id\":\"https:\\\/\\\/oeildupeuple224.com\\\/index.php\\\/presidentielle-2025-la-course-des-independants-desormais-verrouillee\\\/#primaryimage\"},\"thumbnailUrl\":\"https:\\\/\\\/oeildupeuple224.com\\\/wp-content\\\/uploads\\\/2025\\\/09\\\/img-20250922-wa0000-1050x525-1.jpg\",\"datePublished\":\"2025-10-21T20:26:25+00:00\",\"dateModified\":\"2025-10-21T20:27:05+00:00\",\"author\":{\"@id\":\"https:\\\/\\\/oeildupeuple224.com\\\/#\\\/schema\\\/person\\\/67af96d96d7c96ed77036e49ab98a3d1\"},\"breadcrumb\":{\"@id\":\"https:\\\/\\\/oeildupeuple224.com\\\/index.php\\\/presidentielle-2025-la-course-des-independants-desormais-verrouillee\\\/#breadcrumb\"},\"inLanguage\":\"fr-FR\",\"potentialAction\":[{\"@type\":\"ReadAction\",\"target\":[\"https:\\\/\\\/oeildupeuple224.com\\\/index.php\\\/presidentielle-2025-la-course-des-independants-desormais-verrouillee\\\/\"]}]},{\"@type\":\"ImageObject\",\"inLanguage\":\"fr-FR\",\"@id\":\"https:\\\/\\\/oeildupeuple224.com\\\/index.php\\\/presidentielle-2025-la-course-des-independants-desormais-verrouillee\\\/#primaryimage\",\"url\":\"https:\\\/\\\/oeildupeuple224.com\\\/wp-content\\\/uploads\\\/2025\\\/09\\\/img-20250922-wa0000-1050x525-1.jpg\",\"contentUrl\":\"https:\\\/\\\/oeildupeuple224.com\\\/wp-content\\\/uploads\\\/2025\\\/09\\\/img-20250922-wa0000-1050x525-1.jpg\",\"width\":1050,\"height\":525},{\"@type\":\"BreadcrumbList\",\"@id\":\"https:\\\/\\\/oeildupeuple224.com\\\/index.php\\\/presidentielle-2025-la-course-des-independants-desormais-verrouillee\\\/#breadcrumb\",\"itemListElement\":[{\"@type\":\"ListItem\",\"position\":1,\"name\":\"Home\",\"item\":\"https:\\\/\\\/oeildupeuple224.com\\\/\"},{\"@type\":\"ListItem\",\"position\":2,\"name\":\"Pr\u00e9sidentielle 2025 : la course des ind\u00e9pendants d\u00e9sormais verrouill\u00e9e\"}]},{\"@type\":\"WebSite\",\"@id\":\"https:\\\/\\\/oeildupeuple224.com\\\/#website\",\"url\":\"https:\\\/\\\/oeildupeuple224.com\\\/\",\"name\":\"Oeildupeuple224\",\"description\":\"Le regard du peuple sur l&#039;actualit\u00e9\",\"potentialAction\":[{\"@type\":\"SearchAction\",\"target\":{\"@type\":\"EntryPoint\",\"urlTemplate\":\"https:\\\/\\\/oeildupeuple224.com\\\/?s={search_term_string}\"},\"query-input\":{\"@type\":\"PropertyValueSpecification\",\"valueRequired\":true,\"valueName\":\"search_term_string\"}}],\"inLanguage\":\"fr-FR\"},{\"@type\":\"Person\",\"@id\":\"https:\\\/\\\/oeildupeuple224.com\\\/#\\\/schema\\\/person\\\/67af96d96d7c96ed77036e49ab98a3d1\",\"name\":\"Bolokada\",\"image\":{\"@type\":\"ImageObject\",\"inLanguage\":\"fr-FR\",\"@id\":\"https:\\\/\\\/secure.gravatar.com\\\/avatar\\\/593ead1b1edfe657ed498637902872d2460fcdf9064121d046eb46b7d0659e3a?s=96&d=mm&r=g\",\"url\":\"https:\\\/\\\/secure.gravatar.com\\\/avatar\\\/593ead1b1edfe657ed498637902872d2460fcdf9064121d046eb46b7d0659e3a?s=96&d=mm&r=g\",\"contentUrl\":\"https:\\\/\\\/secure.gravatar.com\\\/avatar\\\/593ead1b1edfe657ed498637902872d2460fcdf9064121d046eb46b7d0659e3a?s=96&d=mm&r=g\",\"caption\":\"Bolokada\"},\"url\":\"https:\\\/\\\/oeildupeuple224.com\\\/index.php\\\/author\\\/bolokada\\\/\"}]}<\/script>\n<!-- \/ Yoast SEO plugin. -->","yoast_head_json":{"title":"Pr\u00e9sidentielle 2025 : la course des ind\u00e9pendants d\u00e9sormais verrouill\u00e9e - Oeildupeuple224","robots":{"index":"index","follow":"follow","max-snippet":"max-snippet:-1","max-image-preview":"max-image-preview:large","max-video-preview":"max-video-preview:-1"},"canonical":"https:\/\/oeildupeuple224.com\/index.php\/presidentielle-2025-la-course-des-independants-desormais-verrouillee\/","og_locale":"fr_FR","og_type":"article","og_title":"Pr\u00e9sidentielle 2025 : la course des ind\u00e9pendants d\u00e9sormais verrouill\u00e9e - Oeildupeuple224","og_description":"Ils \u00e9taient seize, selon une annonce de la Direction g\u00e9n\u00e9rale des \u00e9lections (DGE) le 9 octobre dernier, \u00e0 avoir fait une d\u00e9claration sur l\u2019honneur confirmant leur intention de se pr\u00e9senter en tant que candidats ind\u00e9pendants \u00e0 l\u2019\u00e9lection pr\u00e9sidentielle du 28 d\u00e9cembre 2025. &nbsp; Mais la dynamique politique semble d\u00e9sormais tourner \u00e0 leur d\u00e9savantage. En vertu [&hellip;]","og_url":"https:\/\/oeildupeuple224.com\/index.php\/presidentielle-2025-la-course-des-independants-desormais-verrouillee\/","og_site_name":"Oeildupeuple224","article_published_time":"2025-10-21T20:26:25+00:00","article_modified_time":"2025-10-21T20:27:05+00:00","og_image":[{"width":1050,"height":525,"url":"https:\/\/oeildupeuple224.com\/wp-content\/uploads\/2025\/09\/img-20250922-wa0000-1050x525-1.jpg","type":"image\/jpeg"}],"author":"Bolokada","twitter_card":"summary_large_image","twitter_misc":{"\u00c9crit par":"Bolokada","Dur\u00e9e de lecture estim\u00e9e":"2 minutes"},"schema":{"@context":"https:\/\/schema.org","@graph":[{"@type":"Article","@id":"https:\/\/oeildupeuple224.com\/index.php\/presidentielle-2025-la-course-des-independants-desormais-verrouillee\/#article","isPartOf":{"@id":"https:\/\/oeildupeuple224.com\/index.php\/presidentielle-2025-la-course-des-independants-desormais-verrouillee\/"},"author":{"name":"Bolokada","@id":"https:\/\/oeildupeuple224.com\/#\/schema\/person\/67af96d96d7c96ed77036e49ab98a3d1"},"headline":"Pr\u00e9sidentielle 2025 : la course des ind\u00e9pendants d\u00e9sormais verrouill\u00e9e","datePublished":"2025-10-21T20:26:25+00:00","dateModified":"2025-10-21T20:27:05+00:00","mainEntityOfPage":{"@id":"https:\/\/oeildupeuple224.com\/index.php\/presidentielle-2025-la-course-des-independants-desormais-verrouillee\/"},"wordCount":242,"commentCount":0,"image":{"@id":"https:\/\/oeildupeuple224.com\/index.php\/presidentielle-2025-la-course-des-independants-desormais-verrouillee\/#primaryimage"},"thumbnailUrl":"https:\/\/oeildupeuple224.com\/wp-content\/uploads\/2025\/09\/img-20250922-wa0000-1050x525-1.jpg","articleSection":["A la Une","Actualit\u00e9","Politique"],"inLanguage":"fr-FR","potentialAction":[{"@type":"CommentAction","name":"Comment","target":["https:\/\/oeildupeuple224.com\/index.php\/presidentielle-2025-la-course-des-independants-desormais-verrouillee\/#respond"]}]},{"@type":"WebPage","@id":"https:\/\/oeildupeuple224.com\/index.php\/presidentielle-2025-la-course-des-independants-desormais-verrouillee\/","url":"https:\/\/oeildupeuple224.com\/index.php\/presidentielle-2025-la-course-des-independants-desormais-verrouillee\/","name":"Pr\u00e9sidentielle 2025 : la course des ind\u00e9pendants d\u00e9sormais verrouill\u00e9e - Oeildupeuple224","isPartOf":{"@id":"https:\/\/oeildupeuple224.com\/#website"},"primaryImageOfPage":{"@id":"https:\/\/oeildupeuple224.com\/index.php\/presidentielle-2025-la-course-des-independants-desormais-verrouillee\/#primaryimage"},"image":{"@id":"https:\/\/oeildupeuple224.com\/index.php\/presidentielle-2025-la-course-des-independants-desormais-verrouillee\/#primaryimage"},"thumbnailUrl":"https:\/\/oeildupeuple224.com\/wp-content\/uploads\/2025\/09\/img-20250922-wa0000-1050x525-1.jpg","datePublished":"2025-10-21T20:26:25+00:00","dateModified":"2025-10-21T20:27:05+00:00","author":{"@id":"https:\/\/oeildupeuple224.com\/#\/schema\/person\/67af96d96d7c96ed77036e49ab98a3d1"},"breadcrumb":{"@id":"https:\/\/oeildupeuple224.com\/index.php\/presidentielle-2025-la-course-des-independants-desormais-verrouillee\/#breadcrumb"},"inLanguage":"fr-FR","potentialAction":[{"@type":"ReadAction","target":["https:\/\/oeildupeuple224.com\/index.php\/presidentielle-2025-la-course-des-independants-desormais-verrouillee\/"]}]},{"@type":"ImageObject","inLanguage":"fr-FR","@id":"https:\/\/oeildupeuple224.com\/index.php\/presidentielle-2025-la-course-des-independants-desormais-verrouillee\/#primaryimage","url":"https:\/\/oeildupeuple224.com\/wp-content\/uploads\/2025\/09\/img-20250922-wa0000-1050x525-1.jpg","contentUrl":"https:\/\/oeildupeuple224.com\/wp-content\/uploads\/2025\/09\/img-20250922-wa0000-1050x525-1.jpg","width":1050,"height":525},{"@type":"BreadcrumbList","@id":"https:\/\/oeildupeuple224.com\/index.php\/presidentielle-2025-la-course-des-independants-desormais-verrouillee\/#breadcrumb","itemListElement":[{"@type":"ListItem","position":1,"name":"Home","item":"https:\/\/oeildupeuple224.com\/"},{"@type":"ListItem","position":2,"name":"Pr\u00e9sidentielle 2025 : la course des ind\u00e9pendants d\u00e9sormais verrouill\u00e9e"}]},{"@type":"WebSite","@id":"https:\/\/oeildupeuple224.com\/#website","url":"https:\/\/oeildupeuple224.com\/","name":"Oeildupeuple224","description":"Le regard du peuple sur l&#039;actualit\u00e9","potentialAction":[{"@type":"SearchAction","target":{"@type":"EntryPoint","urlTemplate":"https:\/\/oeildupeuple224.com\/?s={search_term_string}"},"query-input":{"@type":"PropertyValueSpecification","valueRequired":true,"valueName":"search_term_string"}}],"inLanguage":"fr-FR"},{"@type":"Person","@id":"https:\/\/oeildupeuple224.com\/#\/schema\/person\/67af96d96d7c96ed77036e49ab98a3d1","name":"Bolokada","image":{"@type":"ImageObject","inLanguage":"fr-FR","@id":"https:\/\/secure.gravatar.com\/avatar\/593ead1b1edfe657ed498637902872d2460fcdf9064121d046eb46b7d0659e3a?s=96&d=mm&r=g","url":"https:\/\/secure.gravatar.com\/avatar\/593ead1b1edfe657ed498637902872d2460fcdf9064121d046eb46b7d0659e3a?s=96&d=mm&r=g","contentUrl":"https:\/\/secure.gravatar.com\/avatar\/593ead1b1edfe657ed498637902872d2460fcdf9064121d046eb46b7d0659e3a?s=96&d=mm&r=g","caption":"Bolokada"},"url":"https:\/\/oeildupeuple224.com\/index.php\/author\/bolokada\/"}]}},"jetpack_featured_media_url":"https:\/\/oeildupeuple224.com\/wp-content\/uploads\/2025\/09\/img-20250922-wa0000-1050x525-1.jpg","_links":{"self":[{"href":"https:\/\/oeildupeuple224.com\/index.php\/wp-json\/wp\/v2\/posts\/398","targetHints":{"allow":["GET"]}}],"collection":[{"href":"https:\/\/oeildupeuple224.com\/index.php\/wp-json\/wp\/v2\/posts"}],"about":[{"href":"https:\/\/oeildupeuple224.com\/index.php\/wp-json\/wp\/v2\/types\/post"}],"author":[{"embeddable":true,"href":"https:\/\/oeildupeuple224.com\/index.php\/wp-json\/wp\/v2\/users\/3"}],"replies":[{"embeddable":true,"href":"https:\/\/oeildupeuple224.com\/index.php\/wp-json\/wp\/v2\/comments?post=398"}],"version-history":[{"count":0,"href":"https:\/\/oeildupeuple224.com\/index.php\/wp-json\/wp\/v2\/posts\/398\/revisions"}],"wp:featuredmedia":[{"embeddable":true,"href":"https:\/\/oeildupeuple224.com\/index.php\/wp-json\/wp\/v2\/media\/21"}],"wp:attachment":[{"href":"https:\/\/oeildupeuple224.com\/index.php\/wp-json\/wp\/v2\/media?parent=398"}],"wp:term":[{"taxonomy":"category","embeddable":true,"href":"https:\/\/oeildupeuple224.com\/index.php\/wp-json\/wp\/v2\/categories?post=398"},{"taxonomy":"post_tag","embeddable":true,"href":"https:\/\/oeildupeuple224.com\/index.php\/wp-json\/wp\/v2\/tags?post=398"}],"curies":[{"name":"wp","href":"https:\/\/api.w.org\/{rel}","templated":true}]}}