{"id":386,"date":"2025-10-21T22:13:06","date_gmt":"2025-10-21T20:13:06","guid":{"rendered":"https:\/\/oeildupeuple224.com\/?p=386"},"modified":"2025-10-21T22:13:46","modified_gmt":"2025-10-21T20:13:46","slug":"nicolas-sarkozy-incarcere-a-la-prison-de-la-sante-la-demande-de-mise-en-liberte-deposee","status":"publish","type":"post","link":"https:\/\/oeildupeuple224.com\/index.php\/nicolas-sarkozy-incarcere-a-la-prison-de-la-sante-la-demande-de-mise-en-liberte-deposee\/","title":{"rendered":"Nicolas Sarkozy incarc\u00e9r\u00e9 \u00e0 la prison de la Sant\u00e9, la demande de mise en libert\u00e9 d\u00e9pos\u00e9e"},"content":{"rendered":"<p>C\u2019est la premi\u00e8re fois dans l\u2019histoire de la Ve r\u00e9publique qu\u2019un ancien pr\u00e9sident va dormir en prison. Nicolas Sarkozy a \u00e9t\u00e9 incarc\u00e9r\u00e9, ce mardi 21 octobre, \u00e0 la prison de la Sant\u00e9 \u00e0 Paris. Ses soutiens s\u2019\u00e9taient retrouv\u00e9s t\u00f4t ce matin devant son domicile parisien. Sur ses r\u00e9seaux sociaux, il promet \u00e0 ses supporteurs \u00ab que la v\u00e9rit\u00e9 triomphera \u00bb. Une demande de mise en libert\u00e9 a imm\u00e9diatement \u00e9t\u00e9 d\u00e9pos\u00e9e.<\/p>\n<p>&nbsp;<\/p>\n<p>L\u2019ancien pr\u00e9sident de la R\u00e9publique, reconnu coupable d\u2019\u00ab association de malfaiteurs \u00bb fin septembre 2025 par la justice fran\u00e7aise, est arriv\u00e9 aux alentours de 9h30 ce 21 octobre \u00e0 proximit\u00e9 de la prison de la Sant\u00e9. \u00ab Oh bienvenue Sarkozy ! \u00bb, \u00ab Y a Sarkozy\u202f! \u00bb, ont cri\u00e9 des d\u00e9tenus depuis leurs cellules de la maison d\u2019arr\u00eat du XIVe arrondissement de Paris.<\/p>\n<p>&nbsp;<\/p>\n<p>Un peu plus t\u00f4t, il avait \u00e9t\u00e9 applaudi \u00e0 la sortie de son domicile par une centaine de sympathisants r\u00e9unis \u00e0 l\u2019initiative de deux de ses fils pour le soutenir. Avant de monter dans sa voiture, accompagn\u00e9 de son \u00e9pouse Carla Bruni, il a tenu \u00e0 saluer ses partisans.<\/p>\n<p>&nbsp;<\/p>\n<p>Un dernier message avant l\u2019incarc\u00e9ration<\/p>\n<p>Dans un message post\u00e9 sur ses r\u00e9seaux sociaux moins d\u2019une heure avant l\u2019heure pr\u00e9vue de son incarc\u00e9ration, il a dit ressentir \u00ab une peine profonde pour la France qui se retrouve humili\u00e9e par l\u2019expression d\u2019une vengeance qui a port\u00e9 la haine \u00e0 un niveau in\u00e9gal\u00e9 \u00bb. Cette prise de parole conteste donc le jugement du tribunal correctionnel de Paris qui l\u2019a condamn\u00e9 \u00e0 cinq ans de prison ferme, cinq ans d\u2019in\u00e9ligibilit\u00e9 et 100 000 euros d\u2019amende pour avoir laiss\u00e9 ses plus proches collaborateurs d\u00e9marcher la Libye de Mouammar Kadhafi en vue d\u2019un financement ill\u00e9gal de sa campagne de 2007.<\/p>\n<p>&nbsp;<\/p>\n<p>Pour des raisons de s\u00e9curit\u00e9, Nicolas Sarkozy est plac\u00e9 \u00e0 l\u2019isolement. Il sera ainsi, d\u00e8s ce mardi 21 octobre, confront\u00e9 \u00e0 la solitude et a d\u00e9j\u00e0 pr\u00e9vu d\u2019\u00e9crire pour occuper ses journ\u00e9es et t\u00e9moigner, comme l\u2019ont fait savoir ses avocats. Il a confi\u00e9 emporter comme lectures : une biographie de J\u00e9sus et le roman d\u2019Alexandre Dumas Le Comte de Monte-Cristo.<\/p>\n<p>&nbsp;<\/p>\n<p>La demande de mise en libert\u00e9 d\u00e9pos\u00e9e<\/p>\n<p>Jean-Michel Darrois, son avocat, a qualifi\u00e9 cette incarc\u00e9ration de \u00ab honte \u00bb. Christophe Ingrain, son autre avocat, a fait savoir devant la prison de la Sant\u00e9 que son client \u00e9tait entr\u00e9 pour faire face aux formalit\u00e9s de la d\u00e9tention et qu\u2019il \u00ab faisait face \u00bb. \u00ab Il est rentr\u00e9, il a salu\u00e9 les personnes qui l\u2019attendaient pour ex\u00e9cuter les formalit\u00e9s de la d\u00e9tention \u00bb, a-t-il d\u00e9taill\u00e9.<\/p>\n<p>&nbsp;<\/p>\n<p>La demande de mise en libert\u00e9 a d\u00e9j\u00e0 \u00e9t\u00e9 d\u00e9pos\u00e9e. Elle sera examin\u00e9e dans un mois \u00e0 peu pr\u00e8s. \u00ab Quoi qu\u2019il arrive \u00bb, ce sera \u00ab trois semaines, un mois de d\u00e9tention \u00bb, a estim\u00e9 Christophe Ingrain sur Europe.<\/p>\n<p>&nbsp;<\/p>\n<p>Le proc\u00e8s en appel de Nicolas Sarkozy dans l\u2019affaire du financement libyen ne devrait pas se d\u00e9rouler avant 2026.<\/p>\n<p>&nbsp;<\/p>\n<p><strong>Avec RFI<\/strong><\/p>\n","protected":false},"excerpt":{"rendered":"<p>C\u2019est la premi\u00e8re fois dans l\u2019histoire de la Ve r\u00e9publique qu\u2019un ancien pr\u00e9sident va dormir en prison. Nicolas Sarkozy a \u00e9t\u00e9 incarc\u00e9r\u00e9, ce mardi 21 octobre, \u00e0 la prison de la Sant\u00e9 \u00e0 Paris. Ses soutiens s\u2019\u00e9taient retrouv\u00e9s t\u00f4t ce matin devant son domicile parisien. Sur ses r\u00e9seaux sociaux, il promet \u00e0 ses supporteurs \u00ab [&hellip;]<\/p>\n","protected":false},"author":3,"featured_media":387,"comment_status":"open","ping_status":"open","sticky":false,"template":"","format":"standard","meta":{"footnotes":""},"categories":[61,3,18],"tags":[],"class_list":["post-386","post","type-post","status-publish","format-standard","has-post-thumbnail","hentry","category-a-la-une","category-actualite","category-international"],"yoast_head":"<!-- This site is optimized with the Yoast SEO plugin v27.5 - https:\/\/yoast.com\/product\/yoast-seo-wordpress\/ -->\n<title>Nicolas Sarkozy incarc\u00e9r\u00e9 \u00e0 la prison de la Sant\u00e9, la demande de mise en libert\u00e9 d\u00e9pos\u00e9e - Oeildupeuple224<\/title>\n<meta name=\"robots\" content=\"index, follow, max-snippet:-1, max-image-preview:large, max-video-preview:-1\" \/>\n<link rel=\"canonical\" href=\"https:\/\/oeildupeuple224.com\/index.php\/nicolas-sarkozy-incarcere-a-la-prison-de-la-sante-la-demande-de-mise-en-liberte-deposee\/\" \/>\n<meta property=\"og:locale\" content=\"fr_FR\" \/>\n<meta property=\"og:type\" content=\"article\" \/>\n<meta property=\"og:title\" content=\"Nicolas Sarkozy incarc\u00e9r\u00e9 \u00e0 la prison de la Sant\u00e9, la demande de mise en libert\u00e9 d\u00e9pos\u00e9e - Oeildupeuple224\" \/>\n<meta property=\"og:description\" content=\"C\u2019est la premi\u00e8re fois dans l\u2019histoire de la Ve r\u00e9publique qu\u2019un ancien pr\u00e9sident va dormir en prison. Nicolas Sarkozy a \u00e9t\u00e9 incarc\u00e9r\u00e9, ce mardi 21 octobre, \u00e0 la prison de la Sant\u00e9 \u00e0 Paris. Ses soutiens s\u2019\u00e9taient retrouv\u00e9s t\u00f4t ce matin devant son domicile parisien. Sur ses r\u00e9seaux sociaux, il promet \u00e0 ses supporteurs \u00ab [&hellip;]\" \/>\n<meta property=\"og:url\" content=\"https:\/\/oeildupeuple224.com\/index.php\/nicolas-sarkozy-incarcere-a-la-prison-de-la-sante-la-demande-de-mise-en-liberte-deposee\/\" \/>\n<meta property=\"og:site_name\" content=\"Oeildupeuple224\" \/>\n<meta property=\"article:published_time\" content=\"2025-10-21T20:13:06+00:00\" \/>\n<meta property=\"article:modified_time\" content=\"2025-10-21T20:13:46+00:00\" \/>\n<meta property=\"og:image\" content=\"https:\/\/oeildupeuple224.com\/wp-content\/uploads\/2025\/10\/sarkozi-1050x525-1.jpg\" \/>\n\t<meta property=\"og:image:width\" content=\"1050\" \/>\n\t<meta property=\"og:image:height\" content=\"525\" \/>\n\t<meta property=\"og:image:type\" content=\"image\/jpeg\" \/>\n<meta name=\"author\" content=\"Bolokada\" \/>\n<meta name=\"twitter:card\" content=\"summary_large_image\" \/>\n<meta name=\"twitter:label1\" content=\"\u00c9crit par\" \/>\n\t<meta name=\"twitter:data1\" content=\"Bolokada\" \/>\n\t<meta name=\"twitter:label2\" content=\"Dur\u00e9e de lecture estim\u00e9e\" \/>\n\t<meta name=\"twitter:data2\" content=\"3 minutes\" \/>\n<script type=\"application\/ld+json\" class=\"yoast-schema-graph\">{\"@context\":\"https:\\\/\\\/schema.org\",\"@graph\":[{\"@type\":\"Article\",\"@id\":\"https:\\\/\\\/oeildupeuple224.com\\\/index.php\\\/nicolas-sarkozy-incarcere-a-la-prison-de-la-sante-la-demande-de-mise-en-liberte-deposee\\\/#article\",\"isPartOf\":{\"@id\":\"https:\\\/\\\/oeildupeuple224.com\\\/index.php\\\/nicolas-sarkozy-incarcere-a-la-prison-de-la-sante-la-demande-de-mise-en-liberte-deposee\\\/\"},\"author\":{\"name\":\"Bolokada\",\"@id\":\"https:\\\/\\\/oeildupeuple224.com\\\/#\\\/schema\\\/person\\\/67af96d96d7c96ed77036e49ab98a3d1\"},\"headline\":\"Nicolas Sarkozy incarc\u00e9r\u00e9 \u00e0 la prison de la Sant\u00e9, la demande de mise en libert\u00e9 d\u00e9pos\u00e9e\",\"datePublished\":\"2025-10-21T20:13:06+00:00\",\"dateModified\":\"2025-10-21T20:13:46+00:00\",\"mainEntityOfPage\":{\"@id\":\"https:\\\/\\\/oeildupeuple224.com\\\/index.php\\\/nicolas-sarkozy-incarcere-a-la-prison-de-la-sante-la-demande-de-mise-en-liberte-deposee\\\/\"},\"wordCount\":540,\"commentCount\":0,\"image\":{\"@id\":\"https:\\\/\\\/oeildupeuple224.com\\\/index.php\\\/nicolas-sarkozy-incarcere-a-la-prison-de-la-sante-la-demande-de-mise-en-liberte-deposee\\\/#primaryimage\"},\"thumbnailUrl\":\"https:\\\/\\\/oeildupeuple224.com\\\/wp-content\\\/uploads\\\/2025\\\/10\\\/sarkozi-1050x525-1.jpg\",\"articleSection\":[\"A la Une\",\"Actualit\u00e9\",\"International\"],\"inLanguage\":\"fr-FR\",\"potentialAction\":[{\"@type\":\"CommentAction\",\"name\":\"Comment\",\"target\":[\"https:\\\/\\\/oeildupeuple224.com\\\/index.php\\\/nicolas-sarkozy-incarcere-a-la-prison-de-la-sante-la-demande-de-mise-en-liberte-deposee\\\/#respond\"]}]},{\"@type\":\"WebPage\",\"@id\":\"https:\\\/\\\/oeildupeuple224.com\\\/index.php\\\/nicolas-sarkozy-incarcere-a-la-prison-de-la-sante-la-demande-de-mise-en-liberte-deposee\\\/\",\"url\":\"https:\\\/\\\/oeildupeuple224.com\\\/index.php\\\/nicolas-sarkozy-incarcere-a-la-prison-de-la-sante-la-demande-de-mise-en-liberte-deposee\\\/\",\"name\":\"Nicolas Sarkozy incarc\u00e9r\u00e9 \u00e0 la prison de la Sant\u00e9, la demande de mise en libert\u00e9 d\u00e9pos\u00e9e - Oeildupeuple224\",\"isPartOf\":{\"@id\":\"https:\\\/\\\/oeildupeuple224.com\\\/#website\"},\"primaryImageOfPage\":{\"@id\":\"https:\\\/\\\/oeildupeuple224.com\\\/index.php\\\/nicolas-sarkozy-incarcere-a-la-prison-de-la-sante-la-demande-de-mise-en-liberte-deposee\\\/#primaryimage\"},\"image\":{\"@id\":\"https:\\\/\\\/oeildupeuple224.com\\\/index.php\\\/nicolas-sarkozy-incarcere-a-la-prison-de-la-sante-la-demande-de-mise-en-liberte-deposee\\\/#primaryimage\"},\"thumbnailUrl\":\"https:\\\/\\\/oeildupeuple224.com\\\/wp-content\\\/uploads\\\/2025\\\/10\\\/sarkozi-1050x525-1.jpg\",\"datePublished\":\"2025-10-21T20:13:06+00:00\",\"dateModified\":\"2025-10-21T20:13:46+00:00\",\"author\":{\"@id\":\"https:\\\/\\\/oeildupeuple224.com\\\/#\\\/schema\\\/person\\\/67af96d96d7c96ed77036e49ab98a3d1\"},\"breadcrumb\":{\"@id\":\"https:\\\/\\\/oeildupeuple224.com\\\/index.php\\\/nicolas-sarkozy-incarcere-a-la-prison-de-la-sante-la-demande-de-mise-en-liberte-deposee\\\/#breadcrumb\"},\"inLanguage\":\"fr-FR\",\"potentialAction\":[{\"@type\":\"ReadAction\",\"target\":[\"https:\\\/\\\/oeildupeuple224.com\\\/index.php\\\/nicolas-sarkozy-incarcere-a-la-prison-de-la-sante-la-demande-de-mise-en-liberte-deposee\\\/\"]}]},{\"@type\":\"ImageObject\",\"inLanguage\":\"fr-FR\",\"@id\":\"https:\\\/\\\/oeildupeuple224.com\\\/index.php\\\/nicolas-sarkozy-incarcere-a-la-prison-de-la-sante-la-demande-de-mise-en-liberte-deposee\\\/#primaryimage\",\"url\":\"https:\\\/\\\/oeildupeuple224.com\\\/wp-content\\\/uploads\\\/2025\\\/10\\\/sarkozi-1050x525-1.jpg\",\"contentUrl\":\"https:\\\/\\\/oeildupeuple224.com\\\/wp-content\\\/uploads\\\/2025\\\/10\\\/sarkozi-1050x525-1.jpg\",\"width\":1050,\"height\":525},{\"@type\":\"BreadcrumbList\",\"@id\":\"https:\\\/\\\/oeildupeuple224.com\\\/index.php\\\/nicolas-sarkozy-incarcere-a-la-prison-de-la-sante-la-demande-de-mise-en-liberte-deposee\\\/#breadcrumb\",\"itemListElement\":[{\"@type\":\"ListItem\",\"position\":1,\"name\":\"Home\",\"item\":\"https:\\\/\\\/oeildupeuple224.com\\\/\"},{\"@type\":\"ListItem\",\"position\":2,\"name\":\"Nicolas Sarkozy incarc\u00e9r\u00e9 \u00e0 la prison de la Sant\u00e9, la demande de mise en libert\u00e9 d\u00e9pos\u00e9e\"}]},{\"@type\":\"WebSite\",\"@id\":\"https:\\\/\\\/oeildupeuple224.com\\\/#website\",\"url\":\"https:\\\/\\\/oeildupeuple224.com\\\/\",\"name\":\"Oeildupeuple224\",\"description\":\"Le regard du peuple sur l&#039;actualit\u00e9\",\"potentialAction\":[{\"@type\":\"SearchAction\",\"target\":{\"@type\":\"EntryPoint\",\"urlTemplate\":\"https:\\\/\\\/oeildupeuple224.com\\\/?s={search_term_string}\"},\"query-input\":{\"@type\":\"PropertyValueSpecification\",\"valueRequired\":true,\"valueName\":\"search_term_string\"}}],\"inLanguage\":\"fr-FR\"},{\"@type\":\"Person\",\"@id\":\"https:\\\/\\\/oeildupeuple224.com\\\/#\\\/schema\\\/person\\\/67af96d96d7c96ed77036e49ab98a3d1\",\"name\":\"Bolokada\",\"image\":{\"@type\":\"ImageObject\",\"inLanguage\":\"fr-FR\",\"@id\":\"https:\\\/\\\/secure.gravatar.com\\\/avatar\\\/593ead1b1edfe657ed498637902872d2460fcdf9064121d046eb46b7d0659e3a?s=96&d=mm&r=g\",\"url\":\"https:\\\/\\\/secure.gravatar.com\\\/avatar\\\/593ead1b1edfe657ed498637902872d2460fcdf9064121d046eb46b7d0659e3a?s=96&d=mm&r=g\",\"contentUrl\":\"https:\\\/\\\/secure.gravatar.com\\\/avatar\\\/593ead1b1edfe657ed498637902872d2460fcdf9064121d046eb46b7d0659e3a?s=96&d=mm&r=g\",\"caption\":\"Bolokada\"},\"url\":\"https:\\\/\\\/oeildupeuple224.com\\\/index.php\\\/author\\\/bolokada\\\/\"}]}<\/script>\n<!-- \/ Yoast SEO plugin. -->","yoast_head_json":{"title":"Nicolas Sarkozy incarc\u00e9r\u00e9 \u00e0 la prison de la Sant\u00e9, la demande de mise en libert\u00e9 d\u00e9pos\u00e9e - Oeildupeuple224","robots":{"index":"index","follow":"follow","max-snippet":"max-snippet:-1","max-image-preview":"max-image-preview:large","max-video-preview":"max-video-preview:-1"},"canonical":"https:\/\/oeildupeuple224.com\/index.php\/nicolas-sarkozy-incarcere-a-la-prison-de-la-sante-la-demande-de-mise-en-liberte-deposee\/","og_locale":"fr_FR","og_type":"article","og_title":"Nicolas Sarkozy incarc\u00e9r\u00e9 \u00e0 la prison de la Sant\u00e9, la demande de mise en libert\u00e9 d\u00e9pos\u00e9e - Oeildupeuple224","og_description":"C\u2019est la premi\u00e8re fois dans l\u2019histoire de la Ve r\u00e9publique qu\u2019un ancien pr\u00e9sident va dormir en prison. Nicolas Sarkozy a \u00e9t\u00e9 incarc\u00e9r\u00e9, ce mardi 21 octobre, \u00e0 la prison de la Sant\u00e9 \u00e0 Paris. Ses soutiens s\u2019\u00e9taient retrouv\u00e9s t\u00f4t ce matin devant son domicile parisien. Sur ses r\u00e9seaux sociaux, il promet \u00e0 ses supporteurs \u00ab [&hellip;]","og_url":"https:\/\/oeildupeuple224.com\/index.php\/nicolas-sarkozy-incarcere-a-la-prison-de-la-sante-la-demande-de-mise-en-liberte-deposee\/","og_site_name":"Oeildupeuple224","article_published_time":"2025-10-21T20:13:06+00:00","article_modified_time":"2025-10-21T20:13:46+00:00","og_image":[{"width":1050,"height":525,"url":"https:\/\/oeildupeuple224.com\/wp-content\/uploads\/2025\/10\/sarkozi-1050x525-1.jpg","type":"image\/jpeg"}],"author":"Bolokada","twitter_card":"summary_large_image","twitter_misc":{"\u00c9crit par":"Bolokada","Dur\u00e9e de lecture estim\u00e9e":"3 minutes"},"schema":{"@context":"https:\/\/schema.org","@graph":[{"@type":"Article","@id":"https:\/\/oeildupeuple224.com\/index.php\/nicolas-sarkozy-incarcere-a-la-prison-de-la-sante-la-demande-de-mise-en-liberte-deposee\/#article","isPartOf":{"@id":"https:\/\/oeildupeuple224.com\/index.php\/nicolas-sarkozy-incarcere-a-la-prison-de-la-sante-la-demande-de-mise-en-liberte-deposee\/"},"author":{"name":"Bolokada","@id":"https:\/\/oeildupeuple224.com\/#\/schema\/person\/67af96d96d7c96ed77036e49ab98a3d1"},"headline":"Nicolas Sarkozy incarc\u00e9r\u00e9 \u00e0 la prison de la Sant\u00e9, la demande de mise en libert\u00e9 d\u00e9pos\u00e9e","datePublished":"2025-10-21T20:13:06+00:00","dateModified":"2025-10-21T20:13:46+00:00","mainEntityOfPage":{"@id":"https:\/\/oeildupeuple224.com\/index.php\/nicolas-sarkozy-incarcere-a-la-prison-de-la-sante-la-demande-de-mise-en-liberte-deposee\/"},"wordCount":540,"commentCount":0,"image":{"@id":"https:\/\/oeildupeuple224.com\/index.php\/nicolas-sarkozy-incarcere-a-la-prison-de-la-sante-la-demande-de-mise-en-liberte-deposee\/#primaryimage"},"thumbnailUrl":"https:\/\/oeildupeuple224.com\/wp-content\/uploads\/2025\/10\/sarkozi-1050x525-1.jpg","articleSection":["A la Une","Actualit\u00e9","International"],"inLanguage":"fr-FR","potentialAction":[{"@type":"CommentAction","name":"Comment","target":["https:\/\/oeildupeuple224.com\/index.php\/nicolas-sarkozy-incarcere-a-la-prison-de-la-sante-la-demande-de-mise-en-liberte-deposee\/#respond"]}]},{"@type":"WebPage","@id":"https:\/\/oeildupeuple224.com\/index.php\/nicolas-sarkozy-incarcere-a-la-prison-de-la-sante-la-demande-de-mise-en-liberte-deposee\/","url":"https:\/\/oeildupeuple224.com\/index.php\/nicolas-sarkozy-incarcere-a-la-prison-de-la-sante-la-demande-de-mise-en-liberte-deposee\/","name":"Nicolas Sarkozy incarc\u00e9r\u00e9 \u00e0 la prison de la Sant\u00e9, la demande de mise en libert\u00e9 d\u00e9pos\u00e9e - Oeildupeuple224","isPartOf":{"@id":"https:\/\/oeildupeuple224.com\/#website"},"primaryImageOfPage":{"@id":"https:\/\/oeildupeuple224.com\/index.php\/nicolas-sarkozy-incarcere-a-la-prison-de-la-sante-la-demande-de-mise-en-liberte-deposee\/#primaryimage"},"image":{"@id":"https:\/\/oeildupeuple224.com\/index.php\/nicolas-sarkozy-incarcere-a-la-prison-de-la-sante-la-demande-de-mise-en-liberte-deposee\/#primaryimage"},"thumbnailUrl":"https:\/\/oeildupeuple224.com\/wp-content\/uploads\/2025\/10\/sarkozi-1050x525-1.jpg","datePublished":"2025-10-21T20:13:06+00:00","dateModified":"2025-10-21T20:13:46+00:00","author":{"@id":"https:\/\/oeildupeuple224.com\/#\/schema\/person\/67af96d96d7c96ed77036e49ab98a3d1"},"breadcrumb":{"@id":"https:\/\/oeildupeuple224.com\/index.php\/nicolas-sarkozy-incarcere-a-la-prison-de-la-sante-la-demande-de-mise-en-liberte-deposee\/#breadcrumb"},"inLanguage":"fr-FR","potentialAction":[{"@type":"ReadAction","target":["https:\/\/oeildupeuple224.com\/index.php\/nicolas-sarkozy-incarcere-a-la-prison-de-la-sante-la-demande-de-mise-en-liberte-deposee\/"]}]},{"@type":"ImageObject","inLanguage":"fr-FR","@id":"https:\/\/oeildupeuple224.com\/index.php\/nicolas-sarkozy-incarcere-a-la-prison-de-la-sante-la-demande-de-mise-en-liberte-deposee\/#primaryimage","url":"https:\/\/oeildupeuple224.com\/wp-content\/uploads\/2025\/10\/sarkozi-1050x525-1.jpg","contentUrl":"https:\/\/oeildupeuple224.com\/wp-content\/uploads\/2025\/10\/sarkozi-1050x525-1.jpg","width":1050,"height":525},{"@type":"BreadcrumbList","@id":"https:\/\/oeildupeuple224.com\/index.php\/nicolas-sarkozy-incarcere-a-la-prison-de-la-sante-la-demande-de-mise-en-liberte-deposee\/#breadcrumb","itemListElement":[{"@type":"ListItem","position":1,"name":"Home","item":"https:\/\/oeildupeuple224.com\/"},{"@type":"ListItem","position":2,"name":"Nicolas Sarkozy incarc\u00e9r\u00e9 \u00e0 la prison de la Sant\u00e9, la demande de mise en libert\u00e9 d\u00e9pos\u00e9e"}]},{"@type":"WebSite","@id":"https:\/\/oeildupeuple224.com\/#website","url":"https:\/\/oeildupeuple224.com\/","name":"Oeildupeuple224","description":"Le regard du peuple sur l&#039;actualit\u00e9","potentialAction":[{"@type":"SearchAction","target":{"@type":"EntryPoint","urlTemplate":"https:\/\/oeildupeuple224.com\/?s={search_term_string}"},"query-input":{"@type":"PropertyValueSpecification","valueRequired":true,"valueName":"search_term_string"}}],"inLanguage":"fr-FR"},{"@type":"Person","@id":"https:\/\/oeildupeuple224.com\/#\/schema\/person\/67af96d96d7c96ed77036e49ab98a3d1","name":"Bolokada","image":{"@type":"ImageObject","inLanguage":"fr-FR","@id":"https:\/\/secure.gravatar.com\/avatar\/593ead1b1edfe657ed498637902872d2460fcdf9064121d046eb46b7d0659e3a?s=96&d=mm&r=g","url":"https:\/\/secure.gravatar.com\/avatar\/593ead1b1edfe657ed498637902872d2460fcdf9064121d046eb46b7d0659e3a?s=96&d=mm&r=g","contentUrl":"https:\/\/secure.gravatar.com\/avatar\/593ead1b1edfe657ed498637902872d2460fcdf9064121d046eb46b7d0659e3a?s=96&d=mm&r=g","caption":"Bolokada"},"url":"https:\/\/oeildupeuple224.com\/index.php\/author\/bolokada\/"}]}},"jetpack_featured_media_url":"https:\/\/oeildupeuple224.com\/wp-content\/uploads\/2025\/10\/sarkozi-1050x525-1.jpg","_links":{"self":[{"href":"https:\/\/oeildupeuple224.com\/index.php\/wp-json\/wp\/v2\/posts\/386","targetHints":{"allow":["GET"]}}],"collection":[{"href":"https:\/\/oeildupeuple224.com\/index.php\/wp-json\/wp\/v2\/posts"}],"about":[{"href":"https:\/\/oeildupeuple224.com\/index.php\/wp-json\/wp\/v2\/types\/post"}],"author":[{"embeddable":true,"href":"https:\/\/oeildupeuple224.com\/index.php\/wp-json\/wp\/v2\/users\/3"}],"replies":[{"embeddable":true,"href":"https:\/\/oeildupeuple224.com\/index.php\/wp-json\/wp\/v2\/comments?post=386"}],"version-history":[{"count":0,"href":"https:\/\/oeildupeuple224.com\/index.php\/wp-json\/wp\/v2\/posts\/386\/revisions"}],"wp:featuredmedia":[{"embeddable":true,"href":"https:\/\/oeildupeuple224.com\/index.php\/wp-json\/wp\/v2\/media\/387"}],"wp:attachment":[{"href":"https:\/\/oeildupeuple224.com\/index.php\/wp-json\/wp\/v2\/media?parent=386"}],"wp:term":[{"taxonomy":"category","embeddable":true,"href":"https:\/\/oeildupeuple224.com\/index.php\/wp-json\/wp\/v2\/categories?post=386"},{"taxonomy":"post_tag","embeddable":true,"href":"https:\/\/oeildupeuple224.com\/index.php\/wp-json\/wp\/v2\/tags?post=386"}],"curies":[{"name":"wp","href":"https:\/\/api.w.org\/{rel}","templated":true}]}}