{"id":382,"date":"2025-10-20T23:37:16","date_gmt":"2025-10-20T21:37:16","guid":{"rendered":"https:\/\/oeildupeuple224.com\/?p=382"},"modified":"2025-10-20T23:45:13","modified_gmt":"2025-10-20T21:45:13","slug":"sos-pour-le-journaliste-malik-diakite-alite-au-chu-de-donka","status":"publish","type":"post","link":"https:\/\/oeildupeuple224.com\/index.php\/sos-pour-le-journaliste-malik-diakite-alite-au-chu-de-donka\/","title":{"rendered":"SOS pour le journaliste Malik Diakit\u00e9, alit\u00e9 au CHU de Donka"},"content":{"rendered":"<p>C\u2019est un moment difficile pour la famille et les proches du journaliste Malik Diakit\u00e9, ancien reporter du site Guineematin.com. Victime d\u2019un grave accident de la route il y a quelques jours sur l\u2019axe Dabola, alors qu\u2019il voyageait \u00e0 bord d\u2019un v\u00e9hicule de transport en commun, Malik fait aujourd\u2019hui partie des survivants. Malheureusement, plusieurs passagers ont \u00e9t\u00e9 gri\u00e8vement bless\u00e9s, et lui-m\u00eame a subi de lourds traumatismes.<\/p>\n<p>&nbsp;<\/p>\n<p>Il souffre notamment d\u2019une fracture au bras et d\u2019une complication au niveau des reins. Son \u00e9tat n\u00e9cessite une intervention chirurgicale urgente. Cependant, les m\u00e9decins ont r\u00e9cemment constat\u00e9 une perte importante de sang, rendant l\u2019op\u00e9ration impossible tant qu\u2019une transfusion n\u2019est pas effectu\u00e9e.<\/p>\n<p>&nbsp;<\/p>\n<p>Malik a un besoin vital de deux poches de sang du groupe B-. Gr\u00e2ce \u00e0 la solidarit\u00e9 de quelques cons\u0153urs, une premi\u00e8re poche a \u00e9t\u00e9 obtenue. Il ne manque donc plus qu\u2019une seule poche pour qu\u2019il puisse \u00eatre op\u00e9r\u00e9.<\/p>\n<p>&nbsp;<\/p>\n<p>Nous lan\u00e7ons un appel pressant \u00e0 toutes les bonnes volont\u00e9s, en particulier aux personnes de groupe sanguin B-, de bien vouloir se mobiliser pour sauver une vie.<\/p>\n<p>&nbsp;<\/p>\n<p><strong>Contact pour aide ou don de sang : 626 63 41 01<\/strong><\/p>\n","protected":false},"excerpt":{"rendered":"<p>C\u2019est un moment difficile pour la famille et les proches du journaliste Malik Diakit\u00e9, ancien reporter du site Guineematin.com. Victime d\u2019un grave accident de la route il y a quelques jours sur l\u2019axe Dabola, alors qu\u2019il voyageait \u00e0 bord d\u2019un v\u00e9hicule de transport en commun, Malik fait aujourd\u2019hui partie des survivants. Malheureusement, plusieurs passagers ont [&hellip;]<\/p>\n","protected":false},"author":3,"featured_media":383,"comment_status":"open","ping_status":"open","sticky":false,"template":"","format":"standard","meta":{"footnotes":""},"categories":[61,3,9],"tags":[],"class_list":["post-382","post","type-post","status-publish","format-standard","has-post-thumbnail","hentry","category-a-la-une","category-actualite","category-societe"],"yoast_head":"<!-- This site is optimized with the Yoast SEO plugin v27.5 - https:\/\/yoast.com\/product\/yoast-seo-wordpress\/ -->\n<title>SOS pour le journaliste Malik Diakit\u00e9, alit\u00e9 au CHU de Donka - Oeildupeuple224<\/title>\n<meta name=\"robots\" content=\"index, follow, max-snippet:-1, max-image-preview:large, max-video-preview:-1\" \/>\n<link rel=\"canonical\" href=\"https:\/\/oeildupeuple224.com\/index.php\/sos-pour-le-journaliste-malik-diakite-alite-au-chu-de-donka\/\" \/>\n<meta property=\"og:locale\" content=\"fr_FR\" \/>\n<meta property=\"og:type\" content=\"article\" \/>\n<meta property=\"og:title\" content=\"SOS pour le journaliste Malik Diakit\u00e9, alit\u00e9 au CHU de Donka - Oeildupeuple224\" \/>\n<meta property=\"og:description\" content=\"C\u2019est un moment difficile pour la famille et les proches du journaliste Malik Diakit\u00e9, ancien reporter du site Guineematin.com. Victime d\u2019un grave accident de la route il y a quelques jours sur l\u2019axe Dabola, alors qu\u2019il voyageait \u00e0 bord d\u2019un v\u00e9hicule de transport en commun, Malik fait aujourd\u2019hui partie des survivants. Malheureusement, plusieurs passagers ont [&hellip;]\" \/>\n<meta property=\"og:url\" content=\"https:\/\/oeildupeuple224.com\/index.php\/sos-pour-le-journaliste-malik-diakite-alite-au-chu-de-donka\/\" \/>\n<meta property=\"og:site_name\" content=\"Oeildupeuple224\" \/>\n<meta property=\"article:published_time\" content=\"2025-10-20T21:37:16+00:00\" \/>\n<meta property=\"article:modified_time\" content=\"2025-10-20T21:45:13+00:00\" \/>\n<meta property=\"og:image\" content=\"https:\/\/oeildupeuple224.com\/wp-content\/uploads\/2025\/10\/fb-img-1760991124419.jpg\" \/>\n\t<meta property=\"og:image:width\" content=\"1008\" \/>\n\t<meta property=\"og:image:height\" content=\"1011\" \/>\n\t<meta property=\"og:image:type\" content=\"image\/jpeg\" \/>\n<meta name=\"author\" content=\"Bolokada\" \/>\n<meta name=\"twitter:card\" content=\"summary_large_image\" \/>\n<meta name=\"twitter:label1\" content=\"\u00c9crit par\" \/>\n\t<meta name=\"twitter:data1\" content=\"Bolokada\" \/>\n\t<meta name=\"twitter:label2\" content=\"Dur\u00e9e de lecture estim\u00e9e\" \/>\n\t<meta name=\"twitter:data2\" content=\"2 minutes\" \/>\n<script type=\"application\/ld+json\" class=\"yoast-schema-graph\">{\"@context\":\"https:\\\/\\\/schema.org\",\"@graph\":[{\"@type\":\"Article\",\"@id\":\"https:\\\/\\\/oeildupeuple224.com\\\/index.php\\\/sos-pour-le-journaliste-malik-diakite-alite-au-chu-de-donka\\\/#article\",\"isPartOf\":{\"@id\":\"https:\\\/\\\/oeildupeuple224.com\\\/index.php\\\/sos-pour-le-journaliste-malik-diakite-alite-au-chu-de-donka\\\/\"},\"author\":{\"name\":\"Bolokada\",\"@id\":\"https:\\\/\\\/oeildupeuple224.com\\\/#\\\/schema\\\/person\\\/67af96d96d7c96ed77036e49ab98a3d1\"},\"headline\":\"SOS pour le journaliste Malik Diakit\u00e9, alit\u00e9 au CHU de Donka\",\"datePublished\":\"2025-10-20T21:37:16+00:00\",\"dateModified\":\"2025-10-20T21:45:13+00:00\",\"mainEntityOfPage\":{\"@id\":\"https:\\\/\\\/oeildupeuple224.com\\\/index.php\\\/sos-pour-le-journaliste-malik-diakite-alite-au-chu-de-donka\\\/\"},\"wordCount\":220,\"commentCount\":0,\"image\":{\"@id\":\"https:\\\/\\\/oeildupeuple224.com\\\/index.php\\\/sos-pour-le-journaliste-malik-diakite-alite-au-chu-de-donka\\\/#primaryimage\"},\"thumbnailUrl\":\"https:\\\/\\\/oeildupeuple224.com\\\/wp-content\\\/uploads\\\/2025\\\/10\\\/fb-img-1760991124419.jpg\",\"articleSection\":[\"A la Une\",\"Actualit\u00e9\",\"Soci\u00e9t\u00e9\"],\"inLanguage\":\"fr-FR\",\"potentialAction\":[{\"@type\":\"CommentAction\",\"name\":\"Comment\",\"target\":[\"https:\\\/\\\/oeildupeuple224.com\\\/index.php\\\/sos-pour-le-journaliste-malik-diakite-alite-au-chu-de-donka\\\/#respond\"]}]},{\"@type\":\"WebPage\",\"@id\":\"https:\\\/\\\/oeildupeuple224.com\\\/index.php\\\/sos-pour-le-journaliste-malik-diakite-alite-au-chu-de-donka\\\/\",\"url\":\"https:\\\/\\\/oeildupeuple224.com\\\/index.php\\\/sos-pour-le-journaliste-malik-diakite-alite-au-chu-de-donka\\\/\",\"name\":\"SOS pour le journaliste Malik Diakit\u00e9, alit\u00e9 au CHU de Donka - Oeildupeuple224\",\"isPartOf\":{\"@id\":\"https:\\\/\\\/oeildupeuple224.com\\\/#website\"},\"primaryImageOfPage\":{\"@id\":\"https:\\\/\\\/oeildupeuple224.com\\\/index.php\\\/sos-pour-le-journaliste-malik-diakite-alite-au-chu-de-donka\\\/#primaryimage\"},\"image\":{\"@id\":\"https:\\\/\\\/oeildupeuple224.com\\\/index.php\\\/sos-pour-le-journaliste-malik-diakite-alite-au-chu-de-donka\\\/#primaryimage\"},\"thumbnailUrl\":\"https:\\\/\\\/oeildupeuple224.com\\\/wp-content\\\/uploads\\\/2025\\\/10\\\/fb-img-1760991124419.jpg\",\"datePublished\":\"2025-10-20T21:37:16+00:00\",\"dateModified\":\"2025-10-20T21:45:13+00:00\",\"author\":{\"@id\":\"https:\\\/\\\/oeildupeuple224.com\\\/#\\\/schema\\\/person\\\/67af96d96d7c96ed77036e49ab98a3d1\"},\"breadcrumb\":{\"@id\":\"https:\\\/\\\/oeildupeuple224.com\\\/index.php\\\/sos-pour-le-journaliste-malik-diakite-alite-au-chu-de-donka\\\/#breadcrumb\"},\"inLanguage\":\"fr-FR\",\"potentialAction\":[{\"@type\":\"ReadAction\",\"target\":[\"https:\\\/\\\/oeildupeuple224.com\\\/index.php\\\/sos-pour-le-journaliste-malik-diakite-alite-au-chu-de-donka\\\/\"]}]},{\"@type\":\"ImageObject\",\"inLanguage\":\"fr-FR\",\"@id\":\"https:\\\/\\\/oeildupeuple224.com\\\/index.php\\\/sos-pour-le-journaliste-malik-diakite-alite-au-chu-de-donka\\\/#primaryimage\",\"url\":\"https:\\\/\\\/oeildupeuple224.com\\\/wp-content\\\/uploads\\\/2025\\\/10\\\/fb-img-1760991124419.jpg\",\"contentUrl\":\"https:\\\/\\\/oeildupeuple224.com\\\/wp-content\\\/uploads\\\/2025\\\/10\\\/fb-img-1760991124419.jpg\",\"width\":1008,\"height\":1011},{\"@type\":\"BreadcrumbList\",\"@id\":\"https:\\\/\\\/oeildupeuple224.com\\\/index.php\\\/sos-pour-le-journaliste-malik-diakite-alite-au-chu-de-donka\\\/#breadcrumb\",\"itemListElement\":[{\"@type\":\"ListItem\",\"position\":1,\"name\":\"Home\",\"item\":\"https:\\\/\\\/oeildupeuple224.com\\\/\"},{\"@type\":\"ListItem\",\"position\":2,\"name\":\"SOS pour le journaliste Malik Diakit\u00e9, alit\u00e9 au CHU de Donka\"}]},{\"@type\":\"WebSite\",\"@id\":\"https:\\\/\\\/oeildupeuple224.com\\\/#website\",\"url\":\"https:\\\/\\\/oeildupeuple224.com\\\/\",\"name\":\"Oeildupeuple224\",\"description\":\"Le regard du peuple sur l&#039;actualit\u00e9\",\"potentialAction\":[{\"@type\":\"SearchAction\",\"target\":{\"@type\":\"EntryPoint\",\"urlTemplate\":\"https:\\\/\\\/oeildupeuple224.com\\\/?s={search_term_string}\"},\"query-input\":{\"@type\":\"PropertyValueSpecification\",\"valueRequired\":true,\"valueName\":\"search_term_string\"}}],\"inLanguage\":\"fr-FR\"},{\"@type\":\"Person\",\"@id\":\"https:\\\/\\\/oeildupeuple224.com\\\/#\\\/schema\\\/person\\\/67af96d96d7c96ed77036e49ab98a3d1\",\"name\":\"Bolokada\",\"image\":{\"@type\":\"ImageObject\",\"inLanguage\":\"fr-FR\",\"@id\":\"https:\\\/\\\/secure.gravatar.com\\\/avatar\\\/593ead1b1edfe657ed498637902872d2460fcdf9064121d046eb46b7d0659e3a?s=96&d=mm&r=g\",\"url\":\"https:\\\/\\\/secure.gravatar.com\\\/avatar\\\/593ead1b1edfe657ed498637902872d2460fcdf9064121d046eb46b7d0659e3a?s=96&d=mm&r=g\",\"contentUrl\":\"https:\\\/\\\/secure.gravatar.com\\\/avatar\\\/593ead1b1edfe657ed498637902872d2460fcdf9064121d046eb46b7d0659e3a?s=96&d=mm&r=g\",\"caption\":\"Bolokada\"},\"url\":\"https:\\\/\\\/oeildupeuple224.com\\\/index.php\\\/author\\\/bolokada\\\/\"}]}<\/script>\n<!-- \/ Yoast SEO plugin. -->","yoast_head_json":{"title":"SOS pour le journaliste Malik Diakit\u00e9, alit\u00e9 au CHU de Donka - Oeildupeuple224","robots":{"index":"index","follow":"follow","max-snippet":"max-snippet:-1","max-image-preview":"max-image-preview:large","max-video-preview":"max-video-preview:-1"},"canonical":"https:\/\/oeildupeuple224.com\/index.php\/sos-pour-le-journaliste-malik-diakite-alite-au-chu-de-donka\/","og_locale":"fr_FR","og_type":"article","og_title":"SOS pour le journaliste Malik Diakit\u00e9, alit\u00e9 au CHU de Donka - Oeildupeuple224","og_description":"C\u2019est un moment difficile pour la famille et les proches du journaliste Malik Diakit\u00e9, ancien reporter du site Guineematin.com. Victime d\u2019un grave accident de la route il y a quelques jours sur l\u2019axe Dabola, alors qu\u2019il voyageait \u00e0 bord d\u2019un v\u00e9hicule de transport en commun, Malik fait aujourd\u2019hui partie des survivants. Malheureusement, plusieurs passagers ont [&hellip;]","og_url":"https:\/\/oeildupeuple224.com\/index.php\/sos-pour-le-journaliste-malik-diakite-alite-au-chu-de-donka\/","og_site_name":"Oeildupeuple224","article_published_time":"2025-10-20T21:37:16+00:00","article_modified_time":"2025-10-20T21:45:13+00:00","og_image":[{"width":1008,"height":1011,"url":"https:\/\/oeildupeuple224.com\/wp-content\/uploads\/2025\/10\/fb-img-1760991124419.jpg","type":"image\/jpeg"}],"author":"Bolokada","twitter_card":"summary_large_image","twitter_misc":{"\u00c9crit par":"Bolokada","Dur\u00e9e de lecture estim\u00e9e":"2 minutes"},"schema":{"@context":"https:\/\/schema.org","@graph":[{"@type":"Article","@id":"https:\/\/oeildupeuple224.com\/index.php\/sos-pour-le-journaliste-malik-diakite-alite-au-chu-de-donka\/#article","isPartOf":{"@id":"https:\/\/oeildupeuple224.com\/index.php\/sos-pour-le-journaliste-malik-diakite-alite-au-chu-de-donka\/"},"author":{"name":"Bolokada","@id":"https:\/\/oeildupeuple224.com\/#\/schema\/person\/67af96d96d7c96ed77036e49ab98a3d1"},"headline":"SOS pour le journaliste Malik Diakit\u00e9, alit\u00e9 au CHU de Donka","datePublished":"2025-10-20T21:37:16+00:00","dateModified":"2025-10-20T21:45:13+00:00","mainEntityOfPage":{"@id":"https:\/\/oeildupeuple224.com\/index.php\/sos-pour-le-journaliste-malik-diakite-alite-au-chu-de-donka\/"},"wordCount":220,"commentCount":0,"image":{"@id":"https:\/\/oeildupeuple224.com\/index.php\/sos-pour-le-journaliste-malik-diakite-alite-au-chu-de-donka\/#primaryimage"},"thumbnailUrl":"https:\/\/oeildupeuple224.com\/wp-content\/uploads\/2025\/10\/fb-img-1760991124419.jpg","articleSection":["A la Une","Actualit\u00e9","Soci\u00e9t\u00e9"],"inLanguage":"fr-FR","potentialAction":[{"@type":"CommentAction","name":"Comment","target":["https:\/\/oeildupeuple224.com\/index.php\/sos-pour-le-journaliste-malik-diakite-alite-au-chu-de-donka\/#respond"]}]},{"@type":"WebPage","@id":"https:\/\/oeildupeuple224.com\/index.php\/sos-pour-le-journaliste-malik-diakite-alite-au-chu-de-donka\/","url":"https:\/\/oeildupeuple224.com\/index.php\/sos-pour-le-journaliste-malik-diakite-alite-au-chu-de-donka\/","name":"SOS pour le journaliste Malik Diakit\u00e9, alit\u00e9 au CHU de Donka - Oeildupeuple224","isPartOf":{"@id":"https:\/\/oeildupeuple224.com\/#website"},"primaryImageOfPage":{"@id":"https:\/\/oeildupeuple224.com\/index.php\/sos-pour-le-journaliste-malik-diakite-alite-au-chu-de-donka\/#primaryimage"},"image":{"@id":"https:\/\/oeildupeuple224.com\/index.php\/sos-pour-le-journaliste-malik-diakite-alite-au-chu-de-donka\/#primaryimage"},"thumbnailUrl":"https:\/\/oeildupeuple224.com\/wp-content\/uploads\/2025\/10\/fb-img-1760991124419.jpg","datePublished":"2025-10-20T21:37:16+00:00","dateModified":"2025-10-20T21:45:13+00:00","author":{"@id":"https:\/\/oeildupeuple224.com\/#\/schema\/person\/67af96d96d7c96ed77036e49ab98a3d1"},"breadcrumb":{"@id":"https:\/\/oeildupeuple224.com\/index.php\/sos-pour-le-journaliste-malik-diakite-alite-au-chu-de-donka\/#breadcrumb"},"inLanguage":"fr-FR","potentialAction":[{"@type":"ReadAction","target":["https:\/\/oeildupeuple224.com\/index.php\/sos-pour-le-journaliste-malik-diakite-alite-au-chu-de-donka\/"]}]},{"@type":"ImageObject","inLanguage":"fr-FR","@id":"https:\/\/oeildupeuple224.com\/index.php\/sos-pour-le-journaliste-malik-diakite-alite-au-chu-de-donka\/#primaryimage","url":"https:\/\/oeildupeuple224.com\/wp-content\/uploads\/2025\/10\/fb-img-1760991124419.jpg","contentUrl":"https:\/\/oeildupeuple224.com\/wp-content\/uploads\/2025\/10\/fb-img-1760991124419.jpg","width":1008,"height":1011},{"@type":"BreadcrumbList","@id":"https:\/\/oeildupeuple224.com\/index.php\/sos-pour-le-journaliste-malik-diakite-alite-au-chu-de-donka\/#breadcrumb","itemListElement":[{"@type":"ListItem","position":1,"name":"Home","item":"https:\/\/oeildupeuple224.com\/"},{"@type":"ListItem","position":2,"name":"SOS pour le journaliste Malik Diakit\u00e9, alit\u00e9 au CHU de Donka"}]},{"@type":"WebSite","@id":"https:\/\/oeildupeuple224.com\/#website","url":"https:\/\/oeildupeuple224.com\/","name":"Oeildupeuple224","description":"Le regard du peuple sur l&#039;actualit\u00e9","potentialAction":[{"@type":"SearchAction","target":{"@type":"EntryPoint","urlTemplate":"https:\/\/oeildupeuple224.com\/?s={search_term_string}"},"query-input":{"@type":"PropertyValueSpecification","valueRequired":true,"valueName":"search_term_string"}}],"inLanguage":"fr-FR"},{"@type":"Person","@id":"https:\/\/oeildupeuple224.com\/#\/schema\/person\/67af96d96d7c96ed77036e49ab98a3d1","name":"Bolokada","image":{"@type":"ImageObject","inLanguage":"fr-FR","@id":"https:\/\/secure.gravatar.com\/avatar\/593ead1b1edfe657ed498637902872d2460fcdf9064121d046eb46b7d0659e3a?s=96&d=mm&r=g","url":"https:\/\/secure.gravatar.com\/avatar\/593ead1b1edfe657ed498637902872d2460fcdf9064121d046eb46b7d0659e3a?s=96&d=mm&r=g","contentUrl":"https:\/\/secure.gravatar.com\/avatar\/593ead1b1edfe657ed498637902872d2460fcdf9064121d046eb46b7d0659e3a?s=96&d=mm&r=g","caption":"Bolokada"},"url":"https:\/\/oeildupeuple224.com\/index.php\/author\/bolokada\/"}]}},"jetpack_featured_media_url":"https:\/\/oeildupeuple224.com\/wp-content\/uploads\/2025\/10\/fb-img-1760991124419.jpg","_links":{"self":[{"href":"https:\/\/oeildupeuple224.com\/index.php\/wp-json\/wp\/v2\/posts\/382","targetHints":{"allow":["GET"]}}],"collection":[{"href":"https:\/\/oeildupeuple224.com\/index.php\/wp-json\/wp\/v2\/posts"}],"about":[{"href":"https:\/\/oeildupeuple224.com\/index.php\/wp-json\/wp\/v2\/types\/post"}],"author":[{"embeddable":true,"href":"https:\/\/oeildupeuple224.com\/index.php\/wp-json\/wp\/v2\/users\/3"}],"replies":[{"embeddable":true,"href":"https:\/\/oeildupeuple224.com\/index.php\/wp-json\/wp\/v2\/comments?post=382"}],"version-history":[{"count":0,"href":"https:\/\/oeildupeuple224.com\/index.php\/wp-json\/wp\/v2\/posts\/382\/revisions"}],"wp:featuredmedia":[{"embeddable":true,"href":"https:\/\/oeildupeuple224.com\/index.php\/wp-json\/wp\/v2\/media\/383"}],"wp:attachment":[{"href":"https:\/\/oeildupeuple224.com\/index.php\/wp-json\/wp\/v2\/media?parent=382"}],"wp:term":[{"taxonomy":"category","embeddable":true,"href":"https:\/\/oeildupeuple224.com\/index.php\/wp-json\/wp\/v2\/categories?post=382"},{"taxonomy":"post_tag","embeddable":true,"href":"https:\/\/oeildupeuple224.com\/index.php\/wp-json\/wp\/v2\/tags?post=382"}],"curies":[{"name":"wp","href":"https:\/\/api.w.org\/{rel}","templated":true}]}}