{"id":377,"date":"2025-10-20T00:31:06","date_gmt":"2025-10-19T22:31:06","guid":{"rendered":"https:\/\/oeildupeuple224.com\/?p=377"},"modified":"2025-10-20T00:31:06","modified_gmt":"2025-10-19T22:31:06","slug":"mort-de-raila-odinga-des-milliers-de-kenyans-reunis-a-bondo-pour-les-obseques-du-leader-de-lopposition","status":"publish","type":"post","link":"https:\/\/oeildupeuple224.com\/index.php\/mort-de-raila-odinga-des-milliers-de-kenyans-reunis-a-bondo-pour-les-obseques-du-leader-de-lopposition\/","title":{"rendered":"Mort de Raila Odinga : des milliers de K\u00e9nyans r\u00e9unis \u00e0 Bondo pour les obs\u00e8ques du leader de l\u2019opposition"},"content":{"rendered":"<p>Des milliers de personnes ont assist\u00e9 ce dimanche aux obs\u00e8ques nationales de Raila Odinga, figure embl\u00e9matique de la politique k\u00e9nyane, inhum\u00e9 aux c\u00f4t\u00e9s de son p\u00e8re dans le mausol\u00e9e familial de Bondo, dans l\u2019ouest du pays. L\u2019\u00e9motion et la ferveur populaire ont marqu\u00e9 cette journ\u00e9e d\u2019adieu \u00e0 celui que beaucoup surnommaient \u00ab Baba \u00bb.<\/p>\n<p>&nbsp;<\/p>\n<p>Une c\u00e9r\u00e9monie \u00e9mouvante \u00e0 Bondo<\/p>\n<p>Recouvert du drapeau k\u00e9nyan, le cercueil de Raila Odinga a \u00e9t\u00e9 accueilli par une mar\u00e9e humaine \u00e0 l\u2019universit\u00e9 locale, o\u00f9 se sont tenues les c\u00e9r\u00e9monies officielles. Les hommages se sont succ\u00e9d\u00e9 tout au long de la journ\u00e9e, ponctu\u00e9s d\u2019\u00e9loges vibrants et de souvenirs marquants.<\/p>\n<p>&nbsp;<\/p>\n<p>Son fr\u00e8re Oburu Odinga, profond\u00e9ment \u00e9mu, a rappel\u00e9 le courage de l\u2019ancien Premier ministre :<\/p>\n<p>&nbsp;<\/p>\n<p>\u00ab En 1982, lors de la tentative de coup d\u2019\u00c9tat, Raila a \u00e9t\u00e9 arr\u00eat\u00e9 et accus\u00e9 de trahison. Je l\u2019ai vu \u00e0 la prison de Kamiti, v\u00eatu de l\u2019uniforme des condamn\u00e9s \u00e0 mort. J\u2019ai pleur\u00e9, mais lui riait. Raila n\u2019a jamais eu peur quand il se battait pour la justice. \u00bb<\/p>\n<p>&nbsp;<\/p>\n<p>Des hommages politiques et un appel \u00e0 l\u2019unit\u00e9<\/p>\n<p>Les discours ont aussi pris une dimension politique. Plusieurs dirigeants du parti ODM (Orange Democratic Movement) ont exhort\u00e9 les partisans de Raila Odinga \u00e0 pr\u00e9server l\u2019unit\u00e9 du mouvement.<\/p>\n<p>&nbsp;<\/p>\n<p>Le pr\u00e9sident William Ruto, pr\u00e9sent aux c\u00f4t\u00e9s de la famille, a salu\u00e9 l\u2019h\u00e9ritage politique du d\u00e9funt :<\/p>\n<p>&nbsp;<\/p>\n<p>\u00ab Baba croyait en la d\u00e9mocratie et aux partis politiques. Il a b\u00e2ti le plus grand parti du Kenya, l\u2019ODM. Nous veillerons \u00e0 ce qu\u2019il reste fort et uni \u00e0 l\u2019approche des \u00e9lections de 2027. \u00bb<\/p>\n<p>&nbsp;<\/p>\n<p>Un dernier hommage \u00e0 une figure historique<\/p>\n<p>Cinq fois candidat malheureux \u00e0 la pr\u00e9sidentielle, Raila Odinga, ancien Premier ministre et leader de l\u2019opposition, est d\u00e9c\u00e9d\u00e9 le 15 octobre 2025 en Inde, \u00e0 l\u2019\u00e2ge de 80 ans. Son d\u00e9c\u00e8s a plong\u00e9 le pays dans une vive \u00e9motion. Le retour de sa d\u00e9pouille au Kenya a \u00e9t\u00e9 marqu\u00e9 par trois jours de ferveur populaire, au cours desquels cinq personnes ont perdu la vie dans des mouvements de foule \u00e0 Nairobi.<\/p>\n<p>&nbsp;<\/p>\n<p>\u00c0 Bondo, la foule a envahi le cimeti\u00e8re pour rendre un dernier hommage \u00e0 celui qui a marqu\u00e9 des d\u00e9cennies de lutte pour la d\u00e9mocratie et la justice sociale au Kenya.<\/p>\n<p>Avec Agence<\/p>\n","protected":false},"excerpt":{"rendered":"<p>Des milliers de personnes ont assist\u00e9 ce dimanche aux obs\u00e8ques nationales de Raila Odinga, figure embl\u00e9matique de la politique k\u00e9nyane, inhum\u00e9 aux c\u00f4t\u00e9s de son p\u00e8re dans le mausol\u00e9e familial de Bondo, dans l\u2019ouest du pays. L\u2019\u00e9motion et la ferveur populaire ont marqu\u00e9 cette journ\u00e9e d\u2019adieu \u00e0 celui que beaucoup surnommaient \u00ab Baba \u00bb. &nbsp; [&hellip;]<\/p>\n","protected":false},"author":3,"featured_media":378,"comment_status":"open","ping_status":"open","sticky":false,"template":"","format":"standard","meta":{"footnotes":""},"categories":[61,3,18],"tags":[],"class_list":["post-377","post","type-post","status-publish","format-standard","has-post-thumbnail","hentry","category-a-la-une","category-actualite","category-international"],"yoast_head":"<!-- This site is optimized with the Yoast SEO plugin v27.5 - https:\/\/yoast.com\/product\/yoast-seo-wordpress\/ -->\n<title>Mort de Raila Odinga : des milliers de K\u00e9nyans r\u00e9unis \u00e0 Bondo pour les obs\u00e8ques du leader de l\u2019opposition - Oeildupeuple224<\/title>\n<meta name=\"robots\" content=\"index, follow, max-snippet:-1, max-image-preview:large, max-video-preview:-1\" \/>\n<link rel=\"canonical\" href=\"https:\/\/oeildupeuple224.com\/index.php\/mort-de-raila-odinga-des-milliers-de-kenyans-reunis-a-bondo-pour-les-obseques-du-leader-de-lopposition\/\" \/>\n<meta property=\"og:locale\" content=\"fr_FR\" \/>\n<meta property=\"og:type\" content=\"article\" \/>\n<meta property=\"og:title\" content=\"Mort de Raila Odinga : des milliers de K\u00e9nyans r\u00e9unis \u00e0 Bondo pour les obs\u00e8ques du leader de l\u2019opposition - Oeildupeuple224\" \/>\n<meta property=\"og:description\" content=\"Des milliers de personnes ont assist\u00e9 ce dimanche aux obs\u00e8ques nationales de Raila Odinga, figure embl\u00e9matique de la politique k\u00e9nyane, inhum\u00e9 aux c\u00f4t\u00e9s de son p\u00e8re dans le mausol\u00e9e familial de Bondo, dans l\u2019ouest du pays. L\u2019\u00e9motion et la ferveur populaire ont marqu\u00e9 cette journ\u00e9e d\u2019adieu \u00e0 celui que beaucoup surnommaient \u00ab Baba \u00bb. &nbsp; [&hellip;]\" \/>\n<meta property=\"og:url\" content=\"https:\/\/oeildupeuple224.com\/index.php\/mort-de-raila-odinga-des-milliers-de-kenyans-reunis-a-bondo-pour-les-obseques-du-leader-de-lopposition\/\" \/>\n<meta property=\"og:site_name\" content=\"Oeildupeuple224\" \/>\n<meta property=\"article:published_time\" content=\"2025-10-19T22:31:06+00:00\" \/>\n<meta property=\"og:image\" content=\"https:\/\/oeildupeuple224.com\/wp-content\/uploads\/2025\/10\/screenshot-20251019-200522-chrome.jpg\" \/>\n\t<meta property=\"og:image:width\" content=\"1080\" \/>\n\t<meta property=\"og:image:height\" content=\"597\" \/>\n\t<meta property=\"og:image:type\" content=\"image\/jpeg\" \/>\n<meta name=\"author\" content=\"Bolokada\" \/>\n<meta name=\"twitter:card\" content=\"summary_large_image\" \/>\n<meta name=\"twitter:label1\" content=\"\u00c9crit par\" \/>\n\t<meta name=\"twitter:data1\" content=\"Bolokada\" \/>\n\t<meta name=\"twitter:label2\" content=\"Dur\u00e9e de lecture estim\u00e9e\" \/>\n\t<meta name=\"twitter:data2\" content=\"3 minutes\" \/>\n<script type=\"application\/ld+json\" class=\"yoast-schema-graph\">{\"@context\":\"https:\\\/\\\/schema.org\",\"@graph\":[{\"@type\":\"Article\",\"@id\":\"https:\\\/\\\/oeildupeuple224.com\\\/index.php\\\/mort-de-raila-odinga-des-milliers-de-kenyans-reunis-a-bondo-pour-les-obseques-du-leader-de-lopposition\\\/#article\",\"isPartOf\":{\"@id\":\"https:\\\/\\\/oeildupeuple224.com\\\/index.php\\\/mort-de-raila-odinga-des-milliers-de-kenyans-reunis-a-bondo-pour-les-obseques-du-leader-de-lopposition\\\/\"},\"author\":{\"name\":\"Bolokada\",\"@id\":\"https:\\\/\\\/oeildupeuple224.com\\\/#\\\/schema\\\/person\\\/67af96d96d7c96ed77036e49ab98a3d1\"},\"headline\":\"Mort de Raila Odinga : des milliers de K\u00e9nyans r\u00e9unis \u00e0 Bondo pour les obs\u00e8ques du leader de l\u2019opposition\",\"datePublished\":\"2025-10-19T22:31:06+00:00\",\"mainEntityOfPage\":{\"@id\":\"https:\\\/\\\/oeildupeuple224.com\\\/index.php\\\/mort-de-raila-odinga-des-milliers-de-kenyans-reunis-a-bondo-pour-les-obseques-du-leader-de-lopposition\\\/\"},\"wordCount\":429,\"commentCount\":0,\"image\":{\"@id\":\"https:\\\/\\\/oeildupeuple224.com\\\/index.php\\\/mort-de-raila-odinga-des-milliers-de-kenyans-reunis-a-bondo-pour-les-obseques-du-leader-de-lopposition\\\/#primaryimage\"},\"thumbnailUrl\":\"https:\\\/\\\/oeildupeuple224.com\\\/wp-content\\\/uploads\\\/2025\\\/10\\\/screenshot-20251019-200522-chrome.jpg\",\"articleSection\":[\"A la Une\",\"Actualit\u00e9\",\"International\"],\"inLanguage\":\"fr-FR\",\"potentialAction\":[{\"@type\":\"CommentAction\",\"name\":\"Comment\",\"target\":[\"https:\\\/\\\/oeildupeuple224.com\\\/index.php\\\/mort-de-raila-odinga-des-milliers-de-kenyans-reunis-a-bondo-pour-les-obseques-du-leader-de-lopposition\\\/#respond\"]}]},{\"@type\":\"WebPage\",\"@id\":\"https:\\\/\\\/oeildupeuple224.com\\\/index.php\\\/mort-de-raila-odinga-des-milliers-de-kenyans-reunis-a-bondo-pour-les-obseques-du-leader-de-lopposition\\\/\",\"url\":\"https:\\\/\\\/oeildupeuple224.com\\\/index.php\\\/mort-de-raila-odinga-des-milliers-de-kenyans-reunis-a-bondo-pour-les-obseques-du-leader-de-lopposition\\\/\",\"name\":\"Mort de Raila Odinga : des milliers de K\u00e9nyans r\u00e9unis \u00e0 Bondo pour les obs\u00e8ques du leader de l\u2019opposition - Oeildupeuple224\",\"isPartOf\":{\"@id\":\"https:\\\/\\\/oeildupeuple224.com\\\/#website\"},\"primaryImageOfPage\":{\"@id\":\"https:\\\/\\\/oeildupeuple224.com\\\/index.php\\\/mort-de-raila-odinga-des-milliers-de-kenyans-reunis-a-bondo-pour-les-obseques-du-leader-de-lopposition\\\/#primaryimage\"},\"image\":{\"@id\":\"https:\\\/\\\/oeildupeuple224.com\\\/index.php\\\/mort-de-raila-odinga-des-milliers-de-kenyans-reunis-a-bondo-pour-les-obseques-du-leader-de-lopposition\\\/#primaryimage\"},\"thumbnailUrl\":\"https:\\\/\\\/oeildupeuple224.com\\\/wp-content\\\/uploads\\\/2025\\\/10\\\/screenshot-20251019-200522-chrome.jpg\",\"datePublished\":\"2025-10-19T22:31:06+00:00\",\"author\":{\"@id\":\"https:\\\/\\\/oeildupeuple224.com\\\/#\\\/schema\\\/person\\\/67af96d96d7c96ed77036e49ab98a3d1\"},\"breadcrumb\":{\"@id\":\"https:\\\/\\\/oeildupeuple224.com\\\/index.php\\\/mort-de-raila-odinga-des-milliers-de-kenyans-reunis-a-bondo-pour-les-obseques-du-leader-de-lopposition\\\/#breadcrumb\"},\"inLanguage\":\"fr-FR\",\"potentialAction\":[{\"@type\":\"ReadAction\",\"target\":[\"https:\\\/\\\/oeildupeuple224.com\\\/index.php\\\/mort-de-raila-odinga-des-milliers-de-kenyans-reunis-a-bondo-pour-les-obseques-du-leader-de-lopposition\\\/\"]}]},{\"@type\":\"ImageObject\",\"inLanguage\":\"fr-FR\",\"@id\":\"https:\\\/\\\/oeildupeuple224.com\\\/index.php\\\/mort-de-raila-odinga-des-milliers-de-kenyans-reunis-a-bondo-pour-les-obseques-du-leader-de-lopposition\\\/#primaryimage\",\"url\":\"https:\\\/\\\/oeildupeuple224.com\\\/wp-content\\\/uploads\\\/2025\\\/10\\\/screenshot-20251019-200522-chrome.jpg\",\"contentUrl\":\"https:\\\/\\\/oeildupeuple224.com\\\/wp-content\\\/uploads\\\/2025\\\/10\\\/screenshot-20251019-200522-chrome.jpg\",\"width\":1080,\"height\":597},{\"@type\":\"BreadcrumbList\",\"@id\":\"https:\\\/\\\/oeildupeuple224.com\\\/index.php\\\/mort-de-raila-odinga-des-milliers-de-kenyans-reunis-a-bondo-pour-les-obseques-du-leader-de-lopposition\\\/#breadcrumb\",\"itemListElement\":[{\"@type\":\"ListItem\",\"position\":1,\"name\":\"Home\",\"item\":\"https:\\\/\\\/oeildupeuple224.com\\\/\"},{\"@type\":\"ListItem\",\"position\":2,\"name\":\"Mort de Raila Odinga : des milliers de K\u00e9nyans r\u00e9unis \u00e0 Bondo pour les obs\u00e8ques du leader de l\u2019opposition\"}]},{\"@type\":\"WebSite\",\"@id\":\"https:\\\/\\\/oeildupeuple224.com\\\/#website\",\"url\":\"https:\\\/\\\/oeildupeuple224.com\\\/\",\"name\":\"Oeildupeuple224\",\"description\":\"Le regard du peuple sur l&#039;actualit\u00e9\",\"potentialAction\":[{\"@type\":\"SearchAction\",\"target\":{\"@type\":\"EntryPoint\",\"urlTemplate\":\"https:\\\/\\\/oeildupeuple224.com\\\/?s={search_term_string}\"},\"query-input\":{\"@type\":\"PropertyValueSpecification\",\"valueRequired\":true,\"valueName\":\"search_term_string\"}}],\"inLanguage\":\"fr-FR\"},{\"@type\":\"Person\",\"@id\":\"https:\\\/\\\/oeildupeuple224.com\\\/#\\\/schema\\\/person\\\/67af96d96d7c96ed77036e49ab98a3d1\",\"name\":\"Bolokada\",\"image\":{\"@type\":\"ImageObject\",\"inLanguage\":\"fr-FR\",\"@id\":\"https:\\\/\\\/secure.gravatar.com\\\/avatar\\\/593ead1b1edfe657ed498637902872d2460fcdf9064121d046eb46b7d0659e3a?s=96&d=mm&r=g\",\"url\":\"https:\\\/\\\/secure.gravatar.com\\\/avatar\\\/593ead1b1edfe657ed498637902872d2460fcdf9064121d046eb46b7d0659e3a?s=96&d=mm&r=g\",\"contentUrl\":\"https:\\\/\\\/secure.gravatar.com\\\/avatar\\\/593ead1b1edfe657ed498637902872d2460fcdf9064121d046eb46b7d0659e3a?s=96&d=mm&r=g\",\"caption\":\"Bolokada\"},\"url\":\"https:\\\/\\\/oeildupeuple224.com\\\/index.php\\\/author\\\/bolokada\\\/\"}]}<\/script>\n<!-- \/ Yoast SEO plugin. -->","yoast_head_json":{"title":"Mort de Raila Odinga : des milliers de K\u00e9nyans r\u00e9unis \u00e0 Bondo pour les obs\u00e8ques du leader de l\u2019opposition - Oeildupeuple224","robots":{"index":"index","follow":"follow","max-snippet":"max-snippet:-1","max-image-preview":"max-image-preview:large","max-video-preview":"max-video-preview:-1"},"canonical":"https:\/\/oeildupeuple224.com\/index.php\/mort-de-raila-odinga-des-milliers-de-kenyans-reunis-a-bondo-pour-les-obseques-du-leader-de-lopposition\/","og_locale":"fr_FR","og_type":"article","og_title":"Mort de Raila Odinga : des milliers de K\u00e9nyans r\u00e9unis \u00e0 Bondo pour les obs\u00e8ques du leader de l\u2019opposition - Oeildupeuple224","og_description":"Des milliers de personnes ont assist\u00e9 ce dimanche aux obs\u00e8ques nationales de Raila Odinga, figure embl\u00e9matique de la politique k\u00e9nyane, inhum\u00e9 aux c\u00f4t\u00e9s de son p\u00e8re dans le mausol\u00e9e familial de Bondo, dans l\u2019ouest du pays. L\u2019\u00e9motion et la ferveur populaire ont marqu\u00e9 cette journ\u00e9e d\u2019adieu \u00e0 celui que beaucoup surnommaient \u00ab Baba \u00bb. &nbsp; [&hellip;]","og_url":"https:\/\/oeildupeuple224.com\/index.php\/mort-de-raila-odinga-des-milliers-de-kenyans-reunis-a-bondo-pour-les-obseques-du-leader-de-lopposition\/","og_site_name":"Oeildupeuple224","article_published_time":"2025-10-19T22:31:06+00:00","og_image":[{"width":1080,"height":597,"url":"https:\/\/oeildupeuple224.com\/wp-content\/uploads\/2025\/10\/screenshot-20251019-200522-chrome.jpg","type":"image\/jpeg"}],"author":"Bolokada","twitter_card":"summary_large_image","twitter_misc":{"\u00c9crit par":"Bolokada","Dur\u00e9e de lecture estim\u00e9e":"3 minutes"},"schema":{"@context":"https:\/\/schema.org","@graph":[{"@type":"Article","@id":"https:\/\/oeildupeuple224.com\/index.php\/mort-de-raila-odinga-des-milliers-de-kenyans-reunis-a-bondo-pour-les-obseques-du-leader-de-lopposition\/#article","isPartOf":{"@id":"https:\/\/oeildupeuple224.com\/index.php\/mort-de-raila-odinga-des-milliers-de-kenyans-reunis-a-bondo-pour-les-obseques-du-leader-de-lopposition\/"},"author":{"name":"Bolokada","@id":"https:\/\/oeildupeuple224.com\/#\/schema\/person\/67af96d96d7c96ed77036e49ab98a3d1"},"headline":"Mort de Raila Odinga : des milliers de K\u00e9nyans r\u00e9unis \u00e0 Bondo pour les obs\u00e8ques du leader de l\u2019opposition","datePublished":"2025-10-19T22:31:06+00:00","mainEntityOfPage":{"@id":"https:\/\/oeildupeuple224.com\/index.php\/mort-de-raila-odinga-des-milliers-de-kenyans-reunis-a-bondo-pour-les-obseques-du-leader-de-lopposition\/"},"wordCount":429,"commentCount":0,"image":{"@id":"https:\/\/oeildupeuple224.com\/index.php\/mort-de-raila-odinga-des-milliers-de-kenyans-reunis-a-bondo-pour-les-obseques-du-leader-de-lopposition\/#primaryimage"},"thumbnailUrl":"https:\/\/oeildupeuple224.com\/wp-content\/uploads\/2025\/10\/screenshot-20251019-200522-chrome.jpg","articleSection":["A la Une","Actualit\u00e9","International"],"inLanguage":"fr-FR","potentialAction":[{"@type":"CommentAction","name":"Comment","target":["https:\/\/oeildupeuple224.com\/index.php\/mort-de-raila-odinga-des-milliers-de-kenyans-reunis-a-bondo-pour-les-obseques-du-leader-de-lopposition\/#respond"]}]},{"@type":"WebPage","@id":"https:\/\/oeildupeuple224.com\/index.php\/mort-de-raila-odinga-des-milliers-de-kenyans-reunis-a-bondo-pour-les-obseques-du-leader-de-lopposition\/","url":"https:\/\/oeildupeuple224.com\/index.php\/mort-de-raila-odinga-des-milliers-de-kenyans-reunis-a-bondo-pour-les-obseques-du-leader-de-lopposition\/","name":"Mort de Raila Odinga : des milliers de K\u00e9nyans r\u00e9unis \u00e0 Bondo pour les obs\u00e8ques du leader de l\u2019opposition - Oeildupeuple224","isPartOf":{"@id":"https:\/\/oeildupeuple224.com\/#website"},"primaryImageOfPage":{"@id":"https:\/\/oeildupeuple224.com\/index.php\/mort-de-raila-odinga-des-milliers-de-kenyans-reunis-a-bondo-pour-les-obseques-du-leader-de-lopposition\/#primaryimage"},"image":{"@id":"https:\/\/oeildupeuple224.com\/index.php\/mort-de-raila-odinga-des-milliers-de-kenyans-reunis-a-bondo-pour-les-obseques-du-leader-de-lopposition\/#primaryimage"},"thumbnailUrl":"https:\/\/oeildupeuple224.com\/wp-content\/uploads\/2025\/10\/screenshot-20251019-200522-chrome.jpg","datePublished":"2025-10-19T22:31:06+00:00","author":{"@id":"https:\/\/oeildupeuple224.com\/#\/schema\/person\/67af96d96d7c96ed77036e49ab98a3d1"},"breadcrumb":{"@id":"https:\/\/oeildupeuple224.com\/index.php\/mort-de-raila-odinga-des-milliers-de-kenyans-reunis-a-bondo-pour-les-obseques-du-leader-de-lopposition\/#breadcrumb"},"inLanguage":"fr-FR","potentialAction":[{"@type":"ReadAction","target":["https:\/\/oeildupeuple224.com\/index.php\/mort-de-raila-odinga-des-milliers-de-kenyans-reunis-a-bondo-pour-les-obseques-du-leader-de-lopposition\/"]}]},{"@type":"ImageObject","inLanguage":"fr-FR","@id":"https:\/\/oeildupeuple224.com\/index.php\/mort-de-raila-odinga-des-milliers-de-kenyans-reunis-a-bondo-pour-les-obseques-du-leader-de-lopposition\/#primaryimage","url":"https:\/\/oeildupeuple224.com\/wp-content\/uploads\/2025\/10\/screenshot-20251019-200522-chrome.jpg","contentUrl":"https:\/\/oeildupeuple224.com\/wp-content\/uploads\/2025\/10\/screenshot-20251019-200522-chrome.jpg","width":1080,"height":597},{"@type":"BreadcrumbList","@id":"https:\/\/oeildupeuple224.com\/index.php\/mort-de-raila-odinga-des-milliers-de-kenyans-reunis-a-bondo-pour-les-obseques-du-leader-de-lopposition\/#breadcrumb","itemListElement":[{"@type":"ListItem","position":1,"name":"Home","item":"https:\/\/oeildupeuple224.com\/"},{"@type":"ListItem","position":2,"name":"Mort de Raila Odinga : des milliers de K\u00e9nyans r\u00e9unis \u00e0 Bondo pour les obs\u00e8ques du leader de l\u2019opposition"}]},{"@type":"WebSite","@id":"https:\/\/oeildupeuple224.com\/#website","url":"https:\/\/oeildupeuple224.com\/","name":"Oeildupeuple224","description":"Le regard du peuple sur l&#039;actualit\u00e9","potentialAction":[{"@type":"SearchAction","target":{"@type":"EntryPoint","urlTemplate":"https:\/\/oeildupeuple224.com\/?s={search_term_string}"},"query-input":{"@type":"PropertyValueSpecification","valueRequired":true,"valueName":"search_term_string"}}],"inLanguage":"fr-FR"},{"@type":"Person","@id":"https:\/\/oeildupeuple224.com\/#\/schema\/person\/67af96d96d7c96ed77036e49ab98a3d1","name":"Bolokada","image":{"@type":"ImageObject","inLanguage":"fr-FR","@id":"https:\/\/secure.gravatar.com\/avatar\/593ead1b1edfe657ed498637902872d2460fcdf9064121d046eb46b7d0659e3a?s=96&d=mm&r=g","url":"https:\/\/secure.gravatar.com\/avatar\/593ead1b1edfe657ed498637902872d2460fcdf9064121d046eb46b7d0659e3a?s=96&d=mm&r=g","contentUrl":"https:\/\/secure.gravatar.com\/avatar\/593ead1b1edfe657ed498637902872d2460fcdf9064121d046eb46b7d0659e3a?s=96&d=mm&r=g","caption":"Bolokada"},"url":"https:\/\/oeildupeuple224.com\/index.php\/author\/bolokada\/"}]}},"jetpack_featured_media_url":"https:\/\/oeildupeuple224.com\/wp-content\/uploads\/2025\/10\/screenshot-20251019-200522-chrome.jpg","_links":{"self":[{"href":"https:\/\/oeildupeuple224.com\/index.php\/wp-json\/wp\/v2\/posts\/377","targetHints":{"allow":["GET"]}}],"collection":[{"href":"https:\/\/oeildupeuple224.com\/index.php\/wp-json\/wp\/v2\/posts"}],"about":[{"href":"https:\/\/oeildupeuple224.com\/index.php\/wp-json\/wp\/v2\/types\/post"}],"author":[{"embeddable":true,"href":"https:\/\/oeildupeuple224.com\/index.php\/wp-json\/wp\/v2\/users\/3"}],"replies":[{"embeddable":true,"href":"https:\/\/oeildupeuple224.com\/index.php\/wp-json\/wp\/v2\/comments?post=377"}],"version-history":[{"count":0,"href":"https:\/\/oeildupeuple224.com\/index.php\/wp-json\/wp\/v2\/posts\/377\/revisions"}],"wp:featuredmedia":[{"embeddable":true,"href":"https:\/\/oeildupeuple224.com\/index.php\/wp-json\/wp\/v2\/media\/378"}],"wp:attachment":[{"href":"https:\/\/oeildupeuple224.com\/index.php\/wp-json\/wp\/v2\/media?parent=377"}],"wp:term":[{"taxonomy":"category","embeddable":true,"href":"https:\/\/oeildupeuple224.com\/index.php\/wp-json\/wp\/v2\/categories?post=377"},{"taxonomy":"post_tag","embeddable":true,"href":"https:\/\/oeildupeuple224.com\/index.php\/wp-json\/wp\/v2\/tags?post=377"}],"curies":[{"name":"wp","href":"https:\/\/api.w.org\/{rel}","templated":true}]}}