{"id":364,"date":"2025-10-20T00:11:48","date_gmt":"2025-10-19T22:11:48","guid":{"rendered":"https:\/\/oeildupeuple224.com\/?p=364"},"modified":"2025-10-20T00:14:35","modified_gmt":"2025-10-19T22:14:35","slug":"marche-rose-le-premier-ministre-lance-des-mesures-concretes-pour-un-depistage-systematiqueimages","status":"publish","type":"post","link":"https:\/\/oeildupeuple224.com\/index.php\/marche-rose-le-premier-ministre-lance-des-mesures-concretes-pour-un-depistage-systematiqueimages\/","title":{"rendered":"Marche Rose : le Premier Ministre lance des mesures concr\u00e8tes pour un d\u00e9pistage syst\u00e9matique"},"content":{"rendered":"<p>Dans le cadre de la lutte contre le cancer du sein et le cancer du col de l\u2019ut\u00e9rus, ainsi que pour la promotion de la sant\u00e9 mentale, le Premier Ministre Amadou Oury BAH a pr\u00e9sid\u00e9 ce dimanche la Marche Rose, organis\u00e9e par le minist\u00e8re de la Sant\u00e9 et de l\u2019Hygi\u00e8ne Publique. Il a r\u00e9affirm\u00e9 l\u2019engagement de l\u2019\u00c9tat \u00e0 faire de la pr\u00e9vention et du d\u00e9pistage pr\u00e9coce une priorit\u00e9 nationale.<\/p>\n<p><img loading=\"lazy\" decoding=\"async\" class=\"alignnone size-medium wp-image-367\" src=\"https:\/\/oeildupeuple224.com\/wp-content\/uploads\/2025\/10\/fb-img-1760888164239-1024x683-1-300x200.jpg\" alt=\"\" width=\"300\" height=\"200\" srcset=\"https:\/\/oeildupeuple224.com\/wp-content\/uploads\/2025\/10\/fb-img-1760888164239-1024x683-1-300x200.jpg 300w, https:\/\/oeildupeuple224.com\/wp-content\/uploads\/2025\/10\/fb-img-1760888164239-1024x683-1-768x512.jpg 768w, https:\/\/oeildupeuple224.com\/wp-content\/uploads\/2025\/10\/fb-img-1760888164239-1024x683-1.jpg 1024w\" sizes=\"auto, (max-width: 300px) 100vw, 300px\" \/><\/p>\n<p>Devant des membres du gouvernement, des partenaires techniques et financiers, et une population mobilis\u00e9e, le Chef du Gouvernement a salu\u00e9 cette initiative comme un symbole de solidarit\u00e9 et de coh\u00e9sion sociale. Il a soulign\u00e9 que le sport et le d\u00e9pistage pr\u00e9coce sont des moyens essentiels pour pr\u00e9venir les cancers f\u00e9minins, en insistant sur la n\u00e9cessit\u00e9 de sensibiliser toute la population.<\/p>\n<p><img loading=\"lazy\" decoding=\"async\" class=\"alignnone size-medium wp-image-369\" src=\"https:\/\/oeildupeuple224.com\/wp-content\/uploads\/2025\/10\/fb-img-1760888154854-1024x769-1-300x225.jpg\" alt=\"\" width=\"300\" height=\"225\" srcset=\"https:\/\/oeildupeuple224.com\/wp-content\/uploads\/2025\/10\/fb-img-1760888154854-1024x769-1-300x225.jpg 300w, https:\/\/oeildupeuple224.com\/wp-content\/uploads\/2025\/10\/fb-img-1760888154854-1024x769-1-768x577.jpg 768w, https:\/\/oeildupeuple224.com\/wp-content\/uploads\/2025\/10\/fb-img-1760888154854-1024x769-1-86x64.jpg 86w, https:\/\/oeildupeuple224.com\/wp-content\/uploads\/2025\/10\/fb-img-1760888154854-1024x769-1.jpg 1024w\" sizes=\"auto, (max-width: 300px) 100vw, 300px\" \/><\/p>\n<p>S\u2019appuyant sur l\u2019exemple de la Primature, o\u00f9 une campagne de d\u00e9pistage syst\u00e9matique est d\u00e9j\u00e0 en place pour le personnel f\u00e9minin, le Premier Ministre a instruit tous les minist\u00e8res, institutions, universit\u00e9s et d\u00e9l\u00e9gations sp\u00e9ciales \u00e0 organiser des campagnes similaires.\u00ab La pr\u00e9vention n\u2019est pas seulement une affaire de sant\u00e9 individuelle, c\u2019est une responsabilit\u00e9 morale, sociale et constitutionnelle \u00bb, a-t-il rappel\u00e9, annon\u00e7ant \u00e9galement l\u2019organisation r\u00e9guli\u00e8re de marches de sensibilisation et de fraternit\u00e9.<\/p>\n<p><img loading=\"lazy\" decoding=\"async\" class=\"alignnone size-medium wp-image-370\" src=\"https:\/\/oeildupeuple224.com\/wp-content\/uploads\/2025\/10\/fb-img-1760888147141-1024x833-1-300x244.jpg\" alt=\"\" width=\"300\" height=\"244\" srcset=\"https:\/\/oeildupeuple224.com\/wp-content\/uploads\/2025\/10\/fb-img-1760888147141-1024x833-1-300x244.jpg 300w, https:\/\/oeildupeuple224.com\/wp-content\/uploads\/2025\/10\/fb-img-1760888147141-1024x833-1-768x625.jpg 768w, https:\/\/oeildupeuple224.com\/wp-content\/uploads\/2025\/10\/fb-img-1760888147141-1024x833-1.jpg 1024w\" sizes=\"auto, (max-width: 300px) 100vw, 300px\" \/><\/p>\n<p>Le Chef du Gouvernement a conclu en lan\u00e7ant un appel \u00e0 la mobilisation g\u00e9n\u00e9rale, afin de sauver des vies, prot\u00e9ger les familles et renforcer la sant\u00e9 des femmes.<\/p>\n<p><strong>Mohamed Yattara<\/strong><\/p>\n","protected":false},"excerpt":{"rendered":"<p>Dans le cadre de la lutte contre le cancer du sein et le cancer du col de l\u2019ut\u00e9rus, ainsi que pour la promotion de la sant\u00e9 mentale, le Premier Ministre Amadou Oury BAH a pr\u00e9sid\u00e9 ce dimanche la Marche Rose, organis\u00e9e par le minist\u00e8re de la Sant\u00e9 et de l\u2019Hygi\u00e8ne Publique. Il a r\u00e9affirm\u00e9 l\u2019engagement [&hellip;]<\/p>\n","protected":false},"author":3,"featured_media":365,"comment_status":"open","ping_status":"open","sticky":false,"template":"","format":"standard","meta":{"footnotes":""},"categories":[61,3,17],"tags":[],"class_list":["post-364","post","type-post","status-publish","format-standard","has-post-thumbnail","hentry","category-a-la-une","category-actualite","category-sante"],"yoast_head":"<!-- This site is optimized with the Yoast SEO plugin v27.5 - https:\/\/yoast.com\/product\/yoast-seo-wordpress\/ -->\n<title>Marche Rose : le Premier Ministre lance des mesures concr\u00e8tes pour un d\u00e9pistage syst\u00e9matique - Oeildupeuple224<\/title>\n<meta name=\"robots\" content=\"index, follow, max-snippet:-1, max-image-preview:large, max-video-preview:-1\" \/>\n<link rel=\"canonical\" href=\"https:\/\/oeildupeuple224.com\/index.php\/marche-rose-le-premier-ministre-lance-des-mesures-concretes-pour-un-depistage-systematiqueimages\/\" \/>\n<meta property=\"og:locale\" content=\"fr_FR\" \/>\n<meta property=\"og:type\" content=\"article\" \/>\n<meta property=\"og:title\" content=\"Marche Rose : le Premier Ministre lance des mesures concr\u00e8tes pour un d\u00e9pistage syst\u00e9matique - Oeildupeuple224\" \/>\n<meta property=\"og:description\" content=\"Dans le cadre de la lutte contre le cancer du sein et le cancer du col de l\u2019ut\u00e9rus, ainsi que pour la promotion de la sant\u00e9 mentale, le Premier Ministre Amadou Oury BAH a pr\u00e9sid\u00e9 ce dimanche la Marche Rose, organis\u00e9e par le minist\u00e8re de la Sant\u00e9 et de l\u2019Hygi\u00e8ne Publique. Il a r\u00e9affirm\u00e9 l\u2019engagement [&hellip;]\" \/>\n<meta property=\"og:url\" content=\"https:\/\/oeildupeuple224.com\/index.php\/marche-rose-le-premier-ministre-lance-des-mesures-concretes-pour-un-depistage-systematiqueimages\/\" \/>\n<meta property=\"og:site_name\" content=\"Oeildupeuple224\" \/>\n<meta property=\"article:published_time\" content=\"2025-10-19T22:11:48+00:00\" \/>\n<meta property=\"article:modified_time\" content=\"2025-10-19T22:14:35+00:00\" \/>\n<meta property=\"og:image\" content=\"https:\/\/oeildupeuple224.com\/wp-content\/uploads\/2025\/10\/fb-img-1760888160237-1140x570-1.jpg\" \/>\n\t<meta property=\"og:image:width\" content=\"1140\" \/>\n\t<meta property=\"og:image:height\" content=\"570\" \/>\n\t<meta property=\"og:image:type\" content=\"image\/jpeg\" \/>\n<meta name=\"author\" content=\"Bolokada\" \/>\n<meta name=\"twitter:card\" content=\"summary_large_image\" \/>\n<meta name=\"twitter:label1\" content=\"\u00c9crit par\" \/>\n\t<meta name=\"twitter:data1\" content=\"Bolokada\" \/>\n\t<meta name=\"twitter:label2\" content=\"Dur\u00e9e de lecture estim\u00e9e\" \/>\n\t<meta name=\"twitter:data2\" content=\"2 minutes\" \/>\n<script type=\"application\/ld+json\" class=\"yoast-schema-graph\">{\"@context\":\"https:\\\/\\\/schema.org\",\"@graph\":[{\"@type\":\"Article\",\"@id\":\"https:\\\/\\\/oeildupeuple224.com\\\/index.php\\\/marche-rose-le-premier-ministre-lance-des-mesures-concretes-pour-un-depistage-systematiqueimages\\\/#article\",\"isPartOf\":{\"@id\":\"https:\\\/\\\/oeildupeuple224.com\\\/index.php\\\/marche-rose-le-premier-ministre-lance-des-mesures-concretes-pour-un-depistage-systematiqueimages\\\/\"},\"author\":{\"name\":\"Bolokada\",\"@id\":\"https:\\\/\\\/oeildupeuple224.com\\\/#\\\/schema\\\/person\\\/67af96d96d7c96ed77036e49ab98a3d1\"},\"headline\":\"Marche Rose : le Premier Ministre lance des mesures concr\u00e8tes pour un d\u00e9pistage syst\u00e9matique\",\"datePublished\":\"2025-10-19T22:11:48+00:00\",\"dateModified\":\"2025-10-19T22:14:35+00:00\",\"mainEntityOfPage\":{\"@id\":\"https:\\\/\\\/oeildupeuple224.com\\\/index.php\\\/marche-rose-le-premier-ministre-lance-des-mesures-concretes-pour-un-depistage-systematiqueimages\\\/\"},\"wordCount\":282,\"commentCount\":0,\"image\":{\"@id\":\"https:\\\/\\\/oeildupeuple224.com\\\/index.php\\\/marche-rose-le-premier-ministre-lance-des-mesures-concretes-pour-un-depistage-systematiqueimages\\\/#primaryimage\"},\"thumbnailUrl\":\"https:\\\/\\\/oeildupeuple224.com\\\/wp-content\\\/uploads\\\/2025\\\/10\\\/fb-img-1760888160237-1140x570-1.jpg\",\"articleSection\":[\"A la Une\",\"Actualit\u00e9\",\"Sant\u00e9\"],\"inLanguage\":\"fr-FR\",\"potentialAction\":[{\"@type\":\"CommentAction\",\"name\":\"Comment\",\"target\":[\"https:\\\/\\\/oeildupeuple224.com\\\/index.php\\\/marche-rose-le-premier-ministre-lance-des-mesures-concretes-pour-un-depistage-systematiqueimages\\\/#respond\"]}]},{\"@type\":\"WebPage\",\"@id\":\"https:\\\/\\\/oeildupeuple224.com\\\/index.php\\\/marche-rose-le-premier-ministre-lance-des-mesures-concretes-pour-un-depistage-systematiqueimages\\\/\",\"url\":\"https:\\\/\\\/oeildupeuple224.com\\\/index.php\\\/marche-rose-le-premier-ministre-lance-des-mesures-concretes-pour-un-depistage-systematiqueimages\\\/\",\"name\":\"Marche Rose : le Premier Ministre lance des mesures concr\u00e8tes pour un d\u00e9pistage syst\u00e9matique - Oeildupeuple224\",\"isPartOf\":{\"@id\":\"https:\\\/\\\/oeildupeuple224.com\\\/#website\"},\"primaryImageOfPage\":{\"@id\":\"https:\\\/\\\/oeildupeuple224.com\\\/index.php\\\/marche-rose-le-premier-ministre-lance-des-mesures-concretes-pour-un-depistage-systematiqueimages\\\/#primaryimage\"},\"image\":{\"@id\":\"https:\\\/\\\/oeildupeuple224.com\\\/index.php\\\/marche-rose-le-premier-ministre-lance-des-mesures-concretes-pour-un-depistage-systematiqueimages\\\/#primaryimage\"},\"thumbnailUrl\":\"https:\\\/\\\/oeildupeuple224.com\\\/wp-content\\\/uploads\\\/2025\\\/10\\\/fb-img-1760888160237-1140x570-1.jpg\",\"datePublished\":\"2025-10-19T22:11:48+00:00\",\"dateModified\":\"2025-10-19T22:14:35+00:00\",\"author\":{\"@id\":\"https:\\\/\\\/oeildupeuple224.com\\\/#\\\/schema\\\/person\\\/67af96d96d7c96ed77036e49ab98a3d1\"},\"breadcrumb\":{\"@id\":\"https:\\\/\\\/oeildupeuple224.com\\\/index.php\\\/marche-rose-le-premier-ministre-lance-des-mesures-concretes-pour-un-depistage-systematiqueimages\\\/#breadcrumb\"},\"inLanguage\":\"fr-FR\",\"potentialAction\":[{\"@type\":\"ReadAction\",\"target\":[\"https:\\\/\\\/oeildupeuple224.com\\\/index.php\\\/marche-rose-le-premier-ministre-lance-des-mesures-concretes-pour-un-depistage-systematiqueimages\\\/\"]}]},{\"@type\":\"ImageObject\",\"inLanguage\":\"fr-FR\",\"@id\":\"https:\\\/\\\/oeildupeuple224.com\\\/index.php\\\/marche-rose-le-premier-ministre-lance-des-mesures-concretes-pour-un-depistage-systematiqueimages\\\/#primaryimage\",\"url\":\"https:\\\/\\\/oeildupeuple224.com\\\/wp-content\\\/uploads\\\/2025\\\/10\\\/fb-img-1760888160237-1140x570-1.jpg\",\"contentUrl\":\"https:\\\/\\\/oeildupeuple224.com\\\/wp-content\\\/uploads\\\/2025\\\/10\\\/fb-img-1760888160237-1140x570-1.jpg\",\"width\":1140,\"height\":570},{\"@type\":\"BreadcrumbList\",\"@id\":\"https:\\\/\\\/oeildupeuple224.com\\\/index.php\\\/marche-rose-le-premier-ministre-lance-des-mesures-concretes-pour-un-depistage-systematiqueimages\\\/#breadcrumb\",\"itemListElement\":[{\"@type\":\"ListItem\",\"position\":1,\"name\":\"Home\",\"item\":\"https:\\\/\\\/oeildupeuple224.com\\\/\"},{\"@type\":\"ListItem\",\"position\":2,\"name\":\"Marche Rose : le Premier Ministre lance des mesures concr\u00e8tes pour un d\u00e9pistage syst\u00e9matique\"}]},{\"@type\":\"WebSite\",\"@id\":\"https:\\\/\\\/oeildupeuple224.com\\\/#website\",\"url\":\"https:\\\/\\\/oeildupeuple224.com\\\/\",\"name\":\"Oeildupeuple224\",\"description\":\"Le regard du peuple sur l&#039;actualit\u00e9\",\"potentialAction\":[{\"@type\":\"SearchAction\",\"target\":{\"@type\":\"EntryPoint\",\"urlTemplate\":\"https:\\\/\\\/oeildupeuple224.com\\\/?s={search_term_string}\"},\"query-input\":{\"@type\":\"PropertyValueSpecification\",\"valueRequired\":true,\"valueName\":\"search_term_string\"}}],\"inLanguage\":\"fr-FR\"},{\"@type\":\"Person\",\"@id\":\"https:\\\/\\\/oeildupeuple224.com\\\/#\\\/schema\\\/person\\\/67af96d96d7c96ed77036e49ab98a3d1\",\"name\":\"Bolokada\",\"image\":{\"@type\":\"ImageObject\",\"inLanguage\":\"fr-FR\",\"@id\":\"https:\\\/\\\/secure.gravatar.com\\\/avatar\\\/593ead1b1edfe657ed498637902872d2460fcdf9064121d046eb46b7d0659e3a?s=96&d=mm&r=g\",\"url\":\"https:\\\/\\\/secure.gravatar.com\\\/avatar\\\/593ead1b1edfe657ed498637902872d2460fcdf9064121d046eb46b7d0659e3a?s=96&d=mm&r=g\",\"contentUrl\":\"https:\\\/\\\/secure.gravatar.com\\\/avatar\\\/593ead1b1edfe657ed498637902872d2460fcdf9064121d046eb46b7d0659e3a?s=96&d=mm&r=g\",\"caption\":\"Bolokada\"},\"url\":\"https:\\\/\\\/oeildupeuple224.com\\\/index.php\\\/author\\\/bolokada\\\/\"}]}<\/script>\n<!-- \/ Yoast SEO plugin. -->","yoast_head_json":{"title":"Marche Rose : le Premier Ministre lance des mesures concr\u00e8tes pour un d\u00e9pistage syst\u00e9matique - Oeildupeuple224","robots":{"index":"index","follow":"follow","max-snippet":"max-snippet:-1","max-image-preview":"max-image-preview:large","max-video-preview":"max-video-preview:-1"},"canonical":"https:\/\/oeildupeuple224.com\/index.php\/marche-rose-le-premier-ministre-lance-des-mesures-concretes-pour-un-depistage-systematiqueimages\/","og_locale":"fr_FR","og_type":"article","og_title":"Marche Rose : le Premier Ministre lance des mesures concr\u00e8tes pour un d\u00e9pistage syst\u00e9matique - Oeildupeuple224","og_description":"Dans le cadre de la lutte contre le cancer du sein et le cancer du col de l\u2019ut\u00e9rus, ainsi que pour la promotion de la sant\u00e9 mentale, le Premier Ministre Amadou Oury BAH a pr\u00e9sid\u00e9 ce dimanche la Marche Rose, organis\u00e9e par le minist\u00e8re de la Sant\u00e9 et de l\u2019Hygi\u00e8ne Publique. Il a r\u00e9affirm\u00e9 l\u2019engagement [&hellip;]","og_url":"https:\/\/oeildupeuple224.com\/index.php\/marche-rose-le-premier-ministre-lance-des-mesures-concretes-pour-un-depistage-systematiqueimages\/","og_site_name":"Oeildupeuple224","article_published_time":"2025-10-19T22:11:48+00:00","article_modified_time":"2025-10-19T22:14:35+00:00","og_image":[{"width":1140,"height":570,"url":"https:\/\/oeildupeuple224.com\/wp-content\/uploads\/2025\/10\/fb-img-1760888160237-1140x570-1.jpg","type":"image\/jpeg"}],"author":"Bolokada","twitter_card":"summary_large_image","twitter_misc":{"\u00c9crit par":"Bolokada","Dur\u00e9e de lecture estim\u00e9e":"2 minutes"},"schema":{"@context":"https:\/\/schema.org","@graph":[{"@type":"Article","@id":"https:\/\/oeildupeuple224.com\/index.php\/marche-rose-le-premier-ministre-lance-des-mesures-concretes-pour-un-depistage-systematiqueimages\/#article","isPartOf":{"@id":"https:\/\/oeildupeuple224.com\/index.php\/marche-rose-le-premier-ministre-lance-des-mesures-concretes-pour-un-depistage-systematiqueimages\/"},"author":{"name":"Bolokada","@id":"https:\/\/oeildupeuple224.com\/#\/schema\/person\/67af96d96d7c96ed77036e49ab98a3d1"},"headline":"Marche Rose : le Premier Ministre lance des mesures concr\u00e8tes pour un d\u00e9pistage syst\u00e9matique","datePublished":"2025-10-19T22:11:48+00:00","dateModified":"2025-10-19T22:14:35+00:00","mainEntityOfPage":{"@id":"https:\/\/oeildupeuple224.com\/index.php\/marche-rose-le-premier-ministre-lance-des-mesures-concretes-pour-un-depistage-systematiqueimages\/"},"wordCount":282,"commentCount":0,"image":{"@id":"https:\/\/oeildupeuple224.com\/index.php\/marche-rose-le-premier-ministre-lance-des-mesures-concretes-pour-un-depistage-systematiqueimages\/#primaryimage"},"thumbnailUrl":"https:\/\/oeildupeuple224.com\/wp-content\/uploads\/2025\/10\/fb-img-1760888160237-1140x570-1.jpg","articleSection":["A la Une","Actualit\u00e9","Sant\u00e9"],"inLanguage":"fr-FR","potentialAction":[{"@type":"CommentAction","name":"Comment","target":["https:\/\/oeildupeuple224.com\/index.php\/marche-rose-le-premier-ministre-lance-des-mesures-concretes-pour-un-depistage-systematiqueimages\/#respond"]}]},{"@type":"WebPage","@id":"https:\/\/oeildupeuple224.com\/index.php\/marche-rose-le-premier-ministre-lance-des-mesures-concretes-pour-un-depistage-systematiqueimages\/","url":"https:\/\/oeildupeuple224.com\/index.php\/marche-rose-le-premier-ministre-lance-des-mesures-concretes-pour-un-depistage-systematiqueimages\/","name":"Marche Rose : le Premier Ministre lance des mesures concr\u00e8tes pour un d\u00e9pistage syst\u00e9matique - Oeildupeuple224","isPartOf":{"@id":"https:\/\/oeildupeuple224.com\/#website"},"primaryImageOfPage":{"@id":"https:\/\/oeildupeuple224.com\/index.php\/marche-rose-le-premier-ministre-lance-des-mesures-concretes-pour-un-depistage-systematiqueimages\/#primaryimage"},"image":{"@id":"https:\/\/oeildupeuple224.com\/index.php\/marche-rose-le-premier-ministre-lance-des-mesures-concretes-pour-un-depistage-systematiqueimages\/#primaryimage"},"thumbnailUrl":"https:\/\/oeildupeuple224.com\/wp-content\/uploads\/2025\/10\/fb-img-1760888160237-1140x570-1.jpg","datePublished":"2025-10-19T22:11:48+00:00","dateModified":"2025-10-19T22:14:35+00:00","author":{"@id":"https:\/\/oeildupeuple224.com\/#\/schema\/person\/67af96d96d7c96ed77036e49ab98a3d1"},"breadcrumb":{"@id":"https:\/\/oeildupeuple224.com\/index.php\/marche-rose-le-premier-ministre-lance-des-mesures-concretes-pour-un-depistage-systematiqueimages\/#breadcrumb"},"inLanguage":"fr-FR","potentialAction":[{"@type":"ReadAction","target":["https:\/\/oeildupeuple224.com\/index.php\/marche-rose-le-premier-ministre-lance-des-mesures-concretes-pour-un-depistage-systematiqueimages\/"]}]},{"@type":"ImageObject","inLanguage":"fr-FR","@id":"https:\/\/oeildupeuple224.com\/index.php\/marche-rose-le-premier-ministre-lance-des-mesures-concretes-pour-un-depistage-systematiqueimages\/#primaryimage","url":"https:\/\/oeildupeuple224.com\/wp-content\/uploads\/2025\/10\/fb-img-1760888160237-1140x570-1.jpg","contentUrl":"https:\/\/oeildupeuple224.com\/wp-content\/uploads\/2025\/10\/fb-img-1760888160237-1140x570-1.jpg","width":1140,"height":570},{"@type":"BreadcrumbList","@id":"https:\/\/oeildupeuple224.com\/index.php\/marche-rose-le-premier-ministre-lance-des-mesures-concretes-pour-un-depistage-systematiqueimages\/#breadcrumb","itemListElement":[{"@type":"ListItem","position":1,"name":"Home","item":"https:\/\/oeildupeuple224.com\/"},{"@type":"ListItem","position":2,"name":"Marche Rose : le Premier Ministre lance des mesures concr\u00e8tes pour un d\u00e9pistage syst\u00e9matique"}]},{"@type":"WebSite","@id":"https:\/\/oeildupeuple224.com\/#website","url":"https:\/\/oeildupeuple224.com\/","name":"Oeildupeuple224","description":"Le regard du peuple sur l&#039;actualit\u00e9","potentialAction":[{"@type":"SearchAction","target":{"@type":"EntryPoint","urlTemplate":"https:\/\/oeildupeuple224.com\/?s={search_term_string}"},"query-input":{"@type":"PropertyValueSpecification","valueRequired":true,"valueName":"search_term_string"}}],"inLanguage":"fr-FR"},{"@type":"Person","@id":"https:\/\/oeildupeuple224.com\/#\/schema\/person\/67af96d96d7c96ed77036e49ab98a3d1","name":"Bolokada","image":{"@type":"ImageObject","inLanguage":"fr-FR","@id":"https:\/\/secure.gravatar.com\/avatar\/593ead1b1edfe657ed498637902872d2460fcdf9064121d046eb46b7d0659e3a?s=96&d=mm&r=g","url":"https:\/\/secure.gravatar.com\/avatar\/593ead1b1edfe657ed498637902872d2460fcdf9064121d046eb46b7d0659e3a?s=96&d=mm&r=g","contentUrl":"https:\/\/secure.gravatar.com\/avatar\/593ead1b1edfe657ed498637902872d2460fcdf9064121d046eb46b7d0659e3a?s=96&d=mm&r=g","caption":"Bolokada"},"url":"https:\/\/oeildupeuple224.com\/index.php\/author\/bolokada\/"}]}},"jetpack_featured_media_url":"https:\/\/oeildupeuple224.com\/wp-content\/uploads\/2025\/10\/fb-img-1760888160237-1140x570-1.jpg","_links":{"self":[{"href":"https:\/\/oeildupeuple224.com\/index.php\/wp-json\/wp\/v2\/posts\/364","targetHints":{"allow":["GET"]}}],"collection":[{"href":"https:\/\/oeildupeuple224.com\/index.php\/wp-json\/wp\/v2\/posts"}],"about":[{"href":"https:\/\/oeildupeuple224.com\/index.php\/wp-json\/wp\/v2\/types\/post"}],"author":[{"embeddable":true,"href":"https:\/\/oeildupeuple224.com\/index.php\/wp-json\/wp\/v2\/users\/3"}],"replies":[{"embeddable":true,"href":"https:\/\/oeildupeuple224.com\/index.php\/wp-json\/wp\/v2\/comments?post=364"}],"version-history":[{"count":0,"href":"https:\/\/oeildupeuple224.com\/index.php\/wp-json\/wp\/v2\/posts\/364\/revisions"}],"wp:featuredmedia":[{"embeddable":true,"href":"https:\/\/oeildupeuple224.com\/index.php\/wp-json\/wp\/v2\/media\/365"}],"wp:attachment":[{"href":"https:\/\/oeildupeuple224.com\/index.php\/wp-json\/wp\/v2\/media?parent=364"}],"wp:term":[{"taxonomy":"category","embeddable":true,"href":"https:\/\/oeildupeuple224.com\/index.php\/wp-json\/wp\/v2\/categories?post=364"},{"taxonomy":"post_tag","embeddable":true,"href":"https:\/\/oeildupeuple224.com\/index.php\/wp-json\/wp\/v2\/tags?post=364"}],"curies":[{"name":"wp","href":"https:\/\/api.w.org\/{rel}","templated":true}]}}