{"id":360,"date":"2025-10-20T00:06:07","date_gmt":"2025-10-19T22:06:07","guid":{"rendered":"https:\/\/oeildupeuple224.com\/?p=360"},"modified":"2025-10-20T00:07:28","modified_gmt":"2025-10-19T22:07:28","slug":"decret-sidy-souleymane-ndiaye-nomme-procureur-general-de-la-cour-dappel-de-conakry","status":"publish","type":"post","link":"https:\/\/oeildupeuple224.com\/index.php\/decret-sidy-souleymane-ndiaye-nomme-procureur-general-de-la-cour-dappel-de-conakry\/","title":{"rendered":"D\u00e9cret : Sidy Souleymane N\u2019Diaye nomm\u00e9 Procureur G\u00e9n\u00e9ral de la Cour d\u2019Appel de Conakry"},"content":{"rendered":"<p>Par d\u00e9cret pr\u00e9sidentiel rendu public ce dimanche, le G\u00e9n\u00e9ral Mamadi Doumbouya a proc\u00e9d\u00e9 \u00e0 la nomination de Sidy Souleymane N\u2019Diaye au poste de Procureur G\u00e9n\u00e9ral pr\u00e8s la Cour d\u2019Appel de Conakry. Il succ\u00e8de ainsi \u00e0 Fallou Doumbouya, qu\u2019il remplace officiellement \u00e0 cette haute fonction du syst\u00e8me judiciaire guin\u00e9en.<\/p>\n<p>&nbsp;<\/p>\n<p>Magistrat chevronn\u00e9, Sidy Souleymane N\u2019Diaye n\u2019est pas un nouveau visage au sein de l\u2019appareil judiciaire. Il a notamment exerc\u00e9 en tant que Procureur de la R\u00e9publique pr\u00e8s le Tribunal de premi\u00e8re instance de Dixinn, o\u00f9 il s\u2019est illustr\u00e9 par sa rigueur dans plusieurs dossiers sensibles. Plus r\u00e9cemment, il occupait les fonctions de Procureur G\u00e9n\u00e9ral par int\u00e9rim \u00e0 la Cour supr\u00eame.<\/p>\n<p>Aucune information n\u2019a encore \u00e9t\u00e9 communiqu\u00e9e sur la future affectation de son pr\u00e9d\u00e9cesseur, Fallou Doumbouya.<\/p>\n","protected":false},"excerpt":{"rendered":"<p>Par d\u00e9cret pr\u00e9sidentiel rendu public ce dimanche, le G\u00e9n\u00e9ral Mamadi Doumbouya a proc\u00e9d\u00e9 \u00e0 la nomination de Sidy Souleymane N\u2019Diaye au poste de Procureur G\u00e9n\u00e9ral pr\u00e8s la Cour d\u2019Appel de Conakry. Il succ\u00e8de ainsi \u00e0 Fallou Doumbouya, qu\u2019il remplace officiellement \u00e0 cette haute fonction du syst\u00e8me judiciaire guin\u00e9en. &nbsp; Magistrat chevronn\u00e9, Sidy Souleymane N\u2019Diaye n\u2019est [&hellip;]<\/p>\n","protected":false},"author":3,"featured_media":361,"comment_status":"open","ping_status":"open","sticky":false,"template":"","format":"standard","meta":{"footnotes":""},"categories":[61,3,6],"tags":[],"class_list":["post-360","post","type-post","status-publish","format-standard","has-post-thumbnail","hentry","category-a-la-une","category-actualite","category-politique"],"yoast_head":"<!-- This site is optimized with the Yoast SEO plugin v27.5 - https:\/\/yoast.com\/product\/yoast-seo-wordpress\/ -->\n<title>D\u00e9cret : Sidy Souleymane N\u2019Diaye nomm\u00e9 Procureur G\u00e9n\u00e9ral de la Cour d\u2019Appel de Conakry - Oeildupeuple224<\/title>\n<meta name=\"robots\" content=\"index, follow, max-snippet:-1, max-image-preview:large, max-video-preview:-1\" \/>\n<link rel=\"canonical\" href=\"https:\/\/oeildupeuple224.com\/index.php\/decret-sidy-souleymane-ndiaye-nomme-procureur-general-de-la-cour-dappel-de-conakry\/\" \/>\n<meta property=\"og:locale\" content=\"fr_FR\" \/>\n<meta property=\"og:type\" content=\"article\" \/>\n<meta property=\"og:title\" content=\"D\u00e9cret : Sidy Souleymane N\u2019Diaye nomm\u00e9 Procureur G\u00e9n\u00e9ral de la Cour d\u2019Appel de Conakry - Oeildupeuple224\" \/>\n<meta property=\"og:description\" content=\"Par d\u00e9cret pr\u00e9sidentiel rendu public ce dimanche, le G\u00e9n\u00e9ral Mamadi Doumbouya a proc\u00e9d\u00e9 \u00e0 la nomination de Sidy Souleymane N\u2019Diaye au poste de Procureur G\u00e9n\u00e9ral pr\u00e8s la Cour d\u2019Appel de Conakry. Il succ\u00e8de ainsi \u00e0 Fallou Doumbouya, qu\u2019il remplace officiellement \u00e0 cette haute fonction du syst\u00e8me judiciaire guin\u00e9en. &nbsp; Magistrat chevronn\u00e9, Sidy Souleymane N\u2019Diaye n\u2019est [&hellip;]\" \/>\n<meta property=\"og:url\" content=\"https:\/\/oeildupeuple224.com\/index.php\/decret-sidy-souleymane-ndiaye-nomme-procureur-general-de-la-cour-dappel-de-conakry\/\" \/>\n<meta property=\"og:site_name\" content=\"Oeildupeuple224\" \/>\n<meta property=\"article:published_time\" content=\"2025-10-19T22:06:07+00:00\" \/>\n<meta property=\"article:modified_time\" content=\"2025-10-19T22:07:28+00:00\" \/>\n<meta property=\"og:image\" content=\"https:\/\/oeildupeuple224.com\/wp-content\/uploads\/2025\/10\/whatsapp-image-2025-10-19-a-144406-bc19b215.jpg\" \/>\n\t<meta property=\"og:image:width\" content=\"1080\" \/>\n\t<meta property=\"og:image:height\" content=\"606\" \/>\n\t<meta property=\"og:image:type\" content=\"image\/jpeg\" \/>\n<meta name=\"author\" content=\"Bolokada\" \/>\n<meta name=\"twitter:card\" content=\"summary_large_image\" \/>\n<meta name=\"twitter:label1\" content=\"\u00c9crit par\" \/>\n\t<meta name=\"twitter:data1\" content=\"Bolokada\" \/>\n\t<meta name=\"twitter:label2\" content=\"Dur\u00e9e de lecture estim\u00e9e\" \/>\n\t<meta name=\"twitter:data2\" content=\"1 minute\" \/>\n<script type=\"application\/ld+json\" class=\"yoast-schema-graph\">{\"@context\":\"https:\\\/\\\/schema.org\",\"@graph\":[{\"@type\":\"Article\",\"@id\":\"https:\\\/\\\/oeildupeuple224.com\\\/index.php\\\/decret-sidy-souleymane-ndiaye-nomme-procureur-general-de-la-cour-dappel-de-conakry\\\/#article\",\"isPartOf\":{\"@id\":\"https:\\\/\\\/oeildupeuple224.com\\\/index.php\\\/decret-sidy-souleymane-ndiaye-nomme-procureur-general-de-la-cour-dappel-de-conakry\\\/\"},\"author\":{\"name\":\"Bolokada\",\"@id\":\"https:\\\/\\\/oeildupeuple224.com\\\/#\\\/schema\\\/person\\\/67af96d96d7c96ed77036e49ab98a3d1\"},\"headline\":\"D\u00e9cret : Sidy Souleymane N\u2019Diaye nomm\u00e9 Procureur G\u00e9n\u00e9ral de la Cour d\u2019Appel de Conakry\",\"datePublished\":\"2025-10-19T22:06:07+00:00\",\"dateModified\":\"2025-10-19T22:07:28+00:00\",\"mainEntityOfPage\":{\"@id\":\"https:\\\/\\\/oeildupeuple224.com\\\/index.php\\\/decret-sidy-souleymane-ndiaye-nomme-procureur-general-de-la-cour-dappel-de-conakry\\\/\"},\"wordCount\":168,\"commentCount\":0,\"image\":{\"@id\":\"https:\\\/\\\/oeildupeuple224.com\\\/index.php\\\/decret-sidy-souleymane-ndiaye-nomme-procureur-general-de-la-cour-dappel-de-conakry\\\/#primaryimage\"},\"thumbnailUrl\":\"https:\\\/\\\/oeildupeuple224.com\\\/wp-content\\\/uploads\\\/2025\\\/10\\\/whatsapp-image-2025-10-19-a-144406-bc19b215.jpg\",\"articleSection\":[\"A la Une\",\"Actualit\u00e9\",\"Politique\"],\"inLanguage\":\"fr-FR\",\"potentialAction\":[{\"@type\":\"CommentAction\",\"name\":\"Comment\",\"target\":[\"https:\\\/\\\/oeildupeuple224.com\\\/index.php\\\/decret-sidy-souleymane-ndiaye-nomme-procureur-general-de-la-cour-dappel-de-conakry\\\/#respond\"]}]},{\"@type\":\"WebPage\",\"@id\":\"https:\\\/\\\/oeildupeuple224.com\\\/index.php\\\/decret-sidy-souleymane-ndiaye-nomme-procureur-general-de-la-cour-dappel-de-conakry\\\/\",\"url\":\"https:\\\/\\\/oeildupeuple224.com\\\/index.php\\\/decret-sidy-souleymane-ndiaye-nomme-procureur-general-de-la-cour-dappel-de-conakry\\\/\",\"name\":\"D\u00e9cret : Sidy Souleymane N\u2019Diaye nomm\u00e9 Procureur G\u00e9n\u00e9ral de la Cour d\u2019Appel de Conakry - Oeildupeuple224\",\"isPartOf\":{\"@id\":\"https:\\\/\\\/oeildupeuple224.com\\\/#website\"},\"primaryImageOfPage\":{\"@id\":\"https:\\\/\\\/oeildupeuple224.com\\\/index.php\\\/decret-sidy-souleymane-ndiaye-nomme-procureur-general-de-la-cour-dappel-de-conakry\\\/#primaryimage\"},\"image\":{\"@id\":\"https:\\\/\\\/oeildupeuple224.com\\\/index.php\\\/decret-sidy-souleymane-ndiaye-nomme-procureur-general-de-la-cour-dappel-de-conakry\\\/#primaryimage\"},\"thumbnailUrl\":\"https:\\\/\\\/oeildupeuple224.com\\\/wp-content\\\/uploads\\\/2025\\\/10\\\/whatsapp-image-2025-10-19-a-144406-bc19b215.jpg\",\"datePublished\":\"2025-10-19T22:06:07+00:00\",\"dateModified\":\"2025-10-19T22:07:28+00:00\",\"author\":{\"@id\":\"https:\\\/\\\/oeildupeuple224.com\\\/#\\\/schema\\\/person\\\/67af96d96d7c96ed77036e49ab98a3d1\"},\"breadcrumb\":{\"@id\":\"https:\\\/\\\/oeildupeuple224.com\\\/index.php\\\/decret-sidy-souleymane-ndiaye-nomme-procureur-general-de-la-cour-dappel-de-conakry\\\/#breadcrumb\"},\"inLanguage\":\"fr-FR\",\"potentialAction\":[{\"@type\":\"ReadAction\",\"target\":[\"https:\\\/\\\/oeildupeuple224.com\\\/index.php\\\/decret-sidy-souleymane-ndiaye-nomme-procureur-general-de-la-cour-dappel-de-conakry\\\/\"]}]},{\"@type\":\"ImageObject\",\"inLanguage\":\"fr-FR\",\"@id\":\"https:\\\/\\\/oeildupeuple224.com\\\/index.php\\\/decret-sidy-souleymane-ndiaye-nomme-procureur-general-de-la-cour-dappel-de-conakry\\\/#primaryimage\",\"url\":\"https:\\\/\\\/oeildupeuple224.com\\\/wp-content\\\/uploads\\\/2025\\\/10\\\/whatsapp-image-2025-10-19-a-144406-bc19b215.jpg\",\"contentUrl\":\"https:\\\/\\\/oeildupeuple224.com\\\/wp-content\\\/uploads\\\/2025\\\/10\\\/whatsapp-image-2025-10-19-a-144406-bc19b215.jpg\",\"width\":1080,\"height\":606},{\"@type\":\"BreadcrumbList\",\"@id\":\"https:\\\/\\\/oeildupeuple224.com\\\/index.php\\\/decret-sidy-souleymane-ndiaye-nomme-procureur-general-de-la-cour-dappel-de-conakry\\\/#breadcrumb\",\"itemListElement\":[{\"@type\":\"ListItem\",\"position\":1,\"name\":\"Home\",\"item\":\"https:\\\/\\\/oeildupeuple224.com\\\/\"},{\"@type\":\"ListItem\",\"position\":2,\"name\":\"D\u00e9cret : Sidy Souleymane N\u2019Diaye nomm\u00e9 Procureur G\u00e9n\u00e9ral de la Cour d\u2019Appel de Conakry\"}]},{\"@type\":\"WebSite\",\"@id\":\"https:\\\/\\\/oeildupeuple224.com\\\/#website\",\"url\":\"https:\\\/\\\/oeildupeuple224.com\\\/\",\"name\":\"Oeildupeuple224\",\"description\":\"Le regard du peuple sur l&#039;actualit\u00e9\",\"potentialAction\":[{\"@type\":\"SearchAction\",\"target\":{\"@type\":\"EntryPoint\",\"urlTemplate\":\"https:\\\/\\\/oeildupeuple224.com\\\/?s={search_term_string}\"},\"query-input\":{\"@type\":\"PropertyValueSpecification\",\"valueRequired\":true,\"valueName\":\"search_term_string\"}}],\"inLanguage\":\"fr-FR\"},{\"@type\":\"Person\",\"@id\":\"https:\\\/\\\/oeildupeuple224.com\\\/#\\\/schema\\\/person\\\/67af96d96d7c96ed77036e49ab98a3d1\",\"name\":\"Bolokada\",\"image\":{\"@type\":\"ImageObject\",\"inLanguage\":\"fr-FR\",\"@id\":\"https:\\\/\\\/secure.gravatar.com\\\/avatar\\\/593ead1b1edfe657ed498637902872d2460fcdf9064121d046eb46b7d0659e3a?s=96&d=mm&r=g\",\"url\":\"https:\\\/\\\/secure.gravatar.com\\\/avatar\\\/593ead1b1edfe657ed498637902872d2460fcdf9064121d046eb46b7d0659e3a?s=96&d=mm&r=g\",\"contentUrl\":\"https:\\\/\\\/secure.gravatar.com\\\/avatar\\\/593ead1b1edfe657ed498637902872d2460fcdf9064121d046eb46b7d0659e3a?s=96&d=mm&r=g\",\"caption\":\"Bolokada\"},\"url\":\"https:\\\/\\\/oeildupeuple224.com\\\/index.php\\\/author\\\/bolokada\\\/\"}]}<\/script>\n<!-- \/ Yoast SEO plugin. -->","yoast_head_json":{"title":"D\u00e9cret : Sidy Souleymane N\u2019Diaye nomm\u00e9 Procureur G\u00e9n\u00e9ral de la Cour d\u2019Appel de Conakry - Oeildupeuple224","robots":{"index":"index","follow":"follow","max-snippet":"max-snippet:-1","max-image-preview":"max-image-preview:large","max-video-preview":"max-video-preview:-1"},"canonical":"https:\/\/oeildupeuple224.com\/index.php\/decret-sidy-souleymane-ndiaye-nomme-procureur-general-de-la-cour-dappel-de-conakry\/","og_locale":"fr_FR","og_type":"article","og_title":"D\u00e9cret : Sidy Souleymane N\u2019Diaye nomm\u00e9 Procureur G\u00e9n\u00e9ral de la Cour d\u2019Appel de Conakry - Oeildupeuple224","og_description":"Par d\u00e9cret pr\u00e9sidentiel rendu public ce dimanche, le G\u00e9n\u00e9ral Mamadi Doumbouya a proc\u00e9d\u00e9 \u00e0 la nomination de Sidy Souleymane N\u2019Diaye au poste de Procureur G\u00e9n\u00e9ral pr\u00e8s la Cour d\u2019Appel de Conakry. Il succ\u00e8de ainsi \u00e0 Fallou Doumbouya, qu\u2019il remplace officiellement \u00e0 cette haute fonction du syst\u00e8me judiciaire guin\u00e9en. &nbsp; Magistrat chevronn\u00e9, Sidy Souleymane N\u2019Diaye n\u2019est [&hellip;]","og_url":"https:\/\/oeildupeuple224.com\/index.php\/decret-sidy-souleymane-ndiaye-nomme-procureur-general-de-la-cour-dappel-de-conakry\/","og_site_name":"Oeildupeuple224","article_published_time":"2025-10-19T22:06:07+00:00","article_modified_time":"2025-10-19T22:07:28+00:00","og_image":[{"width":1080,"height":606,"url":"https:\/\/oeildupeuple224.com\/wp-content\/uploads\/2025\/10\/whatsapp-image-2025-10-19-a-144406-bc19b215.jpg","type":"image\/jpeg"}],"author":"Bolokada","twitter_card":"summary_large_image","twitter_misc":{"\u00c9crit par":"Bolokada","Dur\u00e9e de lecture estim\u00e9e":"1 minute"},"schema":{"@context":"https:\/\/schema.org","@graph":[{"@type":"Article","@id":"https:\/\/oeildupeuple224.com\/index.php\/decret-sidy-souleymane-ndiaye-nomme-procureur-general-de-la-cour-dappel-de-conakry\/#article","isPartOf":{"@id":"https:\/\/oeildupeuple224.com\/index.php\/decret-sidy-souleymane-ndiaye-nomme-procureur-general-de-la-cour-dappel-de-conakry\/"},"author":{"name":"Bolokada","@id":"https:\/\/oeildupeuple224.com\/#\/schema\/person\/67af96d96d7c96ed77036e49ab98a3d1"},"headline":"D\u00e9cret : Sidy Souleymane N\u2019Diaye nomm\u00e9 Procureur G\u00e9n\u00e9ral de la Cour d\u2019Appel de Conakry","datePublished":"2025-10-19T22:06:07+00:00","dateModified":"2025-10-19T22:07:28+00:00","mainEntityOfPage":{"@id":"https:\/\/oeildupeuple224.com\/index.php\/decret-sidy-souleymane-ndiaye-nomme-procureur-general-de-la-cour-dappel-de-conakry\/"},"wordCount":168,"commentCount":0,"image":{"@id":"https:\/\/oeildupeuple224.com\/index.php\/decret-sidy-souleymane-ndiaye-nomme-procureur-general-de-la-cour-dappel-de-conakry\/#primaryimage"},"thumbnailUrl":"https:\/\/oeildupeuple224.com\/wp-content\/uploads\/2025\/10\/whatsapp-image-2025-10-19-a-144406-bc19b215.jpg","articleSection":["A la Une","Actualit\u00e9","Politique"],"inLanguage":"fr-FR","potentialAction":[{"@type":"CommentAction","name":"Comment","target":["https:\/\/oeildupeuple224.com\/index.php\/decret-sidy-souleymane-ndiaye-nomme-procureur-general-de-la-cour-dappel-de-conakry\/#respond"]}]},{"@type":"WebPage","@id":"https:\/\/oeildupeuple224.com\/index.php\/decret-sidy-souleymane-ndiaye-nomme-procureur-general-de-la-cour-dappel-de-conakry\/","url":"https:\/\/oeildupeuple224.com\/index.php\/decret-sidy-souleymane-ndiaye-nomme-procureur-general-de-la-cour-dappel-de-conakry\/","name":"D\u00e9cret : Sidy Souleymane N\u2019Diaye nomm\u00e9 Procureur G\u00e9n\u00e9ral de la Cour d\u2019Appel de Conakry - Oeildupeuple224","isPartOf":{"@id":"https:\/\/oeildupeuple224.com\/#website"},"primaryImageOfPage":{"@id":"https:\/\/oeildupeuple224.com\/index.php\/decret-sidy-souleymane-ndiaye-nomme-procureur-general-de-la-cour-dappel-de-conakry\/#primaryimage"},"image":{"@id":"https:\/\/oeildupeuple224.com\/index.php\/decret-sidy-souleymane-ndiaye-nomme-procureur-general-de-la-cour-dappel-de-conakry\/#primaryimage"},"thumbnailUrl":"https:\/\/oeildupeuple224.com\/wp-content\/uploads\/2025\/10\/whatsapp-image-2025-10-19-a-144406-bc19b215.jpg","datePublished":"2025-10-19T22:06:07+00:00","dateModified":"2025-10-19T22:07:28+00:00","author":{"@id":"https:\/\/oeildupeuple224.com\/#\/schema\/person\/67af96d96d7c96ed77036e49ab98a3d1"},"breadcrumb":{"@id":"https:\/\/oeildupeuple224.com\/index.php\/decret-sidy-souleymane-ndiaye-nomme-procureur-general-de-la-cour-dappel-de-conakry\/#breadcrumb"},"inLanguage":"fr-FR","potentialAction":[{"@type":"ReadAction","target":["https:\/\/oeildupeuple224.com\/index.php\/decret-sidy-souleymane-ndiaye-nomme-procureur-general-de-la-cour-dappel-de-conakry\/"]}]},{"@type":"ImageObject","inLanguage":"fr-FR","@id":"https:\/\/oeildupeuple224.com\/index.php\/decret-sidy-souleymane-ndiaye-nomme-procureur-general-de-la-cour-dappel-de-conakry\/#primaryimage","url":"https:\/\/oeildupeuple224.com\/wp-content\/uploads\/2025\/10\/whatsapp-image-2025-10-19-a-144406-bc19b215.jpg","contentUrl":"https:\/\/oeildupeuple224.com\/wp-content\/uploads\/2025\/10\/whatsapp-image-2025-10-19-a-144406-bc19b215.jpg","width":1080,"height":606},{"@type":"BreadcrumbList","@id":"https:\/\/oeildupeuple224.com\/index.php\/decret-sidy-souleymane-ndiaye-nomme-procureur-general-de-la-cour-dappel-de-conakry\/#breadcrumb","itemListElement":[{"@type":"ListItem","position":1,"name":"Home","item":"https:\/\/oeildupeuple224.com\/"},{"@type":"ListItem","position":2,"name":"D\u00e9cret : Sidy Souleymane N\u2019Diaye nomm\u00e9 Procureur G\u00e9n\u00e9ral de la Cour d\u2019Appel de Conakry"}]},{"@type":"WebSite","@id":"https:\/\/oeildupeuple224.com\/#website","url":"https:\/\/oeildupeuple224.com\/","name":"Oeildupeuple224","description":"Le regard du peuple sur l&#039;actualit\u00e9","potentialAction":[{"@type":"SearchAction","target":{"@type":"EntryPoint","urlTemplate":"https:\/\/oeildupeuple224.com\/?s={search_term_string}"},"query-input":{"@type":"PropertyValueSpecification","valueRequired":true,"valueName":"search_term_string"}}],"inLanguage":"fr-FR"},{"@type":"Person","@id":"https:\/\/oeildupeuple224.com\/#\/schema\/person\/67af96d96d7c96ed77036e49ab98a3d1","name":"Bolokada","image":{"@type":"ImageObject","inLanguage":"fr-FR","@id":"https:\/\/secure.gravatar.com\/avatar\/593ead1b1edfe657ed498637902872d2460fcdf9064121d046eb46b7d0659e3a?s=96&d=mm&r=g","url":"https:\/\/secure.gravatar.com\/avatar\/593ead1b1edfe657ed498637902872d2460fcdf9064121d046eb46b7d0659e3a?s=96&d=mm&r=g","contentUrl":"https:\/\/secure.gravatar.com\/avatar\/593ead1b1edfe657ed498637902872d2460fcdf9064121d046eb46b7d0659e3a?s=96&d=mm&r=g","caption":"Bolokada"},"url":"https:\/\/oeildupeuple224.com\/index.php\/author\/bolokada\/"}]}},"jetpack_featured_media_url":"https:\/\/oeildupeuple224.com\/wp-content\/uploads\/2025\/10\/whatsapp-image-2025-10-19-a-144406-bc19b215.jpg","_links":{"self":[{"href":"https:\/\/oeildupeuple224.com\/index.php\/wp-json\/wp\/v2\/posts\/360","targetHints":{"allow":["GET"]}}],"collection":[{"href":"https:\/\/oeildupeuple224.com\/index.php\/wp-json\/wp\/v2\/posts"}],"about":[{"href":"https:\/\/oeildupeuple224.com\/index.php\/wp-json\/wp\/v2\/types\/post"}],"author":[{"embeddable":true,"href":"https:\/\/oeildupeuple224.com\/index.php\/wp-json\/wp\/v2\/users\/3"}],"replies":[{"embeddable":true,"href":"https:\/\/oeildupeuple224.com\/index.php\/wp-json\/wp\/v2\/comments?post=360"}],"version-history":[{"count":0,"href":"https:\/\/oeildupeuple224.com\/index.php\/wp-json\/wp\/v2\/posts\/360\/revisions"}],"wp:featuredmedia":[{"embeddable":true,"href":"https:\/\/oeildupeuple224.com\/index.php\/wp-json\/wp\/v2\/media\/361"}],"wp:attachment":[{"href":"https:\/\/oeildupeuple224.com\/index.php\/wp-json\/wp\/v2\/media?parent=360"}],"wp:term":[{"taxonomy":"category","embeddable":true,"href":"https:\/\/oeildupeuple224.com\/index.php\/wp-json\/wp\/v2\/categories?post=360"},{"taxonomy":"post_tag","embeddable":true,"href":"https:\/\/oeildupeuple224.com\/index.php\/wp-json\/wp\/v2\/tags?post=360"}],"curies":[{"name":"wp","href":"https:\/\/api.w.org\/{rel}","templated":true}]}}