{"id":357,"date":"2025-10-19T11:01:21","date_gmt":"2025-10-19T09:01:21","guid":{"rendered":"https:\/\/oeildupeuple224.com\/?p=357"},"modified":"2025-10-19T11:01:21","modified_gmt":"2025-10-19T09:01:21","slug":"guinee-148-migrants-rapatries-du-niger-grace-a-une-operation-humanitaire","status":"publish","type":"post","link":"https:\/\/oeildupeuple224.com\/index.php\/guinee-148-migrants-rapatries-du-niger-grace-a-une-operation-humanitaire\/","title":{"rendered":"Guin\u00e9e : 148 migrants rapatri\u00e9s du Niger gr\u00e2ce \u00e0 une op\u00e9ration humanitaire"},"content":{"rendered":"<p style=\"text-align: left\">C\u2019est un v\u00e9ritable ouf de soulagement pour les 148 migrants guin\u00e9ens bloqu\u00e9s depuis plusieurs mois dans le d\u00e9sert nig\u00e9rien.<\/p>\n<p style=\"text-align: left\">\n<p style=\"text-align: left\">Dans l\u2019apr\u00e8s-midi du jeudi 16 octobre 2025, ils ont foul\u00e9 le sol natal \u00e0 l\u2019a\u00e9roport international Ahmed S\u00e9kou Tour\u00e9 de Conakry, o\u00f9 ils ont \u00e9t\u00e9 accueillis par le ministre des Affaires \u00e9trang\u00e8res, de l\u2019Int\u00e9gration africaine et des Guin\u00e9ens \u00e9tablis \u00e0 l\u2019\u00e9tranger, Dr Morissanda Kouyat\u00e9.<\/p>\n<p style=\"text-align: left\">\n<p style=\"text-align: left\">Selon les autorit\u00e9s, cette op\u00e9ration de rapatriement a \u00e9t\u00e9 rendue possible \u00e0 la suite d\u2019un appel de d\u00e9tresse lanc\u00e9 par les migrants, sollicitant l\u2019intervention du pr\u00e9sident de la transition, le g\u00e9n\u00e9ral Mamadi Doumbouya. Leur retour marque l\u2019aboutissement d\u2019une action de solidarit\u00e9 nationale en faveur de compatriotes en d\u00e9tresse \u00e0 l\u2019\u00e9tranger.<\/p>\n","protected":false},"excerpt":{"rendered":"<p>C\u2019est un v\u00e9ritable ouf de soulagement pour les 148 migrants guin\u00e9ens bloqu\u00e9s depuis plusieurs mois dans le d\u00e9sert nig\u00e9rien. Dans l\u2019apr\u00e8s-midi du jeudi 16 octobre 2025, ils ont foul\u00e9 le sol natal \u00e0 l\u2019a\u00e9roport international Ahmed S\u00e9kou Tour\u00e9 de Conakry, o\u00f9 ils ont \u00e9t\u00e9 accueillis par le ministre des Affaires \u00e9trang\u00e8res, de l\u2019Int\u00e9gration africaine et [&hellip;]<\/p>\n","protected":false},"author":3,"featured_media":358,"comment_status":"open","ping_status":"open","sticky":false,"template":"","format":"standard","meta":{"footnotes":""},"categories":[61,3,9],"tags":[],"class_list":["post-357","post","type-post","status-publish","format-standard","has-post-thumbnail","hentry","category-a-la-une","category-actualite","category-societe"],"yoast_head":"<!-- This site is optimized with the Yoast SEO plugin v27.5 - https:\/\/yoast.com\/product\/yoast-seo-wordpress\/ -->\n<title>Guin\u00e9e : 148 migrants rapatri\u00e9s du Niger gr\u00e2ce \u00e0 une op\u00e9ration humanitaire - Oeildupeuple224<\/title>\n<meta name=\"robots\" content=\"index, follow, max-snippet:-1, max-image-preview:large, max-video-preview:-1\" \/>\n<link rel=\"canonical\" href=\"https:\/\/oeildupeuple224.com\/index.php\/guinee-148-migrants-rapatries-du-niger-grace-a-une-operation-humanitaire\/\" \/>\n<meta property=\"og:locale\" content=\"fr_FR\" \/>\n<meta property=\"og:type\" content=\"article\" \/>\n<meta property=\"og:title\" content=\"Guin\u00e9e : 148 migrants rapatri\u00e9s du Niger gr\u00e2ce \u00e0 une op\u00e9ration humanitaire - Oeildupeuple224\" \/>\n<meta property=\"og:description\" content=\"C\u2019est un v\u00e9ritable ouf de soulagement pour les 148 migrants guin\u00e9ens bloqu\u00e9s depuis plusieurs mois dans le d\u00e9sert nig\u00e9rien. Dans l\u2019apr\u00e8s-midi du jeudi 16 octobre 2025, ils ont foul\u00e9 le sol natal \u00e0 l\u2019a\u00e9roport international Ahmed S\u00e9kou Tour\u00e9 de Conakry, o\u00f9 ils ont \u00e9t\u00e9 accueillis par le ministre des Affaires \u00e9trang\u00e8res, de l\u2019Int\u00e9gration africaine et [&hellip;]\" \/>\n<meta property=\"og:url\" content=\"https:\/\/oeildupeuple224.com\/index.php\/guinee-148-migrants-rapatries-du-niger-grace-a-une-operation-humanitaire\/\" \/>\n<meta property=\"og:site_name\" content=\"Oeildupeuple224\" \/>\n<meta property=\"article:published_time\" content=\"2025-10-19T09:01:21+00:00\" \/>\n<meta property=\"og:image\" content=\"https:\/\/oeildupeuple224.com\/wp-content\/uploads\/2025\/10\/img-20251017-123557-700-x-380-pixel.jpg\" \/>\n\t<meta property=\"og:image:width\" content=\"700\" \/>\n\t<meta property=\"og:image:height\" content=\"380\" \/>\n\t<meta property=\"og:image:type\" content=\"image\/jpeg\" \/>\n<meta name=\"author\" content=\"Bolokada\" \/>\n<meta name=\"twitter:card\" content=\"summary_large_image\" \/>\n<meta name=\"twitter:label1\" content=\"\u00c9crit par\" \/>\n\t<meta name=\"twitter:data1\" content=\"Bolokada\" \/>\n\t<meta name=\"twitter:label2\" content=\"Dur\u00e9e de lecture estim\u00e9e\" \/>\n\t<meta name=\"twitter:data2\" content=\"1 minute\" \/>\n<script type=\"application\/ld+json\" class=\"yoast-schema-graph\">{\"@context\":\"https:\\\/\\\/schema.org\",\"@graph\":[{\"@type\":\"Article\",\"@id\":\"https:\\\/\\\/oeildupeuple224.com\\\/index.php\\\/guinee-148-migrants-rapatries-du-niger-grace-a-une-operation-humanitaire\\\/#article\",\"isPartOf\":{\"@id\":\"https:\\\/\\\/oeildupeuple224.com\\\/index.php\\\/guinee-148-migrants-rapatries-du-niger-grace-a-une-operation-humanitaire\\\/\"},\"author\":{\"name\":\"Bolokada\",\"@id\":\"https:\\\/\\\/oeildupeuple224.com\\\/#\\\/schema\\\/person\\\/67af96d96d7c96ed77036e49ab98a3d1\"},\"headline\":\"Guin\u00e9e : 148 migrants rapatri\u00e9s du Niger gr\u00e2ce \u00e0 une op\u00e9ration humanitaire\",\"datePublished\":\"2025-10-19T09:01:21+00:00\",\"mainEntityOfPage\":{\"@id\":\"https:\\\/\\\/oeildupeuple224.com\\\/index.php\\\/guinee-148-migrants-rapatries-du-niger-grace-a-une-operation-humanitaire\\\/\"},\"wordCount\":147,\"commentCount\":0,\"image\":{\"@id\":\"https:\\\/\\\/oeildupeuple224.com\\\/index.php\\\/guinee-148-migrants-rapatries-du-niger-grace-a-une-operation-humanitaire\\\/#primaryimage\"},\"thumbnailUrl\":\"https:\\\/\\\/oeildupeuple224.com\\\/wp-content\\\/uploads\\\/2025\\\/10\\\/img-20251017-123557-700-x-380-pixel.jpg\",\"articleSection\":[\"A la Une\",\"Actualit\u00e9\",\"Soci\u00e9t\u00e9\"],\"inLanguage\":\"fr-FR\",\"potentialAction\":[{\"@type\":\"CommentAction\",\"name\":\"Comment\",\"target\":[\"https:\\\/\\\/oeildupeuple224.com\\\/index.php\\\/guinee-148-migrants-rapatries-du-niger-grace-a-une-operation-humanitaire\\\/#respond\"]}]},{\"@type\":\"WebPage\",\"@id\":\"https:\\\/\\\/oeildupeuple224.com\\\/index.php\\\/guinee-148-migrants-rapatries-du-niger-grace-a-une-operation-humanitaire\\\/\",\"url\":\"https:\\\/\\\/oeildupeuple224.com\\\/index.php\\\/guinee-148-migrants-rapatries-du-niger-grace-a-une-operation-humanitaire\\\/\",\"name\":\"Guin\u00e9e : 148 migrants rapatri\u00e9s du Niger gr\u00e2ce \u00e0 une op\u00e9ration humanitaire - Oeildupeuple224\",\"isPartOf\":{\"@id\":\"https:\\\/\\\/oeildupeuple224.com\\\/#website\"},\"primaryImageOfPage\":{\"@id\":\"https:\\\/\\\/oeildupeuple224.com\\\/index.php\\\/guinee-148-migrants-rapatries-du-niger-grace-a-une-operation-humanitaire\\\/#primaryimage\"},\"image\":{\"@id\":\"https:\\\/\\\/oeildupeuple224.com\\\/index.php\\\/guinee-148-migrants-rapatries-du-niger-grace-a-une-operation-humanitaire\\\/#primaryimage\"},\"thumbnailUrl\":\"https:\\\/\\\/oeildupeuple224.com\\\/wp-content\\\/uploads\\\/2025\\\/10\\\/img-20251017-123557-700-x-380-pixel.jpg\",\"datePublished\":\"2025-10-19T09:01:21+00:00\",\"author\":{\"@id\":\"https:\\\/\\\/oeildupeuple224.com\\\/#\\\/schema\\\/person\\\/67af96d96d7c96ed77036e49ab98a3d1\"},\"breadcrumb\":{\"@id\":\"https:\\\/\\\/oeildupeuple224.com\\\/index.php\\\/guinee-148-migrants-rapatries-du-niger-grace-a-une-operation-humanitaire\\\/#breadcrumb\"},\"inLanguage\":\"fr-FR\",\"potentialAction\":[{\"@type\":\"ReadAction\",\"target\":[\"https:\\\/\\\/oeildupeuple224.com\\\/index.php\\\/guinee-148-migrants-rapatries-du-niger-grace-a-une-operation-humanitaire\\\/\"]}]},{\"@type\":\"ImageObject\",\"inLanguage\":\"fr-FR\",\"@id\":\"https:\\\/\\\/oeildupeuple224.com\\\/index.php\\\/guinee-148-migrants-rapatries-du-niger-grace-a-une-operation-humanitaire\\\/#primaryimage\",\"url\":\"https:\\\/\\\/oeildupeuple224.com\\\/wp-content\\\/uploads\\\/2025\\\/10\\\/img-20251017-123557-700-x-380-pixel.jpg\",\"contentUrl\":\"https:\\\/\\\/oeildupeuple224.com\\\/wp-content\\\/uploads\\\/2025\\\/10\\\/img-20251017-123557-700-x-380-pixel.jpg\",\"width\":700,\"height\":380},{\"@type\":\"BreadcrumbList\",\"@id\":\"https:\\\/\\\/oeildupeuple224.com\\\/index.php\\\/guinee-148-migrants-rapatries-du-niger-grace-a-une-operation-humanitaire\\\/#breadcrumb\",\"itemListElement\":[{\"@type\":\"ListItem\",\"position\":1,\"name\":\"Home\",\"item\":\"https:\\\/\\\/oeildupeuple224.com\\\/\"},{\"@type\":\"ListItem\",\"position\":2,\"name\":\"Guin\u00e9e : 148 migrants rapatri\u00e9s du Niger gr\u00e2ce \u00e0 une op\u00e9ration humanitaire\"}]},{\"@type\":\"WebSite\",\"@id\":\"https:\\\/\\\/oeildupeuple224.com\\\/#website\",\"url\":\"https:\\\/\\\/oeildupeuple224.com\\\/\",\"name\":\"Oeildupeuple224\",\"description\":\"Le regard du peuple sur l&#039;actualit\u00e9\",\"potentialAction\":[{\"@type\":\"SearchAction\",\"target\":{\"@type\":\"EntryPoint\",\"urlTemplate\":\"https:\\\/\\\/oeildupeuple224.com\\\/?s={search_term_string}\"},\"query-input\":{\"@type\":\"PropertyValueSpecification\",\"valueRequired\":true,\"valueName\":\"search_term_string\"}}],\"inLanguage\":\"fr-FR\"},{\"@type\":\"Person\",\"@id\":\"https:\\\/\\\/oeildupeuple224.com\\\/#\\\/schema\\\/person\\\/67af96d96d7c96ed77036e49ab98a3d1\",\"name\":\"Bolokada\",\"image\":{\"@type\":\"ImageObject\",\"inLanguage\":\"fr-FR\",\"@id\":\"https:\\\/\\\/secure.gravatar.com\\\/avatar\\\/593ead1b1edfe657ed498637902872d2460fcdf9064121d046eb46b7d0659e3a?s=96&d=mm&r=g\",\"url\":\"https:\\\/\\\/secure.gravatar.com\\\/avatar\\\/593ead1b1edfe657ed498637902872d2460fcdf9064121d046eb46b7d0659e3a?s=96&d=mm&r=g\",\"contentUrl\":\"https:\\\/\\\/secure.gravatar.com\\\/avatar\\\/593ead1b1edfe657ed498637902872d2460fcdf9064121d046eb46b7d0659e3a?s=96&d=mm&r=g\",\"caption\":\"Bolokada\"},\"url\":\"https:\\\/\\\/oeildupeuple224.com\\\/index.php\\\/author\\\/bolokada\\\/\"}]}<\/script>\n<!-- \/ Yoast SEO plugin. -->","yoast_head_json":{"title":"Guin\u00e9e : 148 migrants rapatri\u00e9s du Niger gr\u00e2ce \u00e0 une op\u00e9ration humanitaire - Oeildupeuple224","robots":{"index":"index","follow":"follow","max-snippet":"max-snippet:-1","max-image-preview":"max-image-preview:large","max-video-preview":"max-video-preview:-1"},"canonical":"https:\/\/oeildupeuple224.com\/index.php\/guinee-148-migrants-rapatries-du-niger-grace-a-une-operation-humanitaire\/","og_locale":"fr_FR","og_type":"article","og_title":"Guin\u00e9e : 148 migrants rapatri\u00e9s du Niger gr\u00e2ce \u00e0 une op\u00e9ration humanitaire - Oeildupeuple224","og_description":"C\u2019est un v\u00e9ritable ouf de soulagement pour les 148 migrants guin\u00e9ens bloqu\u00e9s depuis plusieurs mois dans le d\u00e9sert nig\u00e9rien. Dans l\u2019apr\u00e8s-midi du jeudi 16 octobre 2025, ils ont foul\u00e9 le sol natal \u00e0 l\u2019a\u00e9roport international Ahmed S\u00e9kou Tour\u00e9 de Conakry, o\u00f9 ils ont \u00e9t\u00e9 accueillis par le ministre des Affaires \u00e9trang\u00e8res, de l\u2019Int\u00e9gration africaine et [&hellip;]","og_url":"https:\/\/oeildupeuple224.com\/index.php\/guinee-148-migrants-rapatries-du-niger-grace-a-une-operation-humanitaire\/","og_site_name":"Oeildupeuple224","article_published_time":"2025-10-19T09:01:21+00:00","og_image":[{"width":700,"height":380,"url":"https:\/\/oeildupeuple224.com\/wp-content\/uploads\/2025\/10\/img-20251017-123557-700-x-380-pixel.jpg","type":"image\/jpeg"}],"author":"Bolokada","twitter_card":"summary_large_image","twitter_misc":{"\u00c9crit par":"Bolokada","Dur\u00e9e de lecture estim\u00e9e":"1 minute"},"schema":{"@context":"https:\/\/schema.org","@graph":[{"@type":"Article","@id":"https:\/\/oeildupeuple224.com\/index.php\/guinee-148-migrants-rapatries-du-niger-grace-a-une-operation-humanitaire\/#article","isPartOf":{"@id":"https:\/\/oeildupeuple224.com\/index.php\/guinee-148-migrants-rapatries-du-niger-grace-a-une-operation-humanitaire\/"},"author":{"name":"Bolokada","@id":"https:\/\/oeildupeuple224.com\/#\/schema\/person\/67af96d96d7c96ed77036e49ab98a3d1"},"headline":"Guin\u00e9e : 148 migrants rapatri\u00e9s du Niger gr\u00e2ce \u00e0 une op\u00e9ration humanitaire","datePublished":"2025-10-19T09:01:21+00:00","mainEntityOfPage":{"@id":"https:\/\/oeildupeuple224.com\/index.php\/guinee-148-migrants-rapatries-du-niger-grace-a-une-operation-humanitaire\/"},"wordCount":147,"commentCount":0,"image":{"@id":"https:\/\/oeildupeuple224.com\/index.php\/guinee-148-migrants-rapatries-du-niger-grace-a-une-operation-humanitaire\/#primaryimage"},"thumbnailUrl":"https:\/\/oeildupeuple224.com\/wp-content\/uploads\/2025\/10\/img-20251017-123557-700-x-380-pixel.jpg","articleSection":["A la Une","Actualit\u00e9","Soci\u00e9t\u00e9"],"inLanguage":"fr-FR","potentialAction":[{"@type":"CommentAction","name":"Comment","target":["https:\/\/oeildupeuple224.com\/index.php\/guinee-148-migrants-rapatries-du-niger-grace-a-une-operation-humanitaire\/#respond"]}]},{"@type":"WebPage","@id":"https:\/\/oeildupeuple224.com\/index.php\/guinee-148-migrants-rapatries-du-niger-grace-a-une-operation-humanitaire\/","url":"https:\/\/oeildupeuple224.com\/index.php\/guinee-148-migrants-rapatries-du-niger-grace-a-une-operation-humanitaire\/","name":"Guin\u00e9e : 148 migrants rapatri\u00e9s du Niger gr\u00e2ce \u00e0 une op\u00e9ration humanitaire - Oeildupeuple224","isPartOf":{"@id":"https:\/\/oeildupeuple224.com\/#website"},"primaryImageOfPage":{"@id":"https:\/\/oeildupeuple224.com\/index.php\/guinee-148-migrants-rapatries-du-niger-grace-a-une-operation-humanitaire\/#primaryimage"},"image":{"@id":"https:\/\/oeildupeuple224.com\/index.php\/guinee-148-migrants-rapatries-du-niger-grace-a-une-operation-humanitaire\/#primaryimage"},"thumbnailUrl":"https:\/\/oeildupeuple224.com\/wp-content\/uploads\/2025\/10\/img-20251017-123557-700-x-380-pixel.jpg","datePublished":"2025-10-19T09:01:21+00:00","author":{"@id":"https:\/\/oeildupeuple224.com\/#\/schema\/person\/67af96d96d7c96ed77036e49ab98a3d1"},"breadcrumb":{"@id":"https:\/\/oeildupeuple224.com\/index.php\/guinee-148-migrants-rapatries-du-niger-grace-a-une-operation-humanitaire\/#breadcrumb"},"inLanguage":"fr-FR","potentialAction":[{"@type":"ReadAction","target":["https:\/\/oeildupeuple224.com\/index.php\/guinee-148-migrants-rapatries-du-niger-grace-a-une-operation-humanitaire\/"]}]},{"@type":"ImageObject","inLanguage":"fr-FR","@id":"https:\/\/oeildupeuple224.com\/index.php\/guinee-148-migrants-rapatries-du-niger-grace-a-une-operation-humanitaire\/#primaryimage","url":"https:\/\/oeildupeuple224.com\/wp-content\/uploads\/2025\/10\/img-20251017-123557-700-x-380-pixel.jpg","contentUrl":"https:\/\/oeildupeuple224.com\/wp-content\/uploads\/2025\/10\/img-20251017-123557-700-x-380-pixel.jpg","width":700,"height":380},{"@type":"BreadcrumbList","@id":"https:\/\/oeildupeuple224.com\/index.php\/guinee-148-migrants-rapatries-du-niger-grace-a-une-operation-humanitaire\/#breadcrumb","itemListElement":[{"@type":"ListItem","position":1,"name":"Home","item":"https:\/\/oeildupeuple224.com\/"},{"@type":"ListItem","position":2,"name":"Guin\u00e9e : 148 migrants rapatri\u00e9s du Niger gr\u00e2ce \u00e0 une op\u00e9ration humanitaire"}]},{"@type":"WebSite","@id":"https:\/\/oeildupeuple224.com\/#website","url":"https:\/\/oeildupeuple224.com\/","name":"Oeildupeuple224","description":"Le regard du peuple sur l&#039;actualit\u00e9","potentialAction":[{"@type":"SearchAction","target":{"@type":"EntryPoint","urlTemplate":"https:\/\/oeildupeuple224.com\/?s={search_term_string}"},"query-input":{"@type":"PropertyValueSpecification","valueRequired":true,"valueName":"search_term_string"}}],"inLanguage":"fr-FR"},{"@type":"Person","@id":"https:\/\/oeildupeuple224.com\/#\/schema\/person\/67af96d96d7c96ed77036e49ab98a3d1","name":"Bolokada","image":{"@type":"ImageObject","inLanguage":"fr-FR","@id":"https:\/\/secure.gravatar.com\/avatar\/593ead1b1edfe657ed498637902872d2460fcdf9064121d046eb46b7d0659e3a?s=96&d=mm&r=g","url":"https:\/\/secure.gravatar.com\/avatar\/593ead1b1edfe657ed498637902872d2460fcdf9064121d046eb46b7d0659e3a?s=96&d=mm&r=g","contentUrl":"https:\/\/secure.gravatar.com\/avatar\/593ead1b1edfe657ed498637902872d2460fcdf9064121d046eb46b7d0659e3a?s=96&d=mm&r=g","caption":"Bolokada"},"url":"https:\/\/oeildupeuple224.com\/index.php\/author\/bolokada\/"}]}},"jetpack_featured_media_url":"https:\/\/oeildupeuple224.com\/wp-content\/uploads\/2025\/10\/img-20251017-123557-700-x-380-pixel.jpg","_links":{"self":[{"href":"https:\/\/oeildupeuple224.com\/index.php\/wp-json\/wp\/v2\/posts\/357","targetHints":{"allow":["GET"]}}],"collection":[{"href":"https:\/\/oeildupeuple224.com\/index.php\/wp-json\/wp\/v2\/posts"}],"about":[{"href":"https:\/\/oeildupeuple224.com\/index.php\/wp-json\/wp\/v2\/types\/post"}],"author":[{"embeddable":true,"href":"https:\/\/oeildupeuple224.com\/index.php\/wp-json\/wp\/v2\/users\/3"}],"replies":[{"embeddable":true,"href":"https:\/\/oeildupeuple224.com\/index.php\/wp-json\/wp\/v2\/comments?post=357"}],"version-history":[{"count":0,"href":"https:\/\/oeildupeuple224.com\/index.php\/wp-json\/wp\/v2\/posts\/357\/revisions"}],"wp:featuredmedia":[{"embeddable":true,"href":"https:\/\/oeildupeuple224.com\/index.php\/wp-json\/wp\/v2\/media\/358"}],"wp:attachment":[{"href":"https:\/\/oeildupeuple224.com\/index.php\/wp-json\/wp\/v2\/media?parent=357"}],"wp:term":[{"taxonomy":"category","embeddable":true,"href":"https:\/\/oeildupeuple224.com\/index.php\/wp-json\/wp\/v2\/categories?post=357"},{"taxonomy":"post_tag","embeddable":true,"href":"https:\/\/oeildupeuple224.com\/index.php\/wp-json\/wp\/v2\/tags?post=357"}],"curies":[{"name":"wp","href":"https:\/\/api.w.org\/{rel}","templated":true}]}}