{"id":354,"date":"2025-10-19T10:57:01","date_gmt":"2025-10-19T08:57:01","guid":{"rendered":"https:\/\/oeildupeuple224.com\/?p=354"},"modified":"2025-10-19T10:57:01","modified_gmt":"2025-10-19T08:57:01","slug":"cote-divoire-marches-manifestations-et-meetings-interdits-excepte-la-campagne-presidentielle","status":"publish","type":"post","link":"https:\/\/oeildupeuple224.com\/index.php\/cote-divoire-marches-manifestations-et-meetings-interdits-excepte-la-campagne-presidentielle\/","title":{"rendered":"C\u00f4te d\u2019Ivoire: marches, manifestations et meetings interdits, except\u00e9 la campagne pr\u00e9sidentielle"},"content":{"rendered":"<p>En C\u00f4te d\u2019Ivoire, les meetings et manifestations de partis ou groupements politiques sont interdits pour deux mois, \u00e0 l\u2019exception de ceux organis\u00e9s dans le cadre de la campagne pr\u00e9sidentielle en cours.<\/p>\n<p>Les ministres de l\u2019Int\u00e9rieur et de la D\u00e9fense ont rendu leur d\u00e9cision dans un arr\u00eat\u00e9 publi\u00e9 vendredi 17 octobre dans la soir\u00e9e.<\/p>\n<p>&nbsp;<\/p>\n<p>&nbsp;<\/p>\n<p>&nbsp;<\/p>\n<p>L\u2019interdiction de tout rassemblement politique, sauf pour les partis en course pour la pr\u00e9sidentielle, fait suite aux heurts constat\u00e9s la semaine derni\u00e8re \u00e0 Abidjan et les incidents rapport\u00e9s dans l\u2019int\u00e9rieur du pays. Depuis le 11 octobre, plus de 700 interpellations ont \u00e9t\u00e9 recens\u00e9es et au moins une cinquantaine de manifestants condamn\u00e9s \u00e0 trois ans de prison ferme.<\/p>\n<p>Peu avant l\u2019arr\u00eat\u00e9 minist\u00e9riel, le gouvernement a donn\u00e9 ses arguments sur cette interdiction ponctuelle : d\u2019apr\u00e8s le ministre de la Justice de la C\u00f4te d\u2019Ivoire, ces manifestations rev\u00eatent un caract\u00e8re subversif depuis le 11 octobre 2025, car elles visent, selon lui, \u00ab \u00e0 emp\u00eacher la tenue de l\u2019\u00e9lection pr\u00e9sidentielle \u00bb et sont \u00ab marqu\u00e9es d\u2019une violence incompatible avec la loi \u00bb.<\/p>\n<p>&nbsp;<\/p>\n<p>Source: Rfi.fr<\/p>\n","protected":false},"excerpt":{"rendered":"<p>En C\u00f4te d\u2019Ivoire, les meetings et manifestations de partis ou groupements politiques sont interdits pour deux mois, \u00e0 l\u2019exception de ceux organis\u00e9s dans le cadre de la campagne pr\u00e9sidentielle en cours. Les ministres de l\u2019Int\u00e9rieur et de la D\u00e9fense ont rendu leur d\u00e9cision dans un arr\u00eat\u00e9 publi\u00e9 vendredi 17 octobre dans la soir\u00e9e. &nbsp; &nbsp; [&hellip;]<\/p>\n","protected":false},"author":3,"featured_media":355,"comment_status":"open","ping_status":"open","sticky":false,"template":"","format":"standard","meta":{"footnotes":""},"categories":[61,3,18],"tags":[65,66],"class_list":["post-354","post","type-post","status-publish","format-standard","has-post-thumbnail","hentry","category-a-la-une","category-actualite","category-international","tag-cote_divoir","tag-politique"],"yoast_head":"<!-- This site is optimized with the Yoast SEO plugin v27.5 - https:\/\/yoast.com\/product\/yoast-seo-wordpress\/ -->\n<title>C\u00f4te d\u2019Ivoire: marches, manifestations et meetings interdits, except\u00e9 la campagne pr\u00e9sidentielle - Oeildupeuple224<\/title>\n<meta name=\"robots\" content=\"index, follow, max-snippet:-1, max-image-preview:large, max-video-preview:-1\" \/>\n<link rel=\"canonical\" href=\"https:\/\/oeildupeuple224.com\/index.php\/cote-divoire-marches-manifestations-et-meetings-interdits-excepte-la-campagne-presidentielle\/\" \/>\n<meta property=\"og:locale\" content=\"fr_FR\" \/>\n<meta property=\"og:type\" content=\"article\" \/>\n<meta property=\"og:title\" content=\"C\u00f4te d\u2019Ivoire: marches, manifestations et meetings interdits, except\u00e9 la campagne pr\u00e9sidentielle - Oeildupeuple224\" \/>\n<meta property=\"og:description\" content=\"En C\u00f4te d\u2019Ivoire, les meetings et manifestations de partis ou groupements politiques sont interdits pour deux mois, \u00e0 l\u2019exception de ceux organis\u00e9s dans le cadre de la campagne pr\u00e9sidentielle en cours. Les ministres de l\u2019Int\u00e9rieur et de la D\u00e9fense ont rendu leur d\u00e9cision dans un arr\u00eat\u00e9 publi\u00e9 vendredi 17 octobre dans la soir\u00e9e. &nbsp; &nbsp; [&hellip;]\" \/>\n<meta property=\"og:url\" content=\"https:\/\/oeildupeuple224.com\/index.php\/cote-divoire-marches-manifestations-et-meetings-interdits-excepte-la-campagne-presidentielle\/\" \/>\n<meta property=\"og:site_name\" content=\"Oeildupeuple224\" \/>\n<meta property=\"article:published_time\" content=\"2025-10-19T08:57:01+00:00\" \/>\n<meta property=\"og:image\" content=\"https:\/\/oeildupeuple224.com\/wp-content\/uploads\/2025\/10\/2fbe938-ftp-import-images-1-077y0qjmra4k-2025-10-11t121712z-1397167400-rc2m9haxzvk5-rtrmadp-3-ivorycoast-election-664x375-1.jpg\" \/>\n\t<meta property=\"og:image:width\" content=\"664\" \/>\n\t<meta property=\"og:image:height\" content=\"375\" \/>\n\t<meta property=\"og:image:type\" content=\"image\/jpeg\" \/>\n<meta name=\"author\" content=\"Bolokada\" \/>\n<meta name=\"twitter:card\" content=\"summary_large_image\" \/>\n<meta name=\"twitter:label1\" content=\"\u00c9crit par\" \/>\n\t<meta name=\"twitter:data1\" content=\"Bolokada\" \/>\n\t<meta name=\"twitter:label2\" content=\"Dur\u00e9e de lecture estim\u00e9e\" \/>\n\t<meta name=\"twitter:data2\" content=\"2 minutes\" \/>\n<script type=\"application\/ld+json\" class=\"yoast-schema-graph\">{\"@context\":\"https:\\\/\\\/schema.org\",\"@graph\":[{\"@type\":\"Article\",\"@id\":\"https:\\\/\\\/oeildupeuple224.com\\\/index.php\\\/cote-divoire-marches-manifestations-et-meetings-interdits-excepte-la-campagne-presidentielle\\\/#article\",\"isPartOf\":{\"@id\":\"https:\\\/\\\/oeildupeuple224.com\\\/index.php\\\/cote-divoire-marches-manifestations-et-meetings-interdits-excepte-la-campagne-presidentielle\\\/\"},\"author\":{\"name\":\"Bolokada\",\"@id\":\"https:\\\/\\\/oeildupeuple224.com\\\/#\\\/schema\\\/person\\\/67af96d96d7c96ed77036e49ab98a3d1\"},\"headline\":\"C\u00f4te d\u2019Ivoire: marches, manifestations et meetings interdits, except\u00e9 la campagne pr\u00e9sidentielle\",\"datePublished\":\"2025-10-19T08:57:01+00:00\",\"mainEntityOfPage\":{\"@id\":\"https:\\\/\\\/oeildupeuple224.com\\\/index.php\\\/cote-divoire-marches-manifestations-et-meetings-interdits-excepte-la-campagne-presidentielle\\\/\"},\"wordCount\":212,\"commentCount\":0,\"image\":{\"@id\":\"https:\\\/\\\/oeildupeuple224.com\\\/index.php\\\/cote-divoire-marches-manifestations-et-meetings-interdits-excepte-la-campagne-presidentielle\\\/#primaryimage\"},\"thumbnailUrl\":\"https:\\\/\\\/oeildupeuple224.com\\\/wp-content\\\/uploads\\\/2025\\\/10\\\/2fbe938-ftp-import-images-1-077y0qjmra4k-2025-10-11t121712z-1397167400-rc2m9haxzvk5-rtrmadp-3-ivorycoast-election-664x375-1.jpg\",\"keywords\":[\"#C\u00f4te_divoir\",\"#politique\"],\"articleSection\":[\"A la Une\",\"Actualit\u00e9\",\"International\"],\"inLanguage\":\"fr-FR\",\"potentialAction\":[{\"@type\":\"CommentAction\",\"name\":\"Comment\",\"target\":[\"https:\\\/\\\/oeildupeuple224.com\\\/index.php\\\/cote-divoire-marches-manifestations-et-meetings-interdits-excepte-la-campagne-presidentielle\\\/#respond\"]}]},{\"@type\":\"WebPage\",\"@id\":\"https:\\\/\\\/oeildupeuple224.com\\\/index.php\\\/cote-divoire-marches-manifestations-et-meetings-interdits-excepte-la-campagne-presidentielle\\\/\",\"url\":\"https:\\\/\\\/oeildupeuple224.com\\\/index.php\\\/cote-divoire-marches-manifestations-et-meetings-interdits-excepte-la-campagne-presidentielle\\\/\",\"name\":\"C\u00f4te d\u2019Ivoire: marches, manifestations et meetings interdits, except\u00e9 la campagne pr\u00e9sidentielle - Oeildupeuple224\",\"isPartOf\":{\"@id\":\"https:\\\/\\\/oeildupeuple224.com\\\/#website\"},\"primaryImageOfPage\":{\"@id\":\"https:\\\/\\\/oeildupeuple224.com\\\/index.php\\\/cote-divoire-marches-manifestations-et-meetings-interdits-excepte-la-campagne-presidentielle\\\/#primaryimage\"},\"image\":{\"@id\":\"https:\\\/\\\/oeildupeuple224.com\\\/index.php\\\/cote-divoire-marches-manifestations-et-meetings-interdits-excepte-la-campagne-presidentielle\\\/#primaryimage\"},\"thumbnailUrl\":\"https:\\\/\\\/oeildupeuple224.com\\\/wp-content\\\/uploads\\\/2025\\\/10\\\/2fbe938-ftp-import-images-1-077y0qjmra4k-2025-10-11t121712z-1397167400-rc2m9haxzvk5-rtrmadp-3-ivorycoast-election-664x375-1.jpg\",\"datePublished\":\"2025-10-19T08:57:01+00:00\",\"author\":{\"@id\":\"https:\\\/\\\/oeildupeuple224.com\\\/#\\\/schema\\\/person\\\/67af96d96d7c96ed77036e49ab98a3d1\"},\"breadcrumb\":{\"@id\":\"https:\\\/\\\/oeildupeuple224.com\\\/index.php\\\/cote-divoire-marches-manifestations-et-meetings-interdits-excepte-la-campagne-presidentielle\\\/#breadcrumb\"},\"inLanguage\":\"fr-FR\",\"potentialAction\":[{\"@type\":\"ReadAction\",\"target\":[\"https:\\\/\\\/oeildupeuple224.com\\\/index.php\\\/cote-divoire-marches-manifestations-et-meetings-interdits-excepte-la-campagne-presidentielle\\\/\"]}]},{\"@type\":\"ImageObject\",\"inLanguage\":\"fr-FR\",\"@id\":\"https:\\\/\\\/oeildupeuple224.com\\\/index.php\\\/cote-divoire-marches-manifestations-et-meetings-interdits-excepte-la-campagne-presidentielle\\\/#primaryimage\",\"url\":\"https:\\\/\\\/oeildupeuple224.com\\\/wp-content\\\/uploads\\\/2025\\\/10\\\/2fbe938-ftp-import-images-1-077y0qjmra4k-2025-10-11t121712z-1397167400-rc2m9haxzvk5-rtrmadp-3-ivorycoast-election-664x375-1.jpg\",\"contentUrl\":\"https:\\\/\\\/oeildupeuple224.com\\\/wp-content\\\/uploads\\\/2025\\\/10\\\/2fbe938-ftp-import-images-1-077y0qjmra4k-2025-10-11t121712z-1397167400-rc2m9haxzvk5-rtrmadp-3-ivorycoast-election-664x375-1.jpg\",\"width\":664,\"height\":375},{\"@type\":\"BreadcrumbList\",\"@id\":\"https:\\\/\\\/oeildupeuple224.com\\\/index.php\\\/cote-divoire-marches-manifestations-et-meetings-interdits-excepte-la-campagne-presidentielle\\\/#breadcrumb\",\"itemListElement\":[{\"@type\":\"ListItem\",\"position\":1,\"name\":\"Home\",\"item\":\"https:\\\/\\\/oeildupeuple224.com\\\/\"},{\"@type\":\"ListItem\",\"position\":2,\"name\":\"C\u00f4te d\u2019Ivoire: marches, manifestations et meetings interdits, except\u00e9 la campagne pr\u00e9sidentielle\"}]},{\"@type\":\"WebSite\",\"@id\":\"https:\\\/\\\/oeildupeuple224.com\\\/#website\",\"url\":\"https:\\\/\\\/oeildupeuple224.com\\\/\",\"name\":\"Oeildupeuple224\",\"description\":\"Le regard du peuple sur l&#039;actualit\u00e9\",\"potentialAction\":[{\"@type\":\"SearchAction\",\"target\":{\"@type\":\"EntryPoint\",\"urlTemplate\":\"https:\\\/\\\/oeildupeuple224.com\\\/?s={search_term_string}\"},\"query-input\":{\"@type\":\"PropertyValueSpecification\",\"valueRequired\":true,\"valueName\":\"search_term_string\"}}],\"inLanguage\":\"fr-FR\"},{\"@type\":\"Person\",\"@id\":\"https:\\\/\\\/oeildupeuple224.com\\\/#\\\/schema\\\/person\\\/67af96d96d7c96ed77036e49ab98a3d1\",\"name\":\"Bolokada\",\"image\":{\"@type\":\"ImageObject\",\"inLanguage\":\"fr-FR\",\"@id\":\"https:\\\/\\\/secure.gravatar.com\\\/avatar\\\/593ead1b1edfe657ed498637902872d2460fcdf9064121d046eb46b7d0659e3a?s=96&d=mm&r=g\",\"url\":\"https:\\\/\\\/secure.gravatar.com\\\/avatar\\\/593ead1b1edfe657ed498637902872d2460fcdf9064121d046eb46b7d0659e3a?s=96&d=mm&r=g\",\"contentUrl\":\"https:\\\/\\\/secure.gravatar.com\\\/avatar\\\/593ead1b1edfe657ed498637902872d2460fcdf9064121d046eb46b7d0659e3a?s=96&d=mm&r=g\",\"caption\":\"Bolokada\"},\"url\":\"https:\\\/\\\/oeildupeuple224.com\\\/index.php\\\/author\\\/bolokada\\\/\"}]}<\/script>\n<!-- \/ Yoast SEO plugin. -->","yoast_head_json":{"title":"C\u00f4te d\u2019Ivoire: marches, manifestations et meetings interdits, except\u00e9 la campagne pr\u00e9sidentielle - Oeildupeuple224","robots":{"index":"index","follow":"follow","max-snippet":"max-snippet:-1","max-image-preview":"max-image-preview:large","max-video-preview":"max-video-preview:-1"},"canonical":"https:\/\/oeildupeuple224.com\/index.php\/cote-divoire-marches-manifestations-et-meetings-interdits-excepte-la-campagne-presidentielle\/","og_locale":"fr_FR","og_type":"article","og_title":"C\u00f4te d\u2019Ivoire: marches, manifestations et meetings interdits, except\u00e9 la campagne pr\u00e9sidentielle - Oeildupeuple224","og_description":"En C\u00f4te d\u2019Ivoire, les meetings et manifestations de partis ou groupements politiques sont interdits pour deux mois, \u00e0 l\u2019exception de ceux organis\u00e9s dans le cadre de la campagne pr\u00e9sidentielle en cours. Les ministres de l\u2019Int\u00e9rieur et de la D\u00e9fense ont rendu leur d\u00e9cision dans un arr\u00eat\u00e9 publi\u00e9 vendredi 17 octobre dans la soir\u00e9e. &nbsp; &nbsp; [&hellip;]","og_url":"https:\/\/oeildupeuple224.com\/index.php\/cote-divoire-marches-manifestations-et-meetings-interdits-excepte-la-campagne-presidentielle\/","og_site_name":"Oeildupeuple224","article_published_time":"2025-10-19T08:57:01+00:00","og_image":[{"width":664,"height":375,"url":"https:\/\/oeildupeuple224.com\/wp-content\/uploads\/2025\/10\/2fbe938-ftp-import-images-1-077y0qjmra4k-2025-10-11t121712z-1397167400-rc2m9haxzvk5-rtrmadp-3-ivorycoast-election-664x375-1.jpg","type":"image\/jpeg"}],"author":"Bolokada","twitter_card":"summary_large_image","twitter_misc":{"\u00c9crit par":"Bolokada","Dur\u00e9e de lecture estim\u00e9e":"2 minutes"},"schema":{"@context":"https:\/\/schema.org","@graph":[{"@type":"Article","@id":"https:\/\/oeildupeuple224.com\/index.php\/cote-divoire-marches-manifestations-et-meetings-interdits-excepte-la-campagne-presidentielle\/#article","isPartOf":{"@id":"https:\/\/oeildupeuple224.com\/index.php\/cote-divoire-marches-manifestations-et-meetings-interdits-excepte-la-campagne-presidentielle\/"},"author":{"name":"Bolokada","@id":"https:\/\/oeildupeuple224.com\/#\/schema\/person\/67af96d96d7c96ed77036e49ab98a3d1"},"headline":"C\u00f4te d\u2019Ivoire: marches, manifestations et meetings interdits, except\u00e9 la campagne pr\u00e9sidentielle","datePublished":"2025-10-19T08:57:01+00:00","mainEntityOfPage":{"@id":"https:\/\/oeildupeuple224.com\/index.php\/cote-divoire-marches-manifestations-et-meetings-interdits-excepte-la-campagne-presidentielle\/"},"wordCount":212,"commentCount":0,"image":{"@id":"https:\/\/oeildupeuple224.com\/index.php\/cote-divoire-marches-manifestations-et-meetings-interdits-excepte-la-campagne-presidentielle\/#primaryimage"},"thumbnailUrl":"https:\/\/oeildupeuple224.com\/wp-content\/uploads\/2025\/10\/2fbe938-ftp-import-images-1-077y0qjmra4k-2025-10-11t121712z-1397167400-rc2m9haxzvk5-rtrmadp-3-ivorycoast-election-664x375-1.jpg","keywords":["#C\u00f4te_divoir","#politique"],"articleSection":["A la Une","Actualit\u00e9","International"],"inLanguage":"fr-FR","potentialAction":[{"@type":"CommentAction","name":"Comment","target":["https:\/\/oeildupeuple224.com\/index.php\/cote-divoire-marches-manifestations-et-meetings-interdits-excepte-la-campagne-presidentielle\/#respond"]}]},{"@type":"WebPage","@id":"https:\/\/oeildupeuple224.com\/index.php\/cote-divoire-marches-manifestations-et-meetings-interdits-excepte-la-campagne-presidentielle\/","url":"https:\/\/oeildupeuple224.com\/index.php\/cote-divoire-marches-manifestations-et-meetings-interdits-excepte-la-campagne-presidentielle\/","name":"C\u00f4te d\u2019Ivoire: marches, manifestations et meetings interdits, except\u00e9 la campagne pr\u00e9sidentielle - Oeildupeuple224","isPartOf":{"@id":"https:\/\/oeildupeuple224.com\/#website"},"primaryImageOfPage":{"@id":"https:\/\/oeildupeuple224.com\/index.php\/cote-divoire-marches-manifestations-et-meetings-interdits-excepte-la-campagne-presidentielle\/#primaryimage"},"image":{"@id":"https:\/\/oeildupeuple224.com\/index.php\/cote-divoire-marches-manifestations-et-meetings-interdits-excepte-la-campagne-presidentielle\/#primaryimage"},"thumbnailUrl":"https:\/\/oeildupeuple224.com\/wp-content\/uploads\/2025\/10\/2fbe938-ftp-import-images-1-077y0qjmra4k-2025-10-11t121712z-1397167400-rc2m9haxzvk5-rtrmadp-3-ivorycoast-election-664x375-1.jpg","datePublished":"2025-10-19T08:57:01+00:00","author":{"@id":"https:\/\/oeildupeuple224.com\/#\/schema\/person\/67af96d96d7c96ed77036e49ab98a3d1"},"breadcrumb":{"@id":"https:\/\/oeildupeuple224.com\/index.php\/cote-divoire-marches-manifestations-et-meetings-interdits-excepte-la-campagne-presidentielle\/#breadcrumb"},"inLanguage":"fr-FR","potentialAction":[{"@type":"ReadAction","target":["https:\/\/oeildupeuple224.com\/index.php\/cote-divoire-marches-manifestations-et-meetings-interdits-excepte-la-campagne-presidentielle\/"]}]},{"@type":"ImageObject","inLanguage":"fr-FR","@id":"https:\/\/oeildupeuple224.com\/index.php\/cote-divoire-marches-manifestations-et-meetings-interdits-excepte-la-campagne-presidentielle\/#primaryimage","url":"https:\/\/oeildupeuple224.com\/wp-content\/uploads\/2025\/10\/2fbe938-ftp-import-images-1-077y0qjmra4k-2025-10-11t121712z-1397167400-rc2m9haxzvk5-rtrmadp-3-ivorycoast-election-664x375-1.jpg","contentUrl":"https:\/\/oeildupeuple224.com\/wp-content\/uploads\/2025\/10\/2fbe938-ftp-import-images-1-077y0qjmra4k-2025-10-11t121712z-1397167400-rc2m9haxzvk5-rtrmadp-3-ivorycoast-election-664x375-1.jpg","width":664,"height":375},{"@type":"BreadcrumbList","@id":"https:\/\/oeildupeuple224.com\/index.php\/cote-divoire-marches-manifestations-et-meetings-interdits-excepte-la-campagne-presidentielle\/#breadcrumb","itemListElement":[{"@type":"ListItem","position":1,"name":"Home","item":"https:\/\/oeildupeuple224.com\/"},{"@type":"ListItem","position":2,"name":"C\u00f4te d\u2019Ivoire: marches, manifestations et meetings interdits, except\u00e9 la campagne pr\u00e9sidentielle"}]},{"@type":"WebSite","@id":"https:\/\/oeildupeuple224.com\/#website","url":"https:\/\/oeildupeuple224.com\/","name":"Oeildupeuple224","description":"Le regard du peuple sur l&#039;actualit\u00e9","potentialAction":[{"@type":"SearchAction","target":{"@type":"EntryPoint","urlTemplate":"https:\/\/oeildupeuple224.com\/?s={search_term_string}"},"query-input":{"@type":"PropertyValueSpecification","valueRequired":true,"valueName":"search_term_string"}}],"inLanguage":"fr-FR"},{"@type":"Person","@id":"https:\/\/oeildupeuple224.com\/#\/schema\/person\/67af96d96d7c96ed77036e49ab98a3d1","name":"Bolokada","image":{"@type":"ImageObject","inLanguage":"fr-FR","@id":"https:\/\/secure.gravatar.com\/avatar\/593ead1b1edfe657ed498637902872d2460fcdf9064121d046eb46b7d0659e3a?s=96&d=mm&r=g","url":"https:\/\/secure.gravatar.com\/avatar\/593ead1b1edfe657ed498637902872d2460fcdf9064121d046eb46b7d0659e3a?s=96&d=mm&r=g","contentUrl":"https:\/\/secure.gravatar.com\/avatar\/593ead1b1edfe657ed498637902872d2460fcdf9064121d046eb46b7d0659e3a?s=96&d=mm&r=g","caption":"Bolokada"},"url":"https:\/\/oeildupeuple224.com\/index.php\/author\/bolokada\/"}]}},"jetpack_featured_media_url":"https:\/\/oeildupeuple224.com\/wp-content\/uploads\/2025\/10\/2fbe938-ftp-import-images-1-077y0qjmra4k-2025-10-11t121712z-1397167400-rc2m9haxzvk5-rtrmadp-3-ivorycoast-election-664x375-1.jpg","_links":{"self":[{"href":"https:\/\/oeildupeuple224.com\/index.php\/wp-json\/wp\/v2\/posts\/354","targetHints":{"allow":["GET"]}}],"collection":[{"href":"https:\/\/oeildupeuple224.com\/index.php\/wp-json\/wp\/v2\/posts"}],"about":[{"href":"https:\/\/oeildupeuple224.com\/index.php\/wp-json\/wp\/v2\/types\/post"}],"author":[{"embeddable":true,"href":"https:\/\/oeildupeuple224.com\/index.php\/wp-json\/wp\/v2\/users\/3"}],"replies":[{"embeddable":true,"href":"https:\/\/oeildupeuple224.com\/index.php\/wp-json\/wp\/v2\/comments?post=354"}],"version-history":[{"count":0,"href":"https:\/\/oeildupeuple224.com\/index.php\/wp-json\/wp\/v2\/posts\/354\/revisions"}],"wp:featuredmedia":[{"embeddable":true,"href":"https:\/\/oeildupeuple224.com\/index.php\/wp-json\/wp\/v2\/media\/355"}],"wp:attachment":[{"href":"https:\/\/oeildupeuple224.com\/index.php\/wp-json\/wp\/v2\/media?parent=354"}],"wp:term":[{"taxonomy":"category","embeddable":true,"href":"https:\/\/oeildupeuple224.com\/index.php\/wp-json\/wp\/v2\/categories?post=354"},{"taxonomy":"post_tag","embeddable":true,"href":"https:\/\/oeildupeuple224.com\/index.php\/wp-json\/wp\/v2\/tags?post=354"}],"curies":[{"name":"wp","href":"https:\/\/api.w.org\/{rel}","templated":true}]}}