{"id":34,"date":"2025-09-20T15:58:00","date_gmt":"2025-09-20T13:58:00","guid":{"rendered":"https:\/\/levigilant224.com\/2025\/09\/20\/lagee-presente-son-bilan-et-perspective-de-lannee-2025\/"},"modified":"2025-09-24T11:34:24","modified_gmt":"2025-09-24T09:34:24","slug":"lagee-presente-son-bilan-et-perspective-de-lannee-2025","status":"publish","type":"post","link":"https:\/\/oeildupeuple224.com\/index.php\/lagee-presente-son-bilan-et-perspective-de-lannee-2025\/","title":{"rendered":"l\u2019AGEE pr\u00e9sente son bilan et perspective de l\u2019ann\u00e9e 2025 |"},"content":{"rendered":"<p><\/p>\n<p>Les responsables de l\u2019Agence Guin\u00e9enne d\u2019\u00c9valuations Environnementales (AGEE) ont anim\u00e9 une conf\u00e9rence de presse ce vendredi 19 septembre 2025 \u00e0 \u00a0Conakry, pour pr\u00e9senter leur bilan et perspective de l\u2019ann\u00e9e 2025 .<\/p>\n<div>\n<p>Selon le Directeur G\u00e9n\u00e9ral de l\u2019AGEE Seydou Ciss\u00e9, son institution joue un r\u00f4le strat\u00e9gique dans la r\u00e9gulation des projets de d\u00e9veloppement.<\/p>\n<p>&lt;&lt; Notre mission est Claire: veiller \u00e0 ce que chaque projet, qu\u2019il soit minier, industriel, urbain ou agricole, respecte les normes environnementales et contribue \u00e0 la pr\u00e9servation de notre patrimoine naturel.&gt;&gt;<\/p>\n<p>Plus loin, il a tenu \u00e0 pr\u00e9senter un aper\u00e7u du bilan des activit\u00e9s r\u00e9centes men\u00e9es par l\u2019Agence Guin\u00e9enne d\u2019\u00c9valuations Environnementales dont entre autres : l\u2019\u00e9valuation environnementale strat\u00e9gique et technique de plusieurs projets majeurs, notamment dans le secteur minier, portuaire, \u00e9nerg\u00e9tique et urbain.<br \/>\u00ab Le Renforcement de notre pr\u00e9sence r\u00e9gionale \u00e0 travers le d\u00e9ploiement de nouveaux agents environnementaux dans les antennes de Conakry, Kindia, Lab\u00e9, Mamou, Faranah, Kankan et N\u2019Z\u00e9r\u00e9kor\u00e9 \u00bb a-t-il \u00e9num\u00e9r\u00e9.<\/p>\n<p>Parlant de la perspective, le Directeur G\u00e9n\u00e9ral a inform\u00e9 que l\u2019agence s\u2019engage sur plusieurs axes prioritaires \u00e0 savoir :<br \/>\u2013 Renforcement du cadre r\u00e9glementaire et technique,<br \/>La Digitalisation des proc\u00e9dures,<br \/>Renforcement des capacit\u00e9s r\u00e9gionales,<br \/>\u00c9ducation et mobilisation citoyenne.<\/p>\n<p><strong>\u00a0Source:GuineeQuotidien<\/strong><\/p>\n<p>\u00a0<\/p>\n<\/div>\n<p><a href=\"https:\/\/conakrynews.org\/index.php\/guinee-environnement-lagee-presente-son-bilan-et-perspective-de-lannee-2025\/\">Source link <\/a><\/p>\n","protected":false},"excerpt":{"rendered":"<p>Les responsables de l\u2019Agence Guin\u00e9enne d\u2019\u00c9valuations Environnementales (AGEE) ont anim\u00e9 une conf\u00e9rence de presse ce vendredi 19 septembre 2025 \u00e0 \u00a0Conakry, pour pr\u00e9senter leur bilan et perspective de l\u2019ann\u00e9e 2025 . Selon le Directeur G\u00e9n\u00e9ral de l\u2019AGEE Seydou Ciss\u00e9, son institution joue un r\u00f4le strat\u00e9gique dans la r\u00e9gulation des projets de d\u00e9veloppement. &lt;&lt; Notre mission [&hellip;]<\/p>\n","protected":false},"author":1,"featured_media":35,"comment_status":"open","ping_status":"open","sticky":false,"template":"","format":"standard","meta":{"footnotes":""},"categories":[3,13,7,18,5,1,11,4,6,16,17,9,8],"tags":[],"class_list":["post-34","post","type-post","status-publish","format-standard","has-post-thumbnail","hentry","category-actualite","category-culture","category-economie","category-international","category-interview","category-non-classe","category-oeildupeuple224-tv","category-opinion","category-politique","category-publireportage","category-sante","category-societe","category-sport"],"yoast_head":"<!-- This site is optimized with the Yoast SEO plugin v27.5 - https:\/\/yoast.com\/product\/yoast-seo-wordpress\/ -->\n<title>l\u2019AGEE pr\u00e9sente son bilan et perspective de l\u2019ann\u00e9e 2025 | - Oeildupeuple224<\/title>\n<meta name=\"robots\" content=\"index, follow, max-snippet:-1, max-image-preview:large, max-video-preview:-1\" \/>\n<link rel=\"canonical\" href=\"https:\/\/oeildupeuple224.com\/index.php\/lagee-presente-son-bilan-et-perspective-de-lannee-2025\/\" \/>\n<meta property=\"og:locale\" content=\"fr_FR\" \/>\n<meta property=\"og:type\" content=\"article\" \/>\n<meta property=\"og:title\" content=\"l\u2019AGEE pr\u00e9sente son bilan et perspective de l\u2019ann\u00e9e 2025 | - Oeildupeuple224\" \/>\n<meta property=\"og:description\" content=\"Les responsables de l\u2019Agence Guin\u00e9enne d\u2019\u00c9valuations Environnementales (AGEE) ont anim\u00e9 une conf\u00e9rence de presse ce vendredi 19 septembre 2025 \u00e0 \u00a0Conakry, pour pr\u00e9senter leur bilan et perspective de l\u2019ann\u00e9e 2025 . Selon le Directeur G\u00e9n\u00e9ral de l\u2019AGEE Seydou Ciss\u00e9, son institution joue un r\u00f4le strat\u00e9gique dans la r\u00e9gulation des projets de d\u00e9veloppement. &lt;&lt; Notre mission [&hellip;]\" \/>\n<meta property=\"og:url\" content=\"https:\/\/oeildupeuple224.com\/index.php\/lagee-presente-son-bilan-et-perspective-de-lannee-2025\/\" \/>\n<meta property=\"og:site_name\" content=\"Oeildupeuple224\" \/>\n<meta property=\"article:published_time\" content=\"2025-09-20T13:58:00+00:00\" \/>\n<meta property=\"article:modified_time\" content=\"2025-09-24T09:34:24+00:00\" \/>\n<meta property=\"og:image\" content=\"https:\/\/oeildupeuple224.com\/wp-content\/uploads\/2025\/09\/f0ac6b97-c7b0-4aa9-b887-fb0dc904f20f-660x330-1.jpeg\" \/>\n\t<meta property=\"og:image:width\" content=\"660\" \/>\n\t<meta property=\"og:image:height\" content=\"330\" \/>\n\t<meta property=\"og:image:type\" content=\"image\/jpeg\" \/>\n<meta name=\"author\" content=\"Equipe r\u00e9daction\" \/>\n<meta name=\"twitter:card\" content=\"summary_large_image\" \/>\n<meta name=\"twitter:label1\" content=\"\u00c9crit par\" \/>\n\t<meta name=\"twitter:data1\" content=\"Equipe r\u00e9daction\" \/>\n\t<meta name=\"twitter:label2\" content=\"Dur\u00e9e de lecture estim\u00e9e\" \/>\n\t<meta name=\"twitter:data2\" content=\"1 minute\" \/>\n<script type=\"application\/ld+json\" class=\"yoast-schema-graph\">{\"@context\":\"https:\\\/\\\/schema.org\",\"@graph\":[{\"@type\":\"Article\",\"@id\":\"https:\\\/\\\/oeildupeuple224.com\\\/index.php\\\/lagee-presente-son-bilan-et-perspective-de-lannee-2025\\\/#article\",\"isPartOf\":{\"@id\":\"https:\\\/\\\/oeildupeuple224.com\\\/index.php\\\/lagee-presente-son-bilan-et-perspective-de-lannee-2025\\\/\"},\"author\":{\"name\":\"Equipe r\u00e9daction\",\"@id\":\"https:\\\/\\\/oeildupeuple224.com\\\/#\\\/schema\\\/person\\\/32774c32a8b7930b556710cb658fb542\"},\"headline\":\"l\u2019AGEE pr\u00e9sente son bilan et perspective de l\u2019ann\u00e9e 2025 |\",\"datePublished\":\"2025-09-20T13:58:00+00:00\",\"dateModified\":\"2025-09-24T09:34:24+00:00\",\"mainEntityOfPage\":{\"@id\":\"https:\\\/\\\/oeildupeuple224.com\\\/index.php\\\/lagee-presente-son-bilan-et-perspective-de-lannee-2025\\\/\"},\"wordCount\":239,\"commentCount\":0,\"image\":{\"@id\":\"https:\\\/\\\/oeildupeuple224.com\\\/index.php\\\/lagee-presente-son-bilan-et-perspective-de-lannee-2025\\\/#primaryimage\"},\"thumbnailUrl\":\"https:\\\/\\\/oeildupeuple224.com\\\/wp-content\\\/uploads\\\/2025\\\/09\\\/f0ac6b97-c7b0-4aa9-b887-fb0dc904f20f-660x330-1.jpeg\",\"articleSection\":{\"0\":\"Actualit\u00e9\",\"1\":\"Culture\",\"2\":\"Economie\",\"3\":\"International\",\"4\":\"Interview\",\"6\":\"Oeildupeuple224 TV\",\"7\":\"Opinion\",\"8\":\"Politique\",\"9\":\"Publireportage\",\"10\":\"Sant\u00e9\",\"11\":\"Soci\u00e9t\u00e9\",\"12\":\"Sport\"},\"inLanguage\":\"fr-FR\",\"potentialAction\":[{\"@type\":\"CommentAction\",\"name\":\"Comment\",\"target\":[\"https:\\\/\\\/oeildupeuple224.com\\\/index.php\\\/lagee-presente-son-bilan-et-perspective-de-lannee-2025\\\/#respond\"]}]},{\"@type\":\"WebPage\",\"@id\":\"https:\\\/\\\/oeildupeuple224.com\\\/index.php\\\/lagee-presente-son-bilan-et-perspective-de-lannee-2025\\\/\",\"url\":\"https:\\\/\\\/oeildupeuple224.com\\\/index.php\\\/lagee-presente-son-bilan-et-perspective-de-lannee-2025\\\/\",\"name\":\"l\u2019AGEE pr\u00e9sente son bilan et perspective de l\u2019ann\u00e9e 2025 | - Oeildupeuple224\",\"isPartOf\":{\"@id\":\"https:\\\/\\\/oeildupeuple224.com\\\/#website\"},\"primaryImageOfPage\":{\"@id\":\"https:\\\/\\\/oeildupeuple224.com\\\/index.php\\\/lagee-presente-son-bilan-et-perspective-de-lannee-2025\\\/#primaryimage\"},\"image\":{\"@id\":\"https:\\\/\\\/oeildupeuple224.com\\\/index.php\\\/lagee-presente-son-bilan-et-perspective-de-lannee-2025\\\/#primaryimage\"},\"thumbnailUrl\":\"https:\\\/\\\/oeildupeuple224.com\\\/wp-content\\\/uploads\\\/2025\\\/09\\\/f0ac6b97-c7b0-4aa9-b887-fb0dc904f20f-660x330-1.jpeg\",\"datePublished\":\"2025-09-20T13:58:00+00:00\",\"dateModified\":\"2025-09-24T09:34:24+00:00\",\"author\":{\"@id\":\"https:\\\/\\\/oeildupeuple224.com\\\/#\\\/schema\\\/person\\\/32774c32a8b7930b556710cb658fb542\"},\"breadcrumb\":{\"@id\":\"https:\\\/\\\/oeildupeuple224.com\\\/index.php\\\/lagee-presente-son-bilan-et-perspective-de-lannee-2025\\\/#breadcrumb\"},\"inLanguage\":\"fr-FR\",\"potentialAction\":[{\"@type\":\"ReadAction\",\"target\":[\"https:\\\/\\\/oeildupeuple224.com\\\/index.php\\\/lagee-presente-son-bilan-et-perspective-de-lannee-2025\\\/\"]}]},{\"@type\":\"ImageObject\",\"inLanguage\":\"fr-FR\",\"@id\":\"https:\\\/\\\/oeildupeuple224.com\\\/index.php\\\/lagee-presente-son-bilan-et-perspective-de-lannee-2025\\\/#primaryimage\",\"url\":\"https:\\\/\\\/oeildupeuple224.com\\\/wp-content\\\/uploads\\\/2025\\\/09\\\/f0ac6b97-c7b0-4aa9-b887-fb0dc904f20f-660x330-1.jpeg\",\"contentUrl\":\"https:\\\/\\\/oeildupeuple224.com\\\/wp-content\\\/uploads\\\/2025\\\/09\\\/f0ac6b97-c7b0-4aa9-b887-fb0dc904f20f-660x330-1.jpeg\",\"width\":660,\"height\":330},{\"@type\":\"BreadcrumbList\",\"@id\":\"https:\\\/\\\/oeildupeuple224.com\\\/index.php\\\/lagee-presente-son-bilan-et-perspective-de-lannee-2025\\\/#breadcrumb\",\"itemListElement\":[{\"@type\":\"ListItem\",\"position\":1,\"name\":\"Home\",\"item\":\"https:\\\/\\\/oeildupeuple224.com\\\/\"},{\"@type\":\"ListItem\",\"position\":2,\"name\":\"l\u2019AGEE pr\u00e9sente son bilan et perspective de l\u2019ann\u00e9e 2025 |\"}]},{\"@type\":\"WebSite\",\"@id\":\"https:\\\/\\\/oeildupeuple224.com\\\/#website\",\"url\":\"https:\\\/\\\/oeildupeuple224.com\\\/\",\"name\":\"Oeildupeuple224\",\"description\":\"Le regard du peuple sur l&#039;actualit\u00e9\",\"potentialAction\":[{\"@type\":\"SearchAction\",\"target\":{\"@type\":\"EntryPoint\",\"urlTemplate\":\"https:\\\/\\\/oeildupeuple224.com\\\/?s={search_term_string}\"},\"query-input\":{\"@type\":\"PropertyValueSpecification\",\"valueRequired\":true,\"valueName\":\"search_term_string\"}}],\"inLanguage\":\"fr-FR\"},{\"@type\":\"Person\",\"@id\":\"https:\\\/\\\/oeildupeuple224.com\\\/#\\\/schema\\\/person\\\/32774c32a8b7930b556710cb658fb542\",\"name\":\"Equipe r\u00e9daction\",\"image\":{\"@type\":\"ImageObject\",\"inLanguage\":\"fr-FR\",\"@id\":\"https:\\\/\\\/secure.gravatar.com\\\/avatar\\\/f0d23c1f203acca9b06f6b63090a0767e6dea43e9ef34b3f950fb4ff1030d4e0?s=96&d=mm&r=g\",\"url\":\"https:\\\/\\\/secure.gravatar.com\\\/avatar\\\/f0d23c1f203acca9b06f6b63090a0767e6dea43e9ef34b3f950fb4ff1030d4e0?s=96&d=mm&r=g\",\"contentUrl\":\"https:\\\/\\\/secure.gravatar.com\\\/avatar\\\/f0d23c1f203acca9b06f6b63090a0767e6dea43e9ef34b3f950fb4ff1030d4e0?s=96&d=mm&r=g\",\"caption\":\"Equipe r\u00e9daction\"},\"sameAs\":[\"https:\\\/\\\/oeildupeuple224.com\"],\"url\":\"https:\\\/\\\/oeildupeuple224.com\\\/index.php\\\/author\\\/levi\\\/\"}]}<\/script>\n<!-- \/ Yoast SEO plugin. -->","yoast_head_json":{"title":"l\u2019AGEE pr\u00e9sente son bilan et perspective de l\u2019ann\u00e9e 2025 | - Oeildupeuple224","robots":{"index":"index","follow":"follow","max-snippet":"max-snippet:-1","max-image-preview":"max-image-preview:large","max-video-preview":"max-video-preview:-1"},"canonical":"https:\/\/oeildupeuple224.com\/index.php\/lagee-presente-son-bilan-et-perspective-de-lannee-2025\/","og_locale":"fr_FR","og_type":"article","og_title":"l\u2019AGEE pr\u00e9sente son bilan et perspective de l\u2019ann\u00e9e 2025 | - Oeildupeuple224","og_description":"Les responsables de l\u2019Agence Guin\u00e9enne d\u2019\u00c9valuations Environnementales (AGEE) ont anim\u00e9 une conf\u00e9rence de presse ce vendredi 19 septembre 2025 \u00e0 \u00a0Conakry, pour pr\u00e9senter leur bilan et perspective de l\u2019ann\u00e9e 2025 . Selon le Directeur G\u00e9n\u00e9ral de l\u2019AGEE Seydou Ciss\u00e9, son institution joue un r\u00f4le strat\u00e9gique dans la r\u00e9gulation des projets de d\u00e9veloppement. &lt;&lt; Notre mission [&hellip;]","og_url":"https:\/\/oeildupeuple224.com\/index.php\/lagee-presente-son-bilan-et-perspective-de-lannee-2025\/","og_site_name":"Oeildupeuple224","article_published_time":"2025-09-20T13:58:00+00:00","article_modified_time":"2025-09-24T09:34:24+00:00","og_image":[{"width":660,"height":330,"url":"https:\/\/oeildupeuple224.com\/wp-content\/uploads\/2025\/09\/f0ac6b97-c7b0-4aa9-b887-fb0dc904f20f-660x330-1.jpeg","type":"image\/jpeg"}],"author":"Equipe r\u00e9daction","twitter_card":"summary_large_image","twitter_misc":{"\u00c9crit par":"Equipe r\u00e9daction","Dur\u00e9e de lecture estim\u00e9e":"1 minute"},"schema":{"@context":"https:\/\/schema.org","@graph":[{"@type":"Article","@id":"https:\/\/oeildupeuple224.com\/index.php\/lagee-presente-son-bilan-et-perspective-de-lannee-2025\/#article","isPartOf":{"@id":"https:\/\/oeildupeuple224.com\/index.php\/lagee-presente-son-bilan-et-perspective-de-lannee-2025\/"},"author":{"name":"Equipe r\u00e9daction","@id":"https:\/\/oeildupeuple224.com\/#\/schema\/person\/32774c32a8b7930b556710cb658fb542"},"headline":"l\u2019AGEE pr\u00e9sente son bilan et perspective de l\u2019ann\u00e9e 2025 |","datePublished":"2025-09-20T13:58:00+00:00","dateModified":"2025-09-24T09:34:24+00:00","mainEntityOfPage":{"@id":"https:\/\/oeildupeuple224.com\/index.php\/lagee-presente-son-bilan-et-perspective-de-lannee-2025\/"},"wordCount":239,"commentCount":0,"image":{"@id":"https:\/\/oeildupeuple224.com\/index.php\/lagee-presente-son-bilan-et-perspective-de-lannee-2025\/#primaryimage"},"thumbnailUrl":"https:\/\/oeildupeuple224.com\/wp-content\/uploads\/2025\/09\/f0ac6b97-c7b0-4aa9-b887-fb0dc904f20f-660x330-1.jpeg","articleSection":{"0":"Actualit\u00e9","1":"Culture","2":"Economie","3":"International","4":"Interview","6":"Oeildupeuple224 TV","7":"Opinion","8":"Politique","9":"Publireportage","10":"Sant\u00e9","11":"Soci\u00e9t\u00e9","12":"Sport"},"inLanguage":"fr-FR","potentialAction":[{"@type":"CommentAction","name":"Comment","target":["https:\/\/oeildupeuple224.com\/index.php\/lagee-presente-son-bilan-et-perspective-de-lannee-2025\/#respond"]}]},{"@type":"WebPage","@id":"https:\/\/oeildupeuple224.com\/index.php\/lagee-presente-son-bilan-et-perspective-de-lannee-2025\/","url":"https:\/\/oeildupeuple224.com\/index.php\/lagee-presente-son-bilan-et-perspective-de-lannee-2025\/","name":"l\u2019AGEE pr\u00e9sente son bilan et perspective de l\u2019ann\u00e9e 2025 | - Oeildupeuple224","isPartOf":{"@id":"https:\/\/oeildupeuple224.com\/#website"},"primaryImageOfPage":{"@id":"https:\/\/oeildupeuple224.com\/index.php\/lagee-presente-son-bilan-et-perspective-de-lannee-2025\/#primaryimage"},"image":{"@id":"https:\/\/oeildupeuple224.com\/index.php\/lagee-presente-son-bilan-et-perspective-de-lannee-2025\/#primaryimage"},"thumbnailUrl":"https:\/\/oeildupeuple224.com\/wp-content\/uploads\/2025\/09\/f0ac6b97-c7b0-4aa9-b887-fb0dc904f20f-660x330-1.jpeg","datePublished":"2025-09-20T13:58:00+00:00","dateModified":"2025-09-24T09:34:24+00:00","author":{"@id":"https:\/\/oeildupeuple224.com\/#\/schema\/person\/32774c32a8b7930b556710cb658fb542"},"breadcrumb":{"@id":"https:\/\/oeildupeuple224.com\/index.php\/lagee-presente-son-bilan-et-perspective-de-lannee-2025\/#breadcrumb"},"inLanguage":"fr-FR","potentialAction":[{"@type":"ReadAction","target":["https:\/\/oeildupeuple224.com\/index.php\/lagee-presente-son-bilan-et-perspective-de-lannee-2025\/"]}]},{"@type":"ImageObject","inLanguage":"fr-FR","@id":"https:\/\/oeildupeuple224.com\/index.php\/lagee-presente-son-bilan-et-perspective-de-lannee-2025\/#primaryimage","url":"https:\/\/oeildupeuple224.com\/wp-content\/uploads\/2025\/09\/f0ac6b97-c7b0-4aa9-b887-fb0dc904f20f-660x330-1.jpeg","contentUrl":"https:\/\/oeildupeuple224.com\/wp-content\/uploads\/2025\/09\/f0ac6b97-c7b0-4aa9-b887-fb0dc904f20f-660x330-1.jpeg","width":660,"height":330},{"@type":"BreadcrumbList","@id":"https:\/\/oeildupeuple224.com\/index.php\/lagee-presente-son-bilan-et-perspective-de-lannee-2025\/#breadcrumb","itemListElement":[{"@type":"ListItem","position":1,"name":"Home","item":"https:\/\/oeildupeuple224.com\/"},{"@type":"ListItem","position":2,"name":"l\u2019AGEE pr\u00e9sente son bilan et perspective de l\u2019ann\u00e9e 2025 |"}]},{"@type":"WebSite","@id":"https:\/\/oeildupeuple224.com\/#website","url":"https:\/\/oeildupeuple224.com\/","name":"Oeildupeuple224","description":"Le regard du peuple sur l&#039;actualit\u00e9","potentialAction":[{"@type":"SearchAction","target":{"@type":"EntryPoint","urlTemplate":"https:\/\/oeildupeuple224.com\/?s={search_term_string}"},"query-input":{"@type":"PropertyValueSpecification","valueRequired":true,"valueName":"search_term_string"}}],"inLanguage":"fr-FR"},{"@type":"Person","@id":"https:\/\/oeildupeuple224.com\/#\/schema\/person\/32774c32a8b7930b556710cb658fb542","name":"Equipe r\u00e9daction","image":{"@type":"ImageObject","inLanguage":"fr-FR","@id":"https:\/\/secure.gravatar.com\/avatar\/f0d23c1f203acca9b06f6b63090a0767e6dea43e9ef34b3f950fb4ff1030d4e0?s=96&d=mm&r=g","url":"https:\/\/secure.gravatar.com\/avatar\/f0d23c1f203acca9b06f6b63090a0767e6dea43e9ef34b3f950fb4ff1030d4e0?s=96&d=mm&r=g","contentUrl":"https:\/\/secure.gravatar.com\/avatar\/f0d23c1f203acca9b06f6b63090a0767e6dea43e9ef34b3f950fb4ff1030d4e0?s=96&d=mm&r=g","caption":"Equipe r\u00e9daction"},"sameAs":["https:\/\/oeildupeuple224.com"],"url":"https:\/\/oeildupeuple224.com\/index.php\/author\/levi\/"}]}},"jetpack_featured_media_url":"https:\/\/oeildupeuple224.com\/wp-content\/uploads\/2025\/09\/f0ac6b97-c7b0-4aa9-b887-fb0dc904f20f-660x330-1.jpeg","_links":{"self":[{"href":"https:\/\/oeildupeuple224.com\/index.php\/wp-json\/wp\/v2\/posts\/34","targetHints":{"allow":["GET"]}}],"collection":[{"href":"https:\/\/oeildupeuple224.com\/index.php\/wp-json\/wp\/v2\/posts"}],"about":[{"href":"https:\/\/oeildupeuple224.com\/index.php\/wp-json\/wp\/v2\/types\/post"}],"author":[{"embeddable":true,"href":"https:\/\/oeildupeuple224.com\/index.php\/wp-json\/wp\/v2\/users\/1"}],"replies":[{"embeddable":true,"href":"https:\/\/oeildupeuple224.com\/index.php\/wp-json\/wp\/v2\/comments?post=34"}],"version-history":[{"count":0,"href":"https:\/\/oeildupeuple224.com\/index.php\/wp-json\/wp\/v2\/posts\/34\/revisions"}],"wp:featuredmedia":[{"embeddable":true,"href":"https:\/\/oeildupeuple224.com\/index.php\/wp-json\/wp\/v2\/media\/35"}],"wp:attachment":[{"href":"https:\/\/oeildupeuple224.com\/index.php\/wp-json\/wp\/v2\/media?parent=34"}],"wp:term":[{"taxonomy":"category","embeddable":true,"href":"https:\/\/oeildupeuple224.com\/index.php\/wp-json\/wp\/v2\/categories?post=34"},{"taxonomy":"post_tag","embeddable":true,"href":"https:\/\/oeildupeuple224.com\/index.php\/wp-json\/wp\/v2\/tags?post=34"}],"curies":[{"name":"wp","href":"https:\/\/api.w.org\/{rel}","templated":true}]}}