{"id":2098,"date":"2026-04-26T23:21:31","date_gmt":"2026-04-26T21:21:31","guid":{"rendered":"https:\/\/oeildupeuple224.com\/?p=2098"},"modified":"2026-04-26T23:30:14","modified_gmt":"2026-04-26T21:30:14","slug":"journee-mondiale-de-la-liberte-de-la-presse-la-guinee-celebre-lunite-et-rend-hommage-a-ses-pionniers","status":"publish","type":"post","link":"https:\/\/oeildupeuple224.com\/index.php\/journee-mondiale-de-la-liberte-de-la-presse-la-guinee-celebre-lunite-et-rend-hommage-a-ses-pionniers\/","title":{"rendered":"Journ\u00e9e mondiale de la libert\u00e9 de la presse : la Guin\u00e9e c\u00e9l\u00e8bre l\u2019unit\u00e9 et rend hommage \u00e0 ses pionniers"},"content":{"rendered":"<p>La Maison de la Presse de Guin\u00e9e annonce la c\u00e9l\u00e9bration de la Journ\u00e9e internationale de la libert\u00e9 de la presse, pr\u00e9vue le dimanche 03 mai 2026 \u00e0 10 heures, \u00e0 son si\u00e8ge situ\u00e9 \u00e0 la Mini\u00e8re, dans la commune de Dixinn.<\/p>\n<p>Plac\u00e9e sous le haut patronage du Pr\u00e9sident de la R\u00e9publique, le G\u00e9n\u00e9ral Mamadi Doumbouya, cette \u00e9dition 2026 se d\u00e9roulera autour du th\u00e8me international : \u00ab Fa\u00e7onner un avenir de paix \u00bb.<\/p>\n<p>Dans un contexte marqu\u00e9 par des d\u00e9fis persistants li\u00e9s \u00e0 la libert\u00e9 d\u2019expression, l\u2019\u00e9v\u00e9nement se veut un moment de rassemblement et de r\u00e9flexion pour l\u2019ensemble des acteurs des m\u00e9dias. La presse guin\u00e9enne, dans toute sa diversit\u00e9 publique et priv\u00e9e, audiovisuelle, \u00e9crite et en ligne est appel\u00e9e \u00e0 se mobiliser dans un esprit d\u2019unit\u00e9 et de solidarit\u00e9.<\/p>\n<p>La c\u00e9r\u00e9monie enregistrera la participation de plusieurs hautes personnalit\u00e9s, notamment des repr\u00e9sentants de la Primature, ainsi que de divers d\u00e9partements minist\u00e9riels, dont le minist\u00e8re en charge de la Communication, de l\u2019\u00c9conomie num\u00e9rique et de l\u2019Innovation. Des allocutions sont \u00e9galement attendues de la Haute Autorit\u00e9 de la Communication (HAC) et du Conseil d\u2019administration de la Maison de la Presse de Guin\u00e9e.<\/p>\n<p><strong>Temps fort de la rencontre :<\/strong> la distinction de figures embl\u00e9matiques du paysage m\u00e9diatique national. Des pionniers de la presse guin\u00e9enne seront honor\u00e9s pour leur contribution remarquable \u00e0 la promotion de la libert\u00e9 de la presse et \u00e0 l\u2019excellence professionnelle. Ces distinctions seront d\u00e9cern\u00e9es \u00e0 titre anthume, en reconnaissance de leur engagement constant au service du d\u00e9veloppement des m\u00e9dias et de la consolidation de la d\u00e9mocratie.<\/p>\n<p>\u00c0 travers cette initiative, la Maison de la Presse de Guin\u00e9e r\u00e9affirme que la libert\u00e9 de la presse demeure un pilier essentiel de toute soci\u00e9t\u00e9 d\u00e9mocratique. Elle invite, \u00e0 cet effet, les journalistes, les institutions r\u00e9publicaines, les partenaires techniques et financiers, ainsi que les d\u00e9fenseurs des libert\u00e9s publiques \u00e0 prendre part \u00e0 cette c\u00e9l\u00e9bration.<\/p>\n<p><strong>Message cl\u00e9 de cette \u00e9dition :<\/strong> renforcer l\u2019unit\u00e9 de la presse guin\u00e9enne autour des valeurs de libert\u00e9, de responsabilit\u00e9 et de professionnalisme.<\/p>\n","protected":false},"excerpt":{"rendered":"<p>La Maison de la Presse de Guin\u00e9e annonce la c\u00e9l\u00e9bration de la Journ\u00e9e internationale de la libert\u00e9 de la presse, pr\u00e9vue le dimanche 03 mai 2026 \u00e0 10 heures, \u00e0 son si\u00e8ge situ\u00e9 \u00e0 la Mini\u00e8re, dans la commune de Dixinn. Plac\u00e9e sous le haut patronage du Pr\u00e9sident de la R\u00e9publique, le G\u00e9n\u00e9ral Mamadi Doumbouya, [&hellip;]<\/p>\n","protected":false},"author":3,"featured_media":2100,"comment_status":"open","ping_status":"open","sticky":false,"template":"","format":"standard","meta":{"footnotes":""},"categories":[61,3,9],"tags":[820,72,235,822,821,248],"class_list":["post-2098","post","type-post","status-publish","format-standard","has-post-thumbnail","hentry","category-a-la-une","category-actualite","category-societe","tag-3-mai","tag-guinee","tag-liberte-dexpression","tag-liberte-de-la-presse","tag-maison-de-la-presse","tag-presse"],"yoast_head":"<!-- This site is optimized with the Yoast SEO plugin v27.5 - https:\/\/yoast.com\/product\/yoast-seo-wordpress\/ -->\n<title>Journ\u00e9e mondiale de la libert\u00e9 de la presse : la Guin\u00e9e c\u00e9l\u00e8bre l\u2019unit\u00e9 et rend hommage \u00e0 ses pionniers - Oeildupeuple224<\/title>\n<meta name=\"robots\" content=\"index, follow, max-snippet:-1, max-image-preview:large, max-video-preview:-1\" \/>\n<link rel=\"canonical\" href=\"https:\/\/oeildupeuple224.com\/index.php\/journee-mondiale-de-la-liberte-de-la-presse-la-guinee-celebre-lunite-et-rend-hommage-a-ses-pionniers\/\" \/>\n<meta property=\"og:locale\" content=\"fr_FR\" \/>\n<meta property=\"og:type\" content=\"article\" \/>\n<meta property=\"og:title\" content=\"Journ\u00e9e mondiale de la libert\u00e9 de la presse : la Guin\u00e9e c\u00e9l\u00e8bre l\u2019unit\u00e9 et rend hommage \u00e0 ses pionniers - Oeildupeuple224\" \/>\n<meta property=\"og:description\" content=\"La Maison de la Presse de Guin\u00e9e annonce la c\u00e9l\u00e9bration de la Journ\u00e9e internationale de la libert\u00e9 de la presse, pr\u00e9vue le dimanche 03 mai 2026 \u00e0 10 heures, \u00e0 son si\u00e8ge situ\u00e9 \u00e0 la Mini\u00e8re, dans la commune de Dixinn. Plac\u00e9e sous le haut patronage du Pr\u00e9sident de la R\u00e9publique, le G\u00e9n\u00e9ral Mamadi Doumbouya, [&hellip;]\" \/>\n<meta property=\"og:url\" content=\"https:\/\/oeildupeuple224.com\/index.php\/journee-mondiale-de-la-liberte-de-la-presse-la-guinee-celebre-lunite-et-rend-hommage-a-ses-pionniers\/\" \/>\n<meta property=\"og:site_name\" content=\"Oeildupeuple224\" \/>\n<meta property=\"article:published_time\" content=\"2026-04-26T21:21:31+00:00\" \/>\n<meta property=\"article:modified_time\" content=\"2026-04-26T21:30:14+00:00\" \/>\n<meta property=\"og:image\" content=\"https:\/\/oeildupeuple224.com\/wp-content\/uploads\/2026\/04\/file_00000000b420722fa24dc4774eb802d1.png\" \/>\n\t<meta property=\"og:image:width\" content=\"1397\" \/>\n\t<meta property=\"og:image:height\" content=\"1126\" \/>\n\t<meta property=\"og:image:type\" content=\"image\/png\" \/>\n<meta name=\"author\" content=\"Bolokada\" \/>\n<meta name=\"twitter:card\" content=\"summary_large_image\" \/>\n<meta name=\"twitter:label1\" content=\"\u00c9crit par\" \/>\n\t<meta name=\"twitter:data1\" content=\"Bolokada\" \/>\n\t<meta name=\"twitter:label2\" content=\"Dur\u00e9e de lecture estim\u00e9e\" \/>\n\t<meta name=\"twitter:data2\" content=\"2 minutes\" \/>\n<script type=\"application\/ld+json\" class=\"yoast-schema-graph\">{\"@context\":\"https:\\\/\\\/schema.org\",\"@graph\":[{\"@type\":\"Article\",\"@id\":\"https:\\\/\\\/oeildupeuple224.com\\\/index.php\\\/journee-mondiale-de-la-liberte-de-la-presse-la-guinee-celebre-lunite-et-rend-hommage-a-ses-pionniers\\\/#article\",\"isPartOf\":{\"@id\":\"https:\\\/\\\/oeildupeuple224.com\\\/index.php\\\/journee-mondiale-de-la-liberte-de-la-presse-la-guinee-celebre-lunite-et-rend-hommage-a-ses-pionniers\\\/\"},\"author\":{\"name\":\"Bolokada\",\"@id\":\"https:\\\/\\\/oeildupeuple224.com\\\/#\\\/schema\\\/person\\\/67af96d96d7c96ed77036e49ab98a3d1\"},\"headline\":\"Journ\u00e9e mondiale de la libert\u00e9 de la presse : la Guin\u00e9e c\u00e9l\u00e8bre l\u2019unit\u00e9 et rend hommage \u00e0 ses pionniers\",\"datePublished\":\"2026-04-26T21:21:31+00:00\",\"dateModified\":\"2026-04-26T21:30:14+00:00\",\"mainEntityOfPage\":{\"@id\":\"https:\\\/\\\/oeildupeuple224.com\\\/index.php\\\/journee-mondiale-de-la-liberte-de-la-presse-la-guinee-celebre-lunite-et-rend-hommage-a-ses-pionniers\\\/\"},\"wordCount\":391,\"commentCount\":0,\"image\":{\"@id\":\"https:\\\/\\\/oeildupeuple224.com\\\/index.php\\\/journee-mondiale-de-la-liberte-de-la-presse-la-guinee-celebre-lunite-et-rend-hommage-a-ses-pionniers\\\/#primaryimage\"},\"thumbnailUrl\":\"https:\\\/\\\/oeildupeuple224.com\\\/wp-content\\\/uploads\\\/2026\\\/04\\\/file_00000000b420722fa24dc4774eb802d1.png\",\"keywords\":[\"3 mai\",\"Guin\u00e9e\",\"libert\u00e9 d\u2019expression\",\"libert\u00e9 de la presse\",\"maison de la presse\",\"presse\"],\"articleSection\":[\"A la Une\",\"Actualit\u00e9\",\"Soci\u00e9t\u00e9\"],\"inLanguage\":\"fr-FR\",\"potentialAction\":[{\"@type\":\"CommentAction\",\"name\":\"Comment\",\"target\":[\"https:\\\/\\\/oeildupeuple224.com\\\/index.php\\\/journee-mondiale-de-la-liberte-de-la-presse-la-guinee-celebre-lunite-et-rend-hommage-a-ses-pionniers\\\/#respond\"]}]},{\"@type\":\"WebPage\",\"@id\":\"https:\\\/\\\/oeildupeuple224.com\\\/index.php\\\/journee-mondiale-de-la-liberte-de-la-presse-la-guinee-celebre-lunite-et-rend-hommage-a-ses-pionniers\\\/\",\"url\":\"https:\\\/\\\/oeildupeuple224.com\\\/index.php\\\/journee-mondiale-de-la-liberte-de-la-presse-la-guinee-celebre-lunite-et-rend-hommage-a-ses-pionniers\\\/\",\"name\":\"Journ\u00e9e mondiale de la libert\u00e9 de la presse : la Guin\u00e9e c\u00e9l\u00e8bre l\u2019unit\u00e9 et rend hommage \u00e0 ses pionniers - Oeildupeuple224\",\"isPartOf\":{\"@id\":\"https:\\\/\\\/oeildupeuple224.com\\\/#website\"},\"primaryImageOfPage\":{\"@id\":\"https:\\\/\\\/oeildupeuple224.com\\\/index.php\\\/journee-mondiale-de-la-liberte-de-la-presse-la-guinee-celebre-lunite-et-rend-hommage-a-ses-pionniers\\\/#primaryimage\"},\"image\":{\"@id\":\"https:\\\/\\\/oeildupeuple224.com\\\/index.php\\\/journee-mondiale-de-la-liberte-de-la-presse-la-guinee-celebre-lunite-et-rend-hommage-a-ses-pionniers\\\/#primaryimage\"},\"thumbnailUrl\":\"https:\\\/\\\/oeildupeuple224.com\\\/wp-content\\\/uploads\\\/2026\\\/04\\\/file_00000000b420722fa24dc4774eb802d1.png\",\"datePublished\":\"2026-04-26T21:21:31+00:00\",\"dateModified\":\"2026-04-26T21:30:14+00:00\",\"author\":{\"@id\":\"https:\\\/\\\/oeildupeuple224.com\\\/#\\\/schema\\\/person\\\/67af96d96d7c96ed77036e49ab98a3d1\"},\"breadcrumb\":{\"@id\":\"https:\\\/\\\/oeildupeuple224.com\\\/index.php\\\/journee-mondiale-de-la-liberte-de-la-presse-la-guinee-celebre-lunite-et-rend-hommage-a-ses-pionniers\\\/#breadcrumb\"},\"inLanguage\":\"fr-FR\",\"potentialAction\":[{\"@type\":\"ReadAction\",\"target\":[\"https:\\\/\\\/oeildupeuple224.com\\\/index.php\\\/journee-mondiale-de-la-liberte-de-la-presse-la-guinee-celebre-lunite-et-rend-hommage-a-ses-pionniers\\\/\"]}]},{\"@type\":\"ImageObject\",\"inLanguage\":\"fr-FR\",\"@id\":\"https:\\\/\\\/oeildupeuple224.com\\\/index.php\\\/journee-mondiale-de-la-liberte-de-la-presse-la-guinee-celebre-lunite-et-rend-hommage-a-ses-pionniers\\\/#primaryimage\",\"url\":\"https:\\\/\\\/oeildupeuple224.com\\\/wp-content\\\/uploads\\\/2026\\\/04\\\/file_00000000b420722fa24dc4774eb802d1.png\",\"contentUrl\":\"https:\\\/\\\/oeildupeuple224.com\\\/wp-content\\\/uploads\\\/2026\\\/04\\\/file_00000000b420722fa24dc4774eb802d1.png\",\"width\":1397,\"height\":1126},{\"@type\":\"BreadcrumbList\",\"@id\":\"https:\\\/\\\/oeildupeuple224.com\\\/index.php\\\/journee-mondiale-de-la-liberte-de-la-presse-la-guinee-celebre-lunite-et-rend-hommage-a-ses-pionniers\\\/#breadcrumb\",\"itemListElement\":[{\"@type\":\"ListItem\",\"position\":1,\"name\":\"Home\",\"item\":\"https:\\\/\\\/oeildupeuple224.com\\\/\"},{\"@type\":\"ListItem\",\"position\":2,\"name\":\"Journ\u00e9e mondiale de la libert\u00e9 de la presse : la Guin\u00e9e c\u00e9l\u00e8bre l\u2019unit\u00e9 et rend hommage \u00e0 ses pionniers\"}]},{\"@type\":\"WebSite\",\"@id\":\"https:\\\/\\\/oeildupeuple224.com\\\/#website\",\"url\":\"https:\\\/\\\/oeildupeuple224.com\\\/\",\"name\":\"Oeildupeuple224\",\"description\":\"Le regard du peuple sur l&#039;actualit\u00e9\",\"potentialAction\":[{\"@type\":\"SearchAction\",\"target\":{\"@type\":\"EntryPoint\",\"urlTemplate\":\"https:\\\/\\\/oeildupeuple224.com\\\/?s={search_term_string}\"},\"query-input\":{\"@type\":\"PropertyValueSpecification\",\"valueRequired\":true,\"valueName\":\"search_term_string\"}}],\"inLanguage\":\"fr-FR\"},{\"@type\":\"Person\",\"@id\":\"https:\\\/\\\/oeildupeuple224.com\\\/#\\\/schema\\\/person\\\/67af96d96d7c96ed77036e49ab98a3d1\",\"name\":\"Bolokada\",\"image\":{\"@type\":\"ImageObject\",\"inLanguage\":\"fr-FR\",\"@id\":\"https:\\\/\\\/secure.gravatar.com\\\/avatar\\\/593ead1b1edfe657ed498637902872d2460fcdf9064121d046eb46b7d0659e3a?s=96&d=mm&r=g\",\"url\":\"https:\\\/\\\/secure.gravatar.com\\\/avatar\\\/593ead1b1edfe657ed498637902872d2460fcdf9064121d046eb46b7d0659e3a?s=96&d=mm&r=g\",\"contentUrl\":\"https:\\\/\\\/secure.gravatar.com\\\/avatar\\\/593ead1b1edfe657ed498637902872d2460fcdf9064121d046eb46b7d0659e3a?s=96&d=mm&r=g\",\"caption\":\"Bolokada\"},\"url\":\"https:\\\/\\\/oeildupeuple224.com\\\/index.php\\\/author\\\/bolokada\\\/\"}]}<\/script>\n<!-- \/ Yoast SEO plugin. -->","yoast_head_json":{"title":"Journ\u00e9e mondiale de la libert\u00e9 de la presse : la Guin\u00e9e c\u00e9l\u00e8bre l\u2019unit\u00e9 et rend hommage \u00e0 ses pionniers - Oeildupeuple224","robots":{"index":"index","follow":"follow","max-snippet":"max-snippet:-1","max-image-preview":"max-image-preview:large","max-video-preview":"max-video-preview:-1"},"canonical":"https:\/\/oeildupeuple224.com\/index.php\/journee-mondiale-de-la-liberte-de-la-presse-la-guinee-celebre-lunite-et-rend-hommage-a-ses-pionniers\/","og_locale":"fr_FR","og_type":"article","og_title":"Journ\u00e9e mondiale de la libert\u00e9 de la presse : la Guin\u00e9e c\u00e9l\u00e8bre l\u2019unit\u00e9 et rend hommage \u00e0 ses pionniers - Oeildupeuple224","og_description":"La Maison de la Presse de Guin\u00e9e annonce la c\u00e9l\u00e9bration de la Journ\u00e9e internationale de la libert\u00e9 de la presse, pr\u00e9vue le dimanche 03 mai 2026 \u00e0 10 heures, \u00e0 son si\u00e8ge situ\u00e9 \u00e0 la Mini\u00e8re, dans la commune de Dixinn. Plac\u00e9e sous le haut patronage du Pr\u00e9sident de la R\u00e9publique, le G\u00e9n\u00e9ral Mamadi Doumbouya, [&hellip;]","og_url":"https:\/\/oeildupeuple224.com\/index.php\/journee-mondiale-de-la-liberte-de-la-presse-la-guinee-celebre-lunite-et-rend-hommage-a-ses-pionniers\/","og_site_name":"Oeildupeuple224","article_published_time":"2026-04-26T21:21:31+00:00","article_modified_time":"2026-04-26T21:30:14+00:00","og_image":[{"width":1397,"height":1126,"url":"https:\/\/oeildupeuple224.com\/wp-content\/uploads\/2026\/04\/file_00000000b420722fa24dc4774eb802d1.png","type":"image\/png"}],"author":"Bolokada","twitter_card":"summary_large_image","twitter_misc":{"\u00c9crit par":"Bolokada","Dur\u00e9e de lecture estim\u00e9e":"2 minutes"},"schema":{"@context":"https:\/\/schema.org","@graph":[{"@type":"Article","@id":"https:\/\/oeildupeuple224.com\/index.php\/journee-mondiale-de-la-liberte-de-la-presse-la-guinee-celebre-lunite-et-rend-hommage-a-ses-pionniers\/#article","isPartOf":{"@id":"https:\/\/oeildupeuple224.com\/index.php\/journee-mondiale-de-la-liberte-de-la-presse-la-guinee-celebre-lunite-et-rend-hommage-a-ses-pionniers\/"},"author":{"name":"Bolokada","@id":"https:\/\/oeildupeuple224.com\/#\/schema\/person\/67af96d96d7c96ed77036e49ab98a3d1"},"headline":"Journ\u00e9e mondiale de la libert\u00e9 de la presse : la Guin\u00e9e c\u00e9l\u00e8bre l\u2019unit\u00e9 et rend hommage \u00e0 ses pionniers","datePublished":"2026-04-26T21:21:31+00:00","dateModified":"2026-04-26T21:30:14+00:00","mainEntityOfPage":{"@id":"https:\/\/oeildupeuple224.com\/index.php\/journee-mondiale-de-la-liberte-de-la-presse-la-guinee-celebre-lunite-et-rend-hommage-a-ses-pionniers\/"},"wordCount":391,"commentCount":0,"image":{"@id":"https:\/\/oeildupeuple224.com\/index.php\/journee-mondiale-de-la-liberte-de-la-presse-la-guinee-celebre-lunite-et-rend-hommage-a-ses-pionniers\/#primaryimage"},"thumbnailUrl":"https:\/\/oeildupeuple224.com\/wp-content\/uploads\/2026\/04\/file_00000000b420722fa24dc4774eb802d1.png","keywords":["3 mai","Guin\u00e9e","libert\u00e9 d\u2019expression","libert\u00e9 de la presse","maison de la presse","presse"],"articleSection":["A la Une","Actualit\u00e9","Soci\u00e9t\u00e9"],"inLanguage":"fr-FR","potentialAction":[{"@type":"CommentAction","name":"Comment","target":["https:\/\/oeildupeuple224.com\/index.php\/journee-mondiale-de-la-liberte-de-la-presse-la-guinee-celebre-lunite-et-rend-hommage-a-ses-pionniers\/#respond"]}]},{"@type":"WebPage","@id":"https:\/\/oeildupeuple224.com\/index.php\/journee-mondiale-de-la-liberte-de-la-presse-la-guinee-celebre-lunite-et-rend-hommage-a-ses-pionniers\/","url":"https:\/\/oeildupeuple224.com\/index.php\/journee-mondiale-de-la-liberte-de-la-presse-la-guinee-celebre-lunite-et-rend-hommage-a-ses-pionniers\/","name":"Journ\u00e9e mondiale de la libert\u00e9 de la presse : la Guin\u00e9e c\u00e9l\u00e8bre l\u2019unit\u00e9 et rend hommage \u00e0 ses pionniers - Oeildupeuple224","isPartOf":{"@id":"https:\/\/oeildupeuple224.com\/#website"},"primaryImageOfPage":{"@id":"https:\/\/oeildupeuple224.com\/index.php\/journee-mondiale-de-la-liberte-de-la-presse-la-guinee-celebre-lunite-et-rend-hommage-a-ses-pionniers\/#primaryimage"},"image":{"@id":"https:\/\/oeildupeuple224.com\/index.php\/journee-mondiale-de-la-liberte-de-la-presse-la-guinee-celebre-lunite-et-rend-hommage-a-ses-pionniers\/#primaryimage"},"thumbnailUrl":"https:\/\/oeildupeuple224.com\/wp-content\/uploads\/2026\/04\/file_00000000b420722fa24dc4774eb802d1.png","datePublished":"2026-04-26T21:21:31+00:00","dateModified":"2026-04-26T21:30:14+00:00","author":{"@id":"https:\/\/oeildupeuple224.com\/#\/schema\/person\/67af96d96d7c96ed77036e49ab98a3d1"},"breadcrumb":{"@id":"https:\/\/oeildupeuple224.com\/index.php\/journee-mondiale-de-la-liberte-de-la-presse-la-guinee-celebre-lunite-et-rend-hommage-a-ses-pionniers\/#breadcrumb"},"inLanguage":"fr-FR","potentialAction":[{"@type":"ReadAction","target":["https:\/\/oeildupeuple224.com\/index.php\/journee-mondiale-de-la-liberte-de-la-presse-la-guinee-celebre-lunite-et-rend-hommage-a-ses-pionniers\/"]}]},{"@type":"ImageObject","inLanguage":"fr-FR","@id":"https:\/\/oeildupeuple224.com\/index.php\/journee-mondiale-de-la-liberte-de-la-presse-la-guinee-celebre-lunite-et-rend-hommage-a-ses-pionniers\/#primaryimage","url":"https:\/\/oeildupeuple224.com\/wp-content\/uploads\/2026\/04\/file_00000000b420722fa24dc4774eb802d1.png","contentUrl":"https:\/\/oeildupeuple224.com\/wp-content\/uploads\/2026\/04\/file_00000000b420722fa24dc4774eb802d1.png","width":1397,"height":1126},{"@type":"BreadcrumbList","@id":"https:\/\/oeildupeuple224.com\/index.php\/journee-mondiale-de-la-liberte-de-la-presse-la-guinee-celebre-lunite-et-rend-hommage-a-ses-pionniers\/#breadcrumb","itemListElement":[{"@type":"ListItem","position":1,"name":"Home","item":"https:\/\/oeildupeuple224.com\/"},{"@type":"ListItem","position":2,"name":"Journ\u00e9e mondiale de la libert\u00e9 de la presse : la Guin\u00e9e c\u00e9l\u00e8bre l\u2019unit\u00e9 et rend hommage \u00e0 ses pionniers"}]},{"@type":"WebSite","@id":"https:\/\/oeildupeuple224.com\/#website","url":"https:\/\/oeildupeuple224.com\/","name":"Oeildupeuple224","description":"Le regard du peuple sur l&#039;actualit\u00e9","potentialAction":[{"@type":"SearchAction","target":{"@type":"EntryPoint","urlTemplate":"https:\/\/oeildupeuple224.com\/?s={search_term_string}"},"query-input":{"@type":"PropertyValueSpecification","valueRequired":true,"valueName":"search_term_string"}}],"inLanguage":"fr-FR"},{"@type":"Person","@id":"https:\/\/oeildupeuple224.com\/#\/schema\/person\/67af96d96d7c96ed77036e49ab98a3d1","name":"Bolokada","image":{"@type":"ImageObject","inLanguage":"fr-FR","@id":"https:\/\/secure.gravatar.com\/avatar\/593ead1b1edfe657ed498637902872d2460fcdf9064121d046eb46b7d0659e3a?s=96&d=mm&r=g","url":"https:\/\/secure.gravatar.com\/avatar\/593ead1b1edfe657ed498637902872d2460fcdf9064121d046eb46b7d0659e3a?s=96&d=mm&r=g","contentUrl":"https:\/\/secure.gravatar.com\/avatar\/593ead1b1edfe657ed498637902872d2460fcdf9064121d046eb46b7d0659e3a?s=96&d=mm&r=g","caption":"Bolokada"},"url":"https:\/\/oeildupeuple224.com\/index.php\/author\/bolokada\/"}]}},"jetpack_featured_media_url":"https:\/\/oeildupeuple224.com\/wp-content\/uploads\/2026\/04\/file_00000000b420722fa24dc4774eb802d1.png","_links":{"self":[{"href":"https:\/\/oeildupeuple224.com\/index.php\/wp-json\/wp\/v2\/posts\/2098","targetHints":{"allow":["GET"]}}],"collection":[{"href":"https:\/\/oeildupeuple224.com\/index.php\/wp-json\/wp\/v2\/posts"}],"about":[{"href":"https:\/\/oeildupeuple224.com\/index.php\/wp-json\/wp\/v2\/types\/post"}],"author":[{"embeddable":true,"href":"https:\/\/oeildupeuple224.com\/index.php\/wp-json\/wp\/v2\/users\/3"}],"replies":[{"embeddable":true,"href":"https:\/\/oeildupeuple224.com\/index.php\/wp-json\/wp\/v2\/comments?post=2098"}],"version-history":[{"count":0,"href":"https:\/\/oeildupeuple224.com\/index.php\/wp-json\/wp\/v2\/posts\/2098\/revisions"}],"wp:featuredmedia":[{"embeddable":true,"href":"https:\/\/oeildupeuple224.com\/index.php\/wp-json\/wp\/v2\/media\/2100"}],"wp:attachment":[{"href":"https:\/\/oeildupeuple224.com\/index.php\/wp-json\/wp\/v2\/media?parent=2098"}],"wp:term":[{"taxonomy":"category","embeddable":true,"href":"https:\/\/oeildupeuple224.com\/index.php\/wp-json\/wp\/v2\/categories?post=2098"},{"taxonomy":"post_tag","embeddable":true,"href":"https:\/\/oeildupeuple224.com\/index.php\/wp-json\/wp\/v2\/tags?post=2098"}],"curies":[{"name":"wp","href":"https:\/\/api.w.org\/{rel}","templated":true}]}}