{"id":1524,"date":"2026-01-25T20:11:37","date_gmt":"2026-01-25T19:11:37","guid":{"rendered":"https:\/\/oeildupeuple224.com\/?p=1524"},"modified":"2026-01-25T20:11:37","modified_gmt":"2026-01-25T19:11:37","slug":"senegal-mort-en-detention-dun-ressortissant-guineen-a-kedougou-de-graves-accusations-visant-des-gendarmes","status":"publish","type":"post","link":"https:\/\/oeildupeuple224.com\/index.php\/senegal-mort-en-detention-dun-ressortissant-guineen-a-kedougou-de-graves-accusations-visant-des-gendarmes\/","title":{"rendered":"S\u00e9n\u00e9gal : mort en d\u00e9tention d\u2019un ressortissant guin\u00e9en \u00e0 K\u00e9dougou, de graves accusations visant des gendarmes"},"content":{"rendered":"<p>La mort d\u2019Oumar Fadiga, ressortissant guin\u00e9en interpell\u00e9 par la gendarmerie s\u00e9n\u00e9galaise dans la nuit du mardi 25 novembre 2025 \u00e0 K\u00e9dougou, au sud-est du S\u00e9n\u00e9gal, continue de susciter une vive \u00e9motion au sein de la communaut\u00e9 guin\u00e9enne et soul\u00e8ve de lourdes interrogations. Des t\u00e9moignages concordants de proches du d\u00e9funt font \u00e9tat de violences graves, de traitements inhumains, de vols pr\u00e9sum\u00e9s et m\u00eame d\u2019une tentative de viol impliquant des agents des forces de l\u2019ordre.<\/p>\n<p>Selon Kaousou Camara, oncle d\u2019Oumar Fadiga et t\u00e9moin direct des faits, les \u00e9v\u00e9nements se seraient d\u00e9roul\u00e9s aux environs de 23 heures, lorsque des gendarmes ont fait irruption au domicile du d\u00e9funt.<\/p>\n<p>\u00ab Ce sont les bruits qui m\u2019ont r\u00e9veill\u00e9. Quand je suis sorti, on m\u2019a dit que ce sont les gendarmes. Je les ai trouv\u00e9s en train de frapper Oumar dans sa chambre \u00bb, t\u00e9moigne-t-il.<\/p>\n<p>Toujours selon son r\u00e9cit, quatre gendarmes auraient proc\u00e9d\u00e9 \u00e0 une fouille muscl\u00e9e de la maison, brisant une valise contenant une somme de six millions de francs CFA, emport\u00e9e avec six t\u00e9l\u00e9phones portables ainsi que les papiers d\u2019une moto r\u00e9cemment acquise.<\/p>\n<p>\u00ab Ils l\u2019ont frapp\u00e9 devant sa femme. M\u00eame elle a re\u00e7u des coups, le b\u00e9b\u00e9 pleurait. Ensuite, ils l\u2019ont menott\u00e9 et conduit au poste de gendarmerie \u00bb, ajoute-t-il.<\/p>\n<p>Des violences pr\u00e9sum\u00e9es en d\u00e9tention<\/p>\n<p>Le lendemain de l\u2019arrestation, l\u2019oncle affirme s\u2019\u00eatre rendu \u00e0 plusieurs reprises \u00e0 la brigade de gendarmerie afin de comprendre les raisons de l\u2019interpellation et de s\u2019enqu\u00e9rir de l\u2019\u00e9tat de sant\u00e9 de son neveu.<\/p>\n<p>\u00ab \u00c0 chaque passage, personne ne voulait m\u2019expliquer ce qui se passait. Je le voyais r\u00e9guli\u00e8rement en train d\u2019\u00eatre battu dans sa cellule \u00bb, d\u00e9nonce Kaousou Camara.<\/p>\n<p>Il indique \u00e9galement qu\u2019Oumar Fadiga aurait \u00e9t\u00e9 transf\u00e9r\u00e9 dans un autre lieu de d\u00e9tention avant que la famille ne soit inform\u00e9e de son hospitalisation pour une maladie grave, sans qu\u2019aucun proche ne soit autoris\u00e9 \u00e0 le voir.<\/p>\n<p>Quelques jours plus tard, la famille apprend le d\u00e9c\u00e8s d\u2019Oumar Fadiga dans des conditions jug\u00e9es troublantes.<\/p>\n<p>\u00ab On m\u2019a demand\u00e9 de ne pas me d\u00e9placer, en me disant que m\u00eame si je venais, je ne verrais pas le corps. Quand j\u2019ai demand\u00e9 la cause du d\u00e9c\u00e8s, on m\u2019a parl\u00e9 d\u2019une mine interdite, puis d\u2019une affaire de drogue. Les versions ont chang\u00e9 \u00bb, affirme l\u2019oncle du d\u00e9funt.<\/p>\n<p>Face \u00e0 ces incoh\u00e9rences, la famille a saisi l\u2019ambassade de Guin\u00e9e au S\u00e9n\u00e9gal et inform\u00e9 les proches rest\u00e9s en Guin\u00e9e.<\/p>\n<p>Le t\u00e9moignage accablant de l\u2019\u00e9pouse<\/p>\n<p>Pr\u00e9sente lors de l\u2019arrestation, l\u2019\u00e9pouse du d\u00e9funt, Fanta Traor\u00e9, confirme les violences et le vol pr\u00e9sum\u00e9 de l\u2019argent.<\/p>\n<p>\u00ab Ils ont frapp\u00e9 mon mari devant moi, fouill\u00e9 toute la maison, pris les six millions et les t\u00e9l\u00e9phones pendant que les enfants pleuraient \u00bb, raconte-t-elle.<\/p>\n<p>Elle accuse par ailleurs l\u2019un des gendarmes, rest\u00e9 sur place apr\u00e8s l\u2019arrestation, d\u2019avoir tent\u00e9 de la violer.<\/p>\n<p>\u00ab Il m\u2019a propos\u00e9 de coucher avec lui en \u00e9change de la restitution de l\u2019argent. J\u2019ai refus\u00e9. Depuis ce jour, je n\u2019ai plus jamais revu mon mari \u00bb, confie-t-elle, visiblement \u00e9prouv\u00e9e.<\/p>\n<p>La mort d\u2019Oumar Fadiga soul\u00e8ve de s\u00e9rieuses interrogations sur les conditions de son arrestation et de sa d\u00e9tention. La famille exige l\u2019ouverture d\u2019une enqu\u00eate ind\u00e9pendante, la restitution des biens saisis et que toute la lumi\u00e8re soit faite sur les circonstances exactes de son d\u00e9c\u00e8s.<\/p>\n<p>\u00c0 ce stade, aucune communication officielle d\u00e9taill\u00e9e n\u2019a \u00e9t\u00e9 rendue publique par les autorit\u00e9s s\u00e9n\u00e9galaises comp\u00e9tentes.<\/p>\n<p>&nbsp;<\/p>\n<p><strong>Bolokada Sano\u00a0<\/strong><\/p>\n<p><strong>626641732<\/strong><\/p>\n","protected":false},"excerpt":{"rendered":"<p>La mort d\u2019Oumar Fadiga, ressortissant guin\u00e9en interpell\u00e9 par la gendarmerie s\u00e9n\u00e9galaise dans la nuit du mardi 25 novembre 2025 \u00e0 K\u00e9dougou, au sud-est du S\u00e9n\u00e9gal, continue de susciter une vive \u00e9motion au sein de la communaut\u00e9 guin\u00e9enne et soul\u00e8ve de lourdes interrogations. Des t\u00e9moignages concordants de proches du d\u00e9funt font \u00e9tat de violences graves, de [&hellip;]<\/p>\n","protected":false},"author":3,"featured_media":1525,"comment_status":"open","ping_status":"open","sticky":false,"template":"","format":"standard","meta":{"footnotes":""},"categories":[61,3,9],"tags":[593,591,592,590,161],"class_list":["post-1524","post","type-post","status-publish","format-standard","has-post-thumbnail","hentry","category-a-la-une","category-actualite","category-societe","tag-accuse","tag-assassine","tag-la-gendarmerie-senegalaise","tag-oumar-bah","tag-senegal"],"yoast_head":"<!-- This site is optimized with the Yoast SEO plugin v27.5 - https:\/\/yoast.com\/product\/yoast-seo-wordpress\/ -->\n<title>S\u00e9n\u00e9gal : mort en d\u00e9tention d\u2019un ressortissant guin\u00e9en \u00e0 K\u00e9dougou, de graves accusations visant des gendarmes - Oeildupeuple224<\/title>\n<meta name=\"robots\" content=\"index, follow, max-snippet:-1, max-image-preview:large, max-video-preview:-1\" \/>\n<link rel=\"canonical\" href=\"https:\/\/oeildupeuple224.com\/index.php\/senegal-mort-en-detention-dun-ressortissant-guineen-a-kedougou-de-graves-accusations-visant-des-gendarmes\/\" \/>\n<meta property=\"og:locale\" content=\"fr_FR\" \/>\n<meta property=\"og:type\" content=\"article\" \/>\n<meta property=\"og:title\" content=\"S\u00e9n\u00e9gal : mort en d\u00e9tention d\u2019un ressortissant guin\u00e9en \u00e0 K\u00e9dougou, de graves accusations visant des gendarmes - Oeildupeuple224\" \/>\n<meta property=\"og:description\" content=\"La mort d\u2019Oumar Fadiga, ressortissant guin\u00e9en interpell\u00e9 par la gendarmerie s\u00e9n\u00e9galaise dans la nuit du mardi 25 novembre 2025 \u00e0 K\u00e9dougou, au sud-est du S\u00e9n\u00e9gal, continue de susciter une vive \u00e9motion au sein de la communaut\u00e9 guin\u00e9enne et soul\u00e8ve de lourdes interrogations. Des t\u00e9moignages concordants de proches du d\u00e9funt font \u00e9tat de violences graves, de [&hellip;]\" \/>\n<meta property=\"og:url\" content=\"https:\/\/oeildupeuple224.com\/index.php\/senegal-mort-en-detention-dun-ressortissant-guineen-a-kedougou-de-graves-accusations-visant-des-gendarmes\/\" \/>\n<meta property=\"og:site_name\" content=\"Oeildupeuple224\" \/>\n<meta property=\"article:published_time\" content=\"2026-01-25T19:11:37+00:00\" \/>\n<meta property=\"og:image\" content=\"https:\/\/oeildupeuple224.com\/wp-content\/uploads\/2026\/01\/3f1ee0fb-82bb-479c-b895-ce84a6c208b7-750x375-1.jpeg\" \/>\n\t<meta property=\"og:image:width\" content=\"750\" \/>\n\t<meta property=\"og:image:height\" content=\"375\" \/>\n\t<meta property=\"og:image:type\" content=\"image\/jpeg\" \/>\n<meta name=\"author\" content=\"Bolokada\" \/>\n<meta name=\"twitter:card\" content=\"summary_large_image\" \/>\n<meta name=\"twitter:label1\" content=\"\u00c9crit par\" \/>\n\t<meta name=\"twitter:data1\" content=\"Bolokada\" \/>\n\t<meta name=\"twitter:label2\" content=\"Dur\u00e9e de lecture estim\u00e9e\" \/>\n\t<meta name=\"twitter:data2\" content=\"3 minutes\" \/>\n<script type=\"application\/ld+json\" class=\"yoast-schema-graph\">{\"@context\":\"https:\\\/\\\/schema.org\",\"@graph\":[{\"@type\":\"Article\",\"@id\":\"https:\\\/\\\/oeildupeuple224.com\\\/index.php\\\/senegal-mort-en-detention-dun-ressortissant-guineen-a-kedougou-de-graves-accusations-visant-des-gendarmes\\\/#article\",\"isPartOf\":{\"@id\":\"https:\\\/\\\/oeildupeuple224.com\\\/index.php\\\/senegal-mort-en-detention-dun-ressortissant-guineen-a-kedougou-de-graves-accusations-visant-des-gendarmes\\\/\"},\"author\":{\"name\":\"Bolokada\",\"@id\":\"https:\\\/\\\/oeildupeuple224.com\\\/#\\\/schema\\\/person\\\/67af96d96d7c96ed77036e49ab98a3d1\"},\"headline\":\"S\u00e9n\u00e9gal : mort en d\u00e9tention d\u2019un ressortissant guin\u00e9en \u00e0 K\u00e9dougou, de graves accusations visant des gendarmes\",\"datePublished\":\"2026-01-25T19:11:37+00:00\",\"mainEntityOfPage\":{\"@id\":\"https:\\\/\\\/oeildupeuple224.com\\\/index.php\\\/senegal-mort-en-detention-dun-ressortissant-guineen-a-kedougou-de-graves-accusations-visant-des-gendarmes\\\/\"},\"wordCount\":670,\"commentCount\":0,\"image\":{\"@id\":\"https:\\\/\\\/oeildupeuple224.com\\\/index.php\\\/senegal-mort-en-detention-dun-ressortissant-guineen-a-kedougou-de-graves-accusations-visant-des-gendarmes\\\/#primaryimage\"},\"thumbnailUrl\":\"https:\\\/\\\/oeildupeuple224.com\\\/wp-content\\\/uploads\\\/2026\\\/01\\\/3f1ee0fb-82bb-479c-b895-ce84a6c208b7-750x375-1.jpeg\",\"keywords\":[\"accuse\",\"assassin\u00e9\",\"la gendarmerie s\u00e9n\u00e9galaise\",\"Oumar Bah\",\"S\u00c9N\u00c9GAL\"],\"articleSection\":[\"A la Une\",\"Actualit\u00e9\",\"Soci\u00e9t\u00e9\"],\"inLanguage\":\"fr-FR\",\"potentialAction\":[{\"@type\":\"CommentAction\",\"name\":\"Comment\",\"target\":[\"https:\\\/\\\/oeildupeuple224.com\\\/index.php\\\/senegal-mort-en-detention-dun-ressortissant-guineen-a-kedougou-de-graves-accusations-visant-des-gendarmes\\\/#respond\"]}]},{\"@type\":\"WebPage\",\"@id\":\"https:\\\/\\\/oeildupeuple224.com\\\/index.php\\\/senegal-mort-en-detention-dun-ressortissant-guineen-a-kedougou-de-graves-accusations-visant-des-gendarmes\\\/\",\"url\":\"https:\\\/\\\/oeildupeuple224.com\\\/index.php\\\/senegal-mort-en-detention-dun-ressortissant-guineen-a-kedougou-de-graves-accusations-visant-des-gendarmes\\\/\",\"name\":\"S\u00e9n\u00e9gal : mort en d\u00e9tention d\u2019un ressortissant guin\u00e9en \u00e0 K\u00e9dougou, de graves accusations visant des gendarmes - Oeildupeuple224\",\"isPartOf\":{\"@id\":\"https:\\\/\\\/oeildupeuple224.com\\\/#website\"},\"primaryImageOfPage\":{\"@id\":\"https:\\\/\\\/oeildupeuple224.com\\\/index.php\\\/senegal-mort-en-detention-dun-ressortissant-guineen-a-kedougou-de-graves-accusations-visant-des-gendarmes\\\/#primaryimage\"},\"image\":{\"@id\":\"https:\\\/\\\/oeildupeuple224.com\\\/index.php\\\/senegal-mort-en-detention-dun-ressortissant-guineen-a-kedougou-de-graves-accusations-visant-des-gendarmes\\\/#primaryimage\"},\"thumbnailUrl\":\"https:\\\/\\\/oeildupeuple224.com\\\/wp-content\\\/uploads\\\/2026\\\/01\\\/3f1ee0fb-82bb-479c-b895-ce84a6c208b7-750x375-1.jpeg\",\"datePublished\":\"2026-01-25T19:11:37+00:00\",\"author\":{\"@id\":\"https:\\\/\\\/oeildupeuple224.com\\\/#\\\/schema\\\/person\\\/67af96d96d7c96ed77036e49ab98a3d1\"},\"breadcrumb\":{\"@id\":\"https:\\\/\\\/oeildupeuple224.com\\\/index.php\\\/senegal-mort-en-detention-dun-ressortissant-guineen-a-kedougou-de-graves-accusations-visant-des-gendarmes\\\/#breadcrumb\"},\"inLanguage\":\"fr-FR\",\"potentialAction\":[{\"@type\":\"ReadAction\",\"target\":[\"https:\\\/\\\/oeildupeuple224.com\\\/index.php\\\/senegal-mort-en-detention-dun-ressortissant-guineen-a-kedougou-de-graves-accusations-visant-des-gendarmes\\\/\"]}]},{\"@type\":\"ImageObject\",\"inLanguage\":\"fr-FR\",\"@id\":\"https:\\\/\\\/oeildupeuple224.com\\\/index.php\\\/senegal-mort-en-detention-dun-ressortissant-guineen-a-kedougou-de-graves-accusations-visant-des-gendarmes\\\/#primaryimage\",\"url\":\"https:\\\/\\\/oeildupeuple224.com\\\/wp-content\\\/uploads\\\/2026\\\/01\\\/3f1ee0fb-82bb-479c-b895-ce84a6c208b7-750x375-1.jpeg\",\"contentUrl\":\"https:\\\/\\\/oeildupeuple224.com\\\/wp-content\\\/uploads\\\/2026\\\/01\\\/3f1ee0fb-82bb-479c-b895-ce84a6c208b7-750x375-1.jpeg\",\"width\":750,\"height\":375},{\"@type\":\"BreadcrumbList\",\"@id\":\"https:\\\/\\\/oeildupeuple224.com\\\/index.php\\\/senegal-mort-en-detention-dun-ressortissant-guineen-a-kedougou-de-graves-accusations-visant-des-gendarmes\\\/#breadcrumb\",\"itemListElement\":[{\"@type\":\"ListItem\",\"position\":1,\"name\":\"Home\",\"item\":\"https:\\\/\\\/oeildupeuple224.com\\\/\"},{\"@type\":\"ListItem\",\"position\":2,\"name\":\"S\u00e9n\u00e9gal : mort en d\u00e9tention d\u2019un ressortissant guin\u00e9en \u00e0 K\u00e9dougou, de graves accusations visant des gendarmes\"}]},{\"@type\":\"WebSite\",\"@id\":\"https:\\\/\\\/oeildupeuple224.com\\\/#website\",\"url\":\"https:\\\/\\\/oeildupeuple224.com\\\/\",\"name\":\"Oeildupeuple224\",\"description\":\"Le regard du peuple sur l&#039;actualit\u00e9\",\"potentialAction\":[{\"@type\":\"SearchAction\",\"target\":{\"@type\":\"EntryPoint\",\"urlTemplate\":\"https:\\\/\\\/oeildupeuple224.com\\\/?s={search_term_string}\"},\"query-input\":{\"@type\":\"PropertyValueSpecification\",\"valueRequired\":true,\"valueName\":\"search_term_string\"}}],\"inLanguage\":\"fr-FR\"},{\"@type\":\"Person\",\"@id\":\"https:\\\/\\\/oeildupeuple224.com\\\/#\\\/schema\\\/person\\\/67af96d96d7c96ed77036e49ab98a3d1\",\"name\":\"Bolokada\",\"image\":{\"@type\":\"ImageObject\",\"inLanguage\":\"fr-FR\",\"@id\":\"https:\\\/\\\/secure.gravatar.com\\\/avatar\\\/593ead1b1edfe657ed498637902872d2460fcdf9064121d046eb46b7d0659e3a?s=96&d=mm&r=g\",\"url\":\"https:\\\/\\\/secure.gravatar.com\\\/avatar\\\/593ead1b1edfe657ed498637902872d2460fcdf9064121d046eb46b7d0659e3a?s=96&d=mm&r=g\",\"contentUrl\":\"https:\\\/\\\/secure.gravatar.com\\\/avatar\\\/593ead1b1edfe657ed498637902872d2460fcdf9064121d046eb46b7d0659e3a?s=96&d=mm&r=g\",\"caption\":\"Bolokada\"},\"url\":\"https:\\\/\\\/oeildupeuple224.com\\\/index.php\\\/author\\\/bolokada\\\/\"}]}<\/script>\n<!-- \/ Yoast SEO plugin. -->","yoast_head_json":{"title":"S\u00e9n\u00e9gal : mort en d\u00e9tention d\u2019un ressortissant guin\u00e9en \u00e0 K\u00e9dougou, de graves accusations visant des gendarmes - Oeildupeuple224","robots":{"index":"index","follow":"follow","max-snippet":"max-snippet:-1","max-image-preview":"max-image-preview:large","max-video-preview":"max-video-preview:-1"},"canonical":"https:\/\/oeildupeuple224.com\/index.php\/senegal-mort-en-detention-dun-ressortissant-guineen-a-kedougou-de-graves-accusations-visant-des-gendarmes\/","og_locale":"fr_FR","og_type":"article","og_title":"S\u00e9n\u00e9gal : mort en d\u00e9tention d\u2019un ressortissant guin\u00e9en \u00e0 K\u00e9dougou, de graves accusations visant des gendarmes - Oeildupeuple224","og_description":"La mort d\u2019Oumar Fadiga, ressortissant guin\u00e9en interpell\u00e9 par la gendarmerie s\u00e9n\u00e9galaise dans la nuit du mardi 25 novembre 2025 \u00e0 K\u00e9dougou, au sud-est du S\u00e9n\u00e9gal, continue de susciter une vive \u00e9motion au sein de la communaut\u00e9 guin\u00e9enne et soul\u00e8ve de lourdes interrogations. Des t\u00e9moignages concordants de proches du d\u00e9funt font \u00e9tat de violences graves, de [&hellip;]","og_url":"https:\/\/oeildupeuple224.com\/index.php\/senegal-mort-en-detention-dun-ressortissant-guineen-a-kedougou-de-graves-accusations-visant-des-gendarmes\/","og_site_name":"Oeildupeuple224","article_published_time":"2026-01-25T19:11:37+00:00","og_image":[{"width":750,"height":375,"url":"https:\/\/oeildupeuple224.com\/wp-content\/uploads\/2026\/01\/3f1ee0fb-82bb-479c-b895-ce84a6c208b7-750x375-1.jpeg","type":"image\/jpeg"}],"author":"Bolokada","twitter_card":"summary_large_image","twitter_misc":{"\u00c9crit par":"Bolokada","Dur\u00e9e de lecture estim\u00e9e":"3 minutes"},"schema":{"@context":"https:\/\/schema.org","@graph":[{"@type":"Article","@id":"https:\/\/oeildupeuple224.com\/index.php\/senegal-mort-en-detention-dun-ressortissant-guineen-a-kedougou-de-graves-accusations-visant-des-gendarmes\/#article","isPartOf":{"@id":"https:\/\/oeildupeuple224.com\/index.php\/senegal-mort-en-detention-dun-ressortissant-guineen-a-kedougou-de-graves-accusations-visant-des-gendarmes\/"},"author":{"name":"Bolokada","@id":"https:\/\/oeildupeuple224.com\/#\/schema\/person\/67af96d96d7c96ed77036e49ab98a3d1"},"headline":"S\u00e9n\u00e9gal : mort en d\u00e9tention d\u2019un ressortissant guin\u00e9en \u00e0 K\u00e9dougou, de graves accusations visant des gendarmes","datePublished":"2026-01-25T19:11:37+00:00","mainEntityOfPage":{"@id":"https:\/\/oeildupeuple224.com\/index.php\/senegal-mort-en-detention-dun-ressortissant-guineen-a-kedougou-de-graves-accusations-visant-des-gendarmes\/"},"wordCount":670,"commentCount":0,"image":{"@id":"https:\/\/oeildupeuple224.com\/index.php\/senegal-mort-en-detention-dun-ressortissant-guineen-a-kedougou-de-graves-accusations-visant-des-gendarmes\/#primaryimage"},"thumbnailUrl":"https:\/\/oeildupeuple224.com\/wp-content\/uploads\/2026\/01\/3f1ee0fb-82bb-479c-b895-ce84a6c208b7-750x375-1.jpeg","keywords":["accuse","assassin\u00e9","la gendarmerie s\u00e9n\u00e9galaise","Oumar Bah","S\u00c9N\u00c9GAL"],"articleSection":["A la Une","Actualit\u00e9","Soci\u00e9t\u00e9"],"inLanguage":"fr-FR","potentialAction":[{"@type":"CommentAction","name":"Comment","target":["https:\/\/oeildupeuple224.com\/index.php\/senegal-mort-en-detention-dun-ressortissant-guineen-a-kedougou-de-graves-accusations-visant-des-gendarmes\/#respond"]}]},{"@type":"WebPage","@id":"https:\/\/oeildupeuple224.com\/index.php\/senegal-mort-en-detention-dun-ressortissant-guineen-a-kedougou-de-graves-accusations-visant-des-gendarmes\/","url":"https:\/\/oeildupeuple224.com\/index.php\/senegal-mort-en-detention-dun-ressortissant-guineen-a-kedougou-de-graves-accusations-visant-des-gendarmes\/","name":"S\u00e9n\u00e9gal : mort en d\u00e9tention d\u2019un ressortissant guin\u00e9en \u00e0 K\u00e9dougou, de graves accusations visant des gendarmes - Oeildupeuple224","isPartOf":{"@id":"https:\/\/oeildupeuple224.com\/#website"},"primaryImageOfPage":{"@id":"https:\/\/oeildupeuple224.com\/index.php\/senegal-mort-en-detention-dun-ressortissant-guineen-a-kedougou-de-graves-accusations-visant-des-gendarmes\/#primaryimage"},"image":{"@id":"https:\/\/oeildupeuple224.com\/index.php\/senegal-mort-en-detention-dun-ressortissant-guineen-a-kedougou-de-graves-accusations-visant-des-gendarmes\/#primaryimage"},"thumbnailUrl":"https:\/\/oeildupeuple224.com\/wp-content\/uploads\/2026\/01\/3f1ee0fb-82bb-479c-b895-ce84a6c208b7-750x375-1.jpeg","datePublished":"2026-01-25T19:11:37+00:00","author":{"@id":"https:\/\/oeildupeuple224.com\/#\/schema\/person\/67af96d96d7c96ed77036e49ab98a3d1"},"breadcrumb":{"@id":"https:\/\/oeildupeuple224.com\/index.php\/senegal-mort-en-detention-dun-ressortissant-guineen-a-kedougou-de-graves-accusations-visant-des-gendarmes\/#breadcrumb"},"inLanguage":"fr-FR","potentialAction":[{"@type":"ReadAction","target":["https:\/\/oeildupeuple224.com\/index.php\/senegal-mort-en-detention-dun-ressortissant-guineen-a-kedougou-de-graves-accusations-visant-des-gendarmes\/"]}]},{"@type":"ImageObject","inLanguage":"fr-FR","@id":"https:\/\/oeildupeuple224.com\/index.php\/senegal-mort-en-detention-dun-ressortissant-guineen-a-kedougou-de-graves-accusations-visant-des-gendarmes\/#primaryimage","url":"https:\/\/oeildupeuple224.com\/wp-content\/uploads\/2026\/01\/3f1ee0fb-82bb-479c-b895-ce84a6c208b7-750x375-1.jpeg","contentUrl":"https:\/\/oeildupeuple224.com\/wp-content\/uploads\/2026\/01\/3f1ee0fb-82bb-479c-b895-ce84a6c208b7-750x375-1.jpeg","width":750,"height":375},{"@type":"BreadcrumbList","@id":"https:\/\/oeildupeuple224.com\/index.php\/senegal-mort-en-detention-dun-ressortissant-guineen-a-kedougou-de-graves-accusations-visant-des-gendarmes\/#breadcrumb","itemListElement":[{"@type":"ListItem","position":1,"name":"Home","item":"https:\/\/oeildupeuple224.com\/"},{"@type":"ListItem","position":2,"name":"S\u00e9n\u00e9gal : mort en d\u00e9tention d\u2019un ressortissant guin\u00e9en \u00e0 K\u00e9dougou, de graves accusations visant des gendarmes"}]},{"@type":"WebSite","@id":"https:\/\/oeildupeuple224.com\/#website","url":"https:\/\/oeildupeuple224.com\/","name":"Oeildupeuple224","description":"Le regard du peuple sur l&#039;actualit\u00e9","potentialAction":[{"@type":"SearchAction","target":{"@type":"EntryPoint","urlTemplate":"https:\/\/oeildupeuple224.com\/?s={search_term_string}"},"query-input":{"@type":"PropertyValueSpecification","valueRequired":true,"valueName":"search_term_string"}}],"inLanguage":"fr-FR"},{"@type":"Person","@id":"https:\/\/oeildupeuple224.com\/#\/schema\/person\/67af96d96d7c96ed77036e49ab98a3d1","name":"Bolokada","image":{"@type":"ImageObject","inLanguage":"fr-FR","@id":"https:\/\/secure.gravatar.com\/avatar\/593ead1b1edfe657ed498637902872d2460fcdf9064121d046eb46b7d0659e3a?s=96&d=mm&r=g","url":"https:\/\/secure.gravatar.com\/avatar\/593ead1b1edfe657ed498637902872d2460fcdf9064121d046eb46b7d0659e3a?s=96&d=mm&r=g","contentUrl":"https:\/\/secure.gravatar.com\/avatar\/593ead1b1edfe657ed498637902872d2460fcdf9064121d046eb46b7d0659e3a?s=96&d=mm&r=g","caption":"Bolokada"},"url":"https:\/\/oeildupeuple224.com\/index.php\/author\/bolokada\/"}]}},"jetpack_featured_media_url":"https:\/\/oeildupeuple224.com\/wp-content\/uploads\/2026\/01\/3f1ee0fb-82bb-479c-b895-ce84a6c208b7-750x375-1.jpeg","_links":{"self":[{"href":"https:\/\/oeildupeuple224.com\/index.php\/wp-json\/wp\/v2\/posts\/1524","targetHints":{"allow":["GET"]}}],"collection":[{"href":"https:\/\/oeildupeuple224.com\/index.php\/wp-json\/wp\/v2\/posts"}],"about":[{"href":"https:\/\/oeildupeuple224.com\/index.php\/wp-json\/wp\/v2\/types\/post"}],"author":[{"embeddable":true,"href":"https:\/\/oeildupeuple224.com\/index.php\/wp-json\/wp\/v2\/users\/3"}],"replies":[{"embeddable":true,"href":"https:\/\/oeildupeuple224.com\/index.php\/wp-json\/wp\/v2\/comments?post=1524"}],"version-history":[{"count":0,"href":"https:\/\/oeildupeuple224.com\/index.php\/wp-json\/wp\/v2\/posts\/1524\/revisions"}],"wp:featuredmedia":[{"embeddable":true,"href":"https:\/\/oeildupeuple224.com\/index.php\/wp-json\/wp\/v2\/media\/1525"}],"wp:attachment":[{"href":"https:\/\/oeildupeuple224.com\/index.php\/wp-json\/wp\/v2\/media?parent=1524"}],"wp:term":[{"taxonomy":"category","embeddable":true,"href":"https:\/\/oeildupeuple224.com\/index.php\/wp-json\/wp\/v2\/categories?post=1524"},{"taxonomy":"post_tag","embeddable":true,"href":"https:\/\/oeildupeuple224.com\/index.php\/wp-json\/wp\/v2\/tags?post=1524"}],"curies":[{"name":"wp","href":"https:\/\/api.w.org\/{rel}","templated":true}]}}