{"id":1510,"date":"2026-01-22T20:03:36","date_gmt":"2026-01-22T19:03:36","guid":{"rendered":"https:\/\/oeildupeuple224.com\/?p=1510"},"modified":"2026-01-22T20:03:36","modified_gmt":"2026-01-22T19:03:36","slug":"guinee-le-president-mamadi-doumbouya-accepte-la-demission-du-gouvernement-et-annonce-deux-decrets-cles","status":"publish","type":"post","link":"https:\/\/oeildupeuple224.com\/index.php\/guinee-le-president-mamadi-doumbouya-accepte-la-demission-du-gouvernement-et-annonce-deux-decrets-cles\/","title":{"rendered":"Guin\u00e9e : le Pr\u00e9sident Mamadi Doumbouya accepte la d\u00e9mission du Gouvernement et annonce deux d\u00e9crets cl\u00e9s"},"content":{"rendered":"<p>Le Pr\u00e9sident de la R\u00e9publique, Son Excellence le G\u00e9n\u00e9ral Mamadi Doumbouya, a officiellement accept\u00e9 la d\u00e9mission du Gouvernement conduite par le Premier ministre, Chef du Gouvernement, Monsieur Amadou Oury Bah.<\/p>\n<p>Cette d\u00e9cision a \u00e9t\u00e9 notifi\u00e9e \u00e0 travers un communiqu\u00e9 adress\u00e9 au Premier ministre, dans lequel le Chef de l\u2019\u00c9tat pr\u00e9cise que cette d\u00e9mission s\u2019inscrit dans le respect des usages r\u00e9publicains. Elle vise \u00e0 marquer un nouveau d\u00e9part institutionnel \u00e0 la suite de l\u2019\u00e9lection pr\u00e9sidentielle du 28 d\u00e9cembre 2025, organis\u00e9e dans le calme et une atmosph\u00e8re festive sur l\u2019ensemble du territoire national.<\/p>\n<p>\u00c0 cette occasion, le Pr\u00e9sident de la R\u00e9publique a tenu \u00e0 f\u00e9liciter le Premier ministre ainsi que l\u2019ensemble des membres du Gouvernement pour les responsabilit\u00e9s et missions assum\u00e9es au service de la Nation. Il a rappel\u00e9 que l\u2019exercice de ces hautes fonctions constitue \u00e0 la fois un honneur et un engagement au service du peuple de Guin\u00e9e.<\/p>\n<p>Conform\u00e9ment aux dispositions constitutionnelles, le Chef de l\u2019\u00c9tat a inform\u00e9 le Gouvernement d\u00e9missionnaire qu\u2019il signera, ce jour, deux d\u00e9crets majeurs. Le premier d\u00e9cret mettra fin aux fonctions du Premier ministre, Chef du Gouvernement, ainsi qu\u2019\u00e0 celles des autres membres du Gouvernement. Le second d\u00e9cret d\u00e9signera les autorit\u00e9s administratives charg\u00e9es d\u2019exp\u00e9dier les affaires courantes.<\/p>\n<p>Il s\u2019agit notamment du Ministre Directeur de Cabinet de la Primature, du Directeur de Cabinet du Minist\u00e8re de la D\u00e9fense nationale, des Secr\u00e9taires g\u00e9n\u00e9raux des minist\u00e8res ainsi que des Secr\u00e9taires g\u00e9n\u00e9raux adjoints du Gouvernement et des Affaires religieuses. Ces responsables assureront la continuit\u00e9 de l\u2019action publique jusqu\u2019\u00e0 la nomination d\u2019un nouveau Gouvernement.<\/p>\n<p>Cette \u00e9tape marque une transition institutionnelle majeure dans le processus politique en cours, ouvrant la voie \u00e0 la formation d\u2019une nouvelle \u00e9quipe gouvernementale appel\u00e9e \u00e0 accompagner le Pr\u00e9sident de la R\u00e9publique dans la mise en \u0153uvre de sa vision pour la Guin\u00e9e post-\u00e9lectorale.<\/p>\n<p style=\"text-align: center\"><strong>Ci-dessous le communiqu\u00e9\u00a0<\/strong><\/p>\n<p><img loading=\"lazy\" decoding=\"async\" class=\"size-medium wp-image-1513 aligncenter\" src=\"https:\/\/oeildupeuple224.com\/wp-content\/uploads\/2026\/01\/screenshot-20260122-185207-facebook-211x300.jpg\" alt=\"\" width=\"211\" height=\"300\" srcset=\"https:\/\/oeildupeuple224.com\/wp-content\/uploads\/2026\/01\/screenshot-20260122-185207-facebook-211x300.jpg 211w, https:\/\/oeildupeuple224.com\/wp-content\/uploads\/2026\/01\/screenshot-20260122-185207-facebook-722x1024.jpg 722w, https:\/\/oeildupeuple224.com\/wp-content\/uploads\/2026\/01\/screenshot-20260122-185207-facebook-768x1089.jpg 768w, https:\/\/oeildupeuple224.com\/wp-content\/uploads\/2026\/01\/screenshot-20260122-185207-facebook.jpg 1080w\" sizes=\"auto, (max-width: 211px) 100vw, 211px\" \/><\/p>\n<p><img loading=\"lazy\" decoding=\"async\" class=\"size-medium wp-image-1514 aligncenter\" src=\"https:\/\/oeildupeuple224.com\/wp-content\/uploads\/2026\/01\/screenshot-20260122-185219-facebook-214x300.jpg\" alt=\"\" width=\"214\" height=\"300\" srcset=\"https:\/\/oeildupeuple224.com\/wp-content\/uploads\/2026\/01\/screenshot-20260122-185219-facebook-214x300.jpg 214w, https:\/\/oeildupeuple224.com\/wp-content\/uploads\/2026\/01\/screenshot-20260122-185219-facebook-731x1024.jpg 731w, https:\/\/oeildupeuple224.com\/wp-content\/uploads\/2026\/01\/screenshot-20260122-185219-facebook-768x1075.jpg 768w, https:\/\/oeildupeuple224.com\/wp-content\/uploads\/2026\/01\/screenshot-20260122-185219-facebook.jpg 1080w\" sizes=\"auto, (max-width: 214px) 100vw, 214px\" \/><\/p>\n","protected":false},"excerpt":{"rendered":"<p>Le Pr\u00e9sident de la R\u00e9publique, Son Excellence le G\u00e9n\u00e9ral Mamadi Doumbouya, a officiellement accept\u00e9 la d\u00e9mission du Gouvernement conduite par le Premier ministre, Chef du Gouvernement, Monsieur Amadou Oury Bah. Cette d\u00e9cision a \u00e9t\u00e9 notifi\u00e9e \u00e0 travers un communiqu\u00e9 adress\u00e9 au Premier ministre, dans lequel le Chef de l\u2019\u00c9tat pr\u00e9cise que cette d\u00e9mission s\u2019inscrit dans [&hellip;]<\/p>\n","protected":false},"author":3,"featured_media":1400,"comment_status":"open","ping_status":"open","sticky":false,"template":"","format":"standard","meta":{"footnotes":""},"categories":[61,3,6],"tags":[261,72,94,260],"class_list":["post-1510","post","type-post","status-publish","format-standard","has-post-thumbnail","hentry","category-a-la-une","category-actualite","category-politique","tag-decret","tag-guinee","tag-mamadi-doumbouya","tag-oury-bah"],"yoast_head":"<!-- This site is optimized with the Yoast SEO plugin v27.5 - https:\/\/yoast.com\/product\/yoast-seo-wordpress\/ -->\n<title>Guin\u00e9e : le Pr\u00e9sident Mamadi Doumbouya accepte la d\u00e9mission du Gouvernement et annonce deux d\u00e9crets cl\u00e9s - Oeildupeuple224<\/title>\n<meta name=\"robots\" content=\"index, follow, max-snippet:-1, max-image-preview:large, max-video-preview:-1\" \/>\n<link rel=\"canonical\" href=\"https:\/\/oeildupeuple224.com\/index.php\/guinee-le-president-mamadi-doumbouya-accepte-la-demission-du-gouvernement-et-annonce-deux-decrets-cles\/\" \/>\n<meta property=\"og:locale\" content=\"fr_FR\" \/>\n<meta property=\"og:type\" content=\"article\" \/>\n<meta property=\"og:title\" content=\"Guin\u00e9e : le Pr\u00e9sident Mamadi Doumbouya accepte la d\u00e9mission du Gouvernement et annonce deux d\u00e9crets cl\u00e9s - Oeildupeuple224\" \/>\n<meta property=\"og:description\" content=\"Le Pr\u00e9sident de la R\u00e9publique, Son Excellence le G\u00e9n\u00e9ral Mamadi Doumbouya, a officiellement accept\u00e9 la d\u00e9mission du Gouvernement conduite par le Premier ministre, Chef du Gouvernement, Monsieur Amadou Oury Bah. Cette d\u00e9cision a \u00e9t\u00e9 notifi\u00e9e \u00e0 travers un communiqu\u00e9 adress\u00e9 au Premier ministre, dans lequel le Chef de l\u2019\u00c9tat pr\u00e9cise que cette d\u00e9mission s\u2019inscrit dans [&hellip;]\" \/>\n<meta property=\"og:url\" content=\"https:\/\/oeildupeuple224.com\/index.php\/guinee-le-president-mamadi-doumbouya-accepte-la-demission-du-gouvernement-et-annonce-deux-decrets-cles\/\" \/>\n<meta property=\"og:site_name\" content=\"Oeildupeuple224\" \/>\n<meta property=\"article:published_time\" content=\"2026-01-22T19:03:36+00:00\" \/>\n<meta property=\"og:image\" content=\"https:\/\/oeildupeuple224.com\/wp-content\/uploads\/2026\/01\/fb-img-1768693983039.jpg\" \/>\n\t<meta property=\"og:image:width\" content=\"1366\" \/>\n\t<meta property=\"og:image:height\" content=\"1218\" \/>\n\t<meta property=\"og:image:type\" content=\"image\/jpeg\" \/>\n<meta name=\"author\" content=\"Bolokada\" \/>\n<meta name=\"twitter:card\" content=\"summary_large_image\" \/>\n<meta name=\"twitter:label1\" content=\"\u00c9crit par\" \/>\n\t<meta name=\"twitter:data1\" content=\"Bolokada\" \/>\n\t<meta name=\"twitter:label2\" content=\"Dur\u00e9e de lecture estim\u00e9e\" \/>\n\t<meta name=\"twitter:data2\" content=\"3 minutes\" \/>\n<script type=\"application\/ld+json\" class=\"yoast-schema-graph\">{\"@context\":\"https:\\\/\\\/schema.org\",\"@graph\":[{\"@type\":\"Article\",\"@id\":\"https:\\\/\\\/oeildupeuple224.com\\\/index.php\\\/guinee-le-president-mamadi-doumbouya-accepte-la-demission-du-gouvernement-et-annonce-deux-decrets-cles\\\/#article\",\"isPartOf\":{\"@id\":\"https:\\\/\\\/oeildupeuple224.com\\\/index.php\\\/guinee-le-president-mamadi-doumbouya-accepte-la-demission-du-gouvernement-et-annonce-deux-decrets-cles\\\/\"},\"author\":{\"name\":\"Bolokada\",\"@id\":\"https:\\\/\\\/oeildupeuple224.com\\\/#\\\/schema\\\/person\\\/67af96d96d7c96ed77036e49ab98a3d1\"},\"headline\":\"Guin\u00e9e : le Pr\u00e9sident Mamadi Doumbouya accepte la d\u00e9mission du Gouvernement et annonce deux d\u00e9crets cl\u00e9s\",\"datePublished\":\"2026-01-22T19:03:36+00:00\",\"mainEntityOfPage\":{\"@id\":\"https:\\\/\\\/oeildupeuple224.com\\\/index.php\\\/guinee-le-president-mamadi-doumbouya-accepte-la-demission-du-gouvernement-et-annonce-deux-decrets-cles\\\/\"},\"wordCount\":366,\"commentCount\":0,\"image\":{\"@id\":\"https:\\\/\\\/oeildupeuple224.com\\\/index.php\\\/guinee-le-president-mamadi-doumbouya-accepte-la-demission-du-gouvernement-et-annonce-deux-decrets-cles\\\/#primaryimage\"},\"thumbnailUrl\":\"https:\\\/\\\/oeildupeuple224.com\\\/wp-content\\\/uploads\\\/2026\\\/01\\\/fb-img-1768693983039.jpg\",\"keywords\":[\"D\u00e9cret\",\"Guin\u00e9e\",\"Mamadi Doumbouya\",\"Oury Bah\"],\"articleSection\":[\"A la Une\",\"Actualit\u00e9\",\"Politique\"],\"inLanguage\":\"fr-FR\",\"potentialAction\":[{\"@type\":\"CommentAction\",\"name\":\"Comment\",\"target\":[\"https:\\\/\\\/oeildupeuple224.com\\\/index.php\\\/guinee-le-president-mamadi-doumbouya-accepte-la-demission-du-gouvernement-et-annonce-deux-decrets-cles\\\/#respond\"]}]},{\"@type\":\"WebPage\",\"@id\":\"https:\\\/\\\/oeildupeuple224.com\\\/index.php\\\/guinee-le-president-mamadi-doumbouya-accepte-la-demission-du-gouvernement-et-annonce-deux-decrets-cles\\\/\",\"url\":\"https:\\\/\\\/oeildupeuple224.com\\\/index.php\\\/guinee-le-president-mamadi-doumbouya-accepte-la-demission-du-gouvernement-et-annonce-deux-decrets-cles\\\/\",\"name\":\"Guin\u00e9e : le Pr\u00e9sident Mamadi Doumbouya accepte la d\u00e9mission du Gouvernement et annonce deux d\u00e9crets cl\u00e9s - Oeildupeuple224\",\"isPartOf\":{\"@id\":\"https:\\\/\\\/oeildupeuple224.com\\\/#website\"},\"primaryImageOfPage\":{\"@id\":\"https:\\\/\\\/oeildupeuple224.com\\\/index.php\\\/guinee-le-president-mamadi-doumbouya-accepte-la-demission-du-gouvernement-et-annonce-deux-decrets-cles\\\/#primaryimage\"},\"image\":{\"@id\":\"https:\\\/\\\/oeildupeuple224.com\\\/index.php\\\/guinee-le-president-mamadi-doumbouya-accepte-la-demission-du-gouvernement-et-annonce-deux-decrets-cles\\\/#primaryimage\"},\"thumbnailUrl\":\"https:\\\/\\\/oeildupeuple224.com\\\/wp-content\\\/uploads\\\/2026\\\/01\\\/fb-img-1768693983039.jpg\",\"datePublished\":\"2026-01-22T19:03:36+00:00\",\"author\":{\"@id\":\"https:\\\/\\\/oeildupeuple224.com\\\/#\\\/schema\\\/person\\\/67af96d96d7c96ed77036e49ab98a3d1\"},\"breadcrumb\":{\"@id\":\"https:\\\/\\\/oeildupeuple224.com\\\/index.php\\\/guinee-le-president-mamadi-doumbouya-accepte-la-demission-du-gouvernement-et-annonce-deux-decrets-cles\\\/#breadcrumb\"},\"inLanguage\":\"fr-FR\",\"potentialAction\":[{\"@type\":\"ReadAction\",\"target\":[\"https:\\\/\\\/oeildupeuple224.com\\\/index.php\\\/guinee-le-president-mamadi-doumbouya-accepte-la-demission-du-gouvernement-et-annonce-deux-decrets-cles\\\/\"]}]},{\"@type\":\"ImageObject\",\"inLanguage\":\"fr-FR\",\"@id\":\"https:\\\/\\\/oeildupeuple224.com\\\/index.php\\\/guinee-le-president-mamadi-doumbouya-accepte-la-demission-du-gouvernement-et-annonce-deux-decrets-cles\\\/#primaryimage\",\"url\":\"https:\\\/\\\/oeildupeuple224.com\\\/wp-content\\\/uploads\\\/2026\\\/01\\\/fb-img-1768693983039.jpg\",\"contentUrl\":\"https:\\\/\\\/oeildupeuple224.com\\\/wp-content\\\/uploads\\\/2026\\\/01\\\/fb-img-1768693983039.jpg\",\"width\":1366,\"height\":1218},{\"@type\":\"BreadcrumbList\",\"@id\":\"https:\\\/\\\/oeildupeuple224.com\\\/index.php\\\/guinee-le-president-mamadi-doumbouya-accepte-la-demission-du-gouvernement-et-annonce-deux-decrets-cles\\\/#breadcrumb\",\"itemListElement\":[{\"@type\":\"ListItem\",\"position\":1,\"name\":\"Home\",\"item\":\"https:\\\/\\\/oeildupeuple224.com\\\/\"},{\"@type\":\"ListItem\",\"position\":2,\"name\":\"Guin\u00e9e : le Pr\u00e9sident Mamadi Doumbouya accepte la d\u00e9mission du Gouvernement et annonce deux d\u00e9crets cl\u00e9s\"}]},{\"@type\":\"WebSite\",\"@id\":\"https:\\\/\\\/oeildupeuple224.com\\\/#website\",\"url\":\"https:\\\/\\\/oeildupeuple224.com\\\/\",\"name\":\"Oeildupeuple224\",\"description\":\"Le regard du peuple sur l&#039;actualit\u00e9\",\"potentialAction\":[{\"@type\":\"SearchAction\",\"target\":{\"@type\":\"EntryPoint\",\"urlTemplate\":\"https:\\\/\\\/oeildupeuple224.com\\\/?s={search_term_string}\"},\"query-input\":{\"@type\":\"PropertyValueSpecification\",\"valueRequired\":true,\"valueName\":\"search_term_string\"}}],\"inLanguage\":\"fr-FR\"},{\"@type\":\"Person\",\"@id\":\"https:\\\/\\\/oeildupeuple224.com\\\/#\\\/schema\\\/person\\\/67af96d96d7c96ed77036e49ab98a3d1\",\"name\":\"Bolokada\",\"image\":{\"@type\":\"ImageObject\",\"inLanguage\":\"fr-FR\",\"@id\":\"https:\\\/\\\/secure.gravatar.com\\\/avatar\\\/593ead1b1edfe657ed498637902872d2460fcdf9064121d046eb46b7d0659e3a?s=96&d=mm&r=g\",\"url\":\"https:\\\/\\\/secure.gravatar.com\\\/avatar\\\/593ead1b1edfe657ed498637902872d2460fcdf9064121d046eb46b7d0659e3a?s=96&d=mm&r=g\",\"contentUrl\":\"https:\\\/\\\/secure.gravatar.com\\\/avatar\\\/593ead1b1edfe657ed498637902872d2460fcdf9064121d046eb46b7d0659e3a?s=96&d=mm&r=g\",\"caption\":\"Bolokada\"},\"url\":\"https:\\\/\\\/oeildupeuple224.com\\\/index.php\\\/author\\\/bolokada\\\/\"}]}<\/script>\n<!-- \/ Yoast SEO plugin. -->","yoast_head_json":{"title":"Guin\u00e9e : le Pr\u00e9sident Mamadi Doumbouya accepte la d\u00e9mission du Gouvernement et annonce deux d\u00e9crets cl\u00e9s - Oeildupeuple224","robots":{"index":"index","follow":"follow","max-snippet":"max-snippet:-1","max-image-preview":"max-image-preview:large","max-video-preview":"max-video-preview:-1"},"canonical":"https:\/\/oeildupeuple224.com\/index.php\/guinee-le-president-mamadi-doumbouya-accepte-la-demission-du-gouvernement-et-annonce-deux-decrets-cles\/","og_locale":"fr_FR","og_type":"article","og_title":"Guin\u00e9e : le Pr\u00e9sident Mamadi Doumbouya accepte la d\u00e9mission du Gouvernement et annonce deux d\u00e9crets cl\u00e9s - Oeildupeuple224","og_description":"Le Pr\u00e9sident de la R\u00e9publique, Son Excellence le G\u00e9n\u00e9ral Mamadi Doumbouya, a officiellement accept\u00e9 la d\u00e9mission du Gouvernement conduite par le Premier ministre, Chef du Gouvernement, Monsieur Amadou Oury Bah. Cette d\u00e9cision a \u00e9t\u00e9 notifi\u00e9e \u00e0 travers un communiqu\u00e9 adress\u00e9 au Premier ministre, dans lequel le Chef de l\u2019\u00c9tat pr\u00e9cise que cette d\u00e9mission s\u2019inscrit dans [&hellip;]","og_url":"https:\/\/oeildupeuple224.com\/index.php\/guinee-le-president-mamadi-doumbouya-accepte-la-demission-du-gouvernement-et-annonce-deux-decrets-cles\/","og_site_name":"Oeildupeuple224","article_published_time":"2026-01-22T19:03:36+00:00","og_image":[{"width":1366,"height":1218,"url":"https:\/\/oeildupeuple224.com\/wp-content\/uploads\/2026\/01\/fb-img-1768693983039.jpg","type":"image\/jpeg"}],"author":"Bolokada","twitter_card":"summary_large_image","twitter_misc":{"\u00c9crit par":"Bolokada","Dur\u00e9e de lecture estim\u00e9e":"3 minutes"},"schema":{"@context":"https:\/\/schema.org","@graph":[{"@type":"Article","@id":"https:\/\/oeildupeuple224.com\/index.php\/guinee-le-president-mamadi-doumbouya-accepte-la-demission-du-gouvernement-et-annonce-deux-decrets-cles\/#article","isPartOf":{"@id":"https:\/\/oeildupeuple224.com\/index.php\/guinee-le-president-mamadi-doumbouya-accepte-la-demission-du-gouvernement-et-annonce-deux-decrets-cles\/"},"author":{"name":"Bolokada","@id":"https:\/\/oeildupeuple224.com\/#\/schema\/person\/67af96d96d7c96ed77036e49ab98a3d1"},"headline":"Guin\u00e9e : le Pr\u00e9sident Mamadi Doumbouya accepte la d\u00e9mission du Gouvernement et annonce deux d\u00e9crets cl\u00e9s","datePublished":"2026-01-22T19:03:36+00:00","mainEntityOfPage":{"@id":"https:\/\/oeildupeuple224.com\/index.php\/guinee-le-president-mamadi-doumbouya-accepte-la-demission-du-gouvernement-et-annonce-deux-decrets-cles\/"},"wordCount":366,"commentCount":0,"image":{"@id":"https:\/\/oeildupeuple224.com\/index.php\/guinee-le-president-mamadi-doumbouya-accepte-la-demission-du-gouvernement-et-annonce-deux-decrets-cles\/#primaryimage"},"thumbnailUrl":"https:\/\/oeildupeuple224.com\/wp-content\/uploads\/2026\/01\/fb-img-1768693983039.jpg","keywords":["D\u00e9cret","Guin\u00e9e","Mamadi Doumbouya","Oury Bah"],"articleSection":["A la Une","Actualit\u00e9","Politique"],"inLanguage":"fr-FR","potentialAction":[{"@type":"CommentAction","name":"Comment","target":["https:\/\/oeildupeuple224.com\/index.php\/guinee-le-president-mamadi-doumbouya-accepte-la-demission-du-gouvernement-et-annonce-deux-decrets-cles\/#respond"]}]},{"@type":"WebPage","@id":"https:\/\/oeildupeuple224.com\/index.php\/guinee-le-president-mamadi-doumbouya-accepte-la-demission-du-gouvernement-et-annonce-deux-decrets-cles\/","url":"https:\/\/oeildupeuple224.com\/index.php\/guinee-le-president-mamadi-doumbouya-accepte-la-demission-du-gouvernement-et-annonce-deux-decrets-cles\/","name":"Guin\u00e9e : le Pr\u00e9sident Mamadi Doumbouya accepte la d\u00e9mission du Gouvernement et annonce deux d\u00e9crets cl\u00e9s - Oeildupeuple224","isPartOf":{"@id":"https:\/\/oeildupeuple224.com\/#website"},"primaryImageOfPage":{"@id":"https:\/\/oeildupeuple224.com\/index.php\/guinee-le-president-mamadi-doumbouya-accepte-la-demission-du-gouvernement-et-annonce-deux-decrets-cles\/#primaryimage"},"image":{"@id":"https:\/\/oeildupeuple224.com\/index.php\/guinee-le-president-mamadi-doumbouya-accepte-la-demission-du-gouvernement-et-annonce-deux-decrets-cles\/#primaryimage"},"thumbnailUrl":"https:\/\/oeildupeuple224.com\/wp-content\/uploads\/2026\/01\/fb-img-1768693983039.jpg","datePublished":"2026-01-22T19:03:36+00:00","author":{"@id":"https:\/\/oeildupeuple224.com\/#\/schema\/person\/67af96d96d7c96ed77036e49ab98a3d1"},"breadcrumb":{"@id":"https:\/\/oeildupeuple224.com\/index.php\/guinee-le-president-mamadi-doumbouya-accepte-la-demission-du-gouvernement-et-annonce-deux-decrets-cles\/#breadcrumb"},"inLanguage":"fr-FR","potentialAction":[{"@type":"ReadAction","target":["https:\/\/oeildupeuple224.com\/index.php\/guinee-le-president-mamadi-doumbouya-accepte-la-demission-du-gouvernement-et-annonce-deux-decrets-cles\/"]}]},{"@type":"ImageObject","inLanguage":"fr-FR","@id":"https:\/\/oeildupeuple224.com\/index.php\/guinee-le-president-mamadi-doumbouya-accepte-la-demission-du-gouvernement-et-annonce-deux-decrets-cles\/#primaryimage","url":"https:\/\/oeildupeuple224.com\/wp-content\/uploads\/2026\/01\/fb-img-1768693983039.jpg","contentUrl":"https:\/\/oeildupeuple224.com\/wp-content\/uploads\/2026\/01\/fb-img-1768693983039.jpg","width":1366,"height":1218},{"@type":"BreadcrumbList","@id":"https:\/\/oeildupeuple224.com\/index.php\/guinee-le-president-mamadi-doumbouya-accepte-la-demission-du-gouvernement-et-annonce-deux-decrets-cles\/#breadcrumb","itemListElement":[{"@type":"ListItem","position":1,"name":"Home","item":"https:\/\/oeildupeuple224.com\/"},{"@type":"ListItem","position":2,"name":"Guin\u00e9e : le Pr\u00e9sident Mamadi Doumbouya accepte la d\u00e9mission du Gouvernement et annonce deux d\u00e9crets cl\u00e9s"}]},{"@type":"WebSite","@id":"https:\/\/oeildupeuple224.com\/#website","url":"https:\/\/oeildupeuple224.com\/","name":"Oeildupeuple224","description":"Le regard du peuple sur l&#039;actualit\u00e9","potentialAction":[{"@type":"SearchAction","target":{"@type":"EntryPoint","urlTemplate":"https:\/\/oeildupeuple224.com\/?s={search_term_string}"},"query-input":{"@type":"PropertyValueSpecification","valueRequired":true,"valueName":"search_term_string"}}],"inLanguage":"fr-FR"},{"@type":"Person","@id":"https:\/\/oeildupeuple224.com\/#\/schema\/person\/67af96d96d7c96ed77036e49ab98a3d1","name":"Bolokada","image":{"@type":"ImageObject","inLanguage":"fr-FR","@id":"https:\/\/secure.gravatar.com\/avatar\/593ead1b1edfe657ed498637902872d2460fcdf9064121d046eb46b7d0659e3a?s=96&d=mm&r=g","url":"https:\/\/secure.gravatar.com\/avatar\/593ead1b1edfe657ed498637902872d2460fcdf9064121d046eb46b7d0659e3a?s=96&d=mm&r=g","contentUrl":"https:\/\/secure.gravatar.com\/avatar\/593ead1b1edfe657ed498637902872d2460fcdf9064121d046eb46b7d0659e3a?s=96&d=mm&r=g","caption":"Bolokada"},"url":"https:\/\/oeildupeuple224.com\/index.php\/author\/bolokada\/"}]}},"jetpack_featured_media_url":"https:\/\/oeildupeuple224.com\/wp-content\/uploads\/2026\/01\/fb-img-1768693983039.jpg","_links":{"self":[{"href":"https:\/\/oeildupeuple224.com\/index.php\/wp-json\/wp\/v2\/posts\/1510","targetHints":{"allow":["GET"]}}],"collection":[{"href":"https:\/\/oeildupeuple224.com\/index.php\/wp-json\/wp\/v2\/posts"}],"about":[{"href":"https:\/\/oeildupeuple224.com\/index.php\/wp-json\/wp\/v2\/types\/post"}],"author":[{"embeddable":true,"href":"https:\/\/oeildupeuple224.com\/index.php\/wp-json\/wp\/v2\/users\/3"}],"replies":[{"embeddable":true,"href":"https:\/\/oeildupeuple224.com\/index.php\/wp-json\/wp\/v2\/comments?post=1510"}],"version-history":[{"count":0,"href":"https:\/\/oeildupeuple224.com\/index.php\/wp-json\/wp\/v2\/posts\/1510\/revisions"}],"wp:featuredmedia":[{"embeddable":true,"href":"https:\/\/oeildupeuple224.com\/index.php\/wp-json\/wp\/v2\/media\/1400"}],"wp:attachment":[{"href":"https:\/\/oeildupeuple224.com\/index.php\/wp-json\/wp\/v2\/media?parent=1510"}],"wp:term":[{"taxonomy":"category","embeddable":true,"href":"https:\/\/oeildupeuple224.com\/index.php\/wp-json\/wp\/v2\/categories?post=1510"},{"taxonomy":"post_tag","embeddable":true,"href":"https:\/\/oeildupeuple224.com\/index.php\/wp-json\/wp\/v2\/tags?post=1510"}],"curies":[{"name":"wp","href":"https:\/\/api.w.org\/{rel}","templated":true}]}}