{"id":1497,"date":"2026-01-22T15:56:21","date_gmt":"2026-01-22T14:56:21","guid":{"rendered":"https:\/\/oeildupeuple224.com\/?p=1497"},"modified":"2026-01-22T15:56:21","modified_gmt":"2026-01-22T14:56:21","slug":"mtfp-ont-lancement-du-premier-bulletin-dinformation-du-marche-du-travail-en-guinee","status":"publish","type":"post","link":"https:\/\/oeildupeuple224.com\/index.php\/mtfp-ont-lancement-du-premier-bulletin-dinformation-du-marche-du-travail-en-guinee\/","title":{"rendered":"MTFP\u2013ONT : lancement du premier Bulletin d\u2019information du march\u00e9 du travail en Guin\u00e9e"},"content":{"rendered":"<p><strong>Le Minist\u00e8re du Travail et de la Fonction Publique (MTFP), \u00e0 travers l\u2019Observatoire National du Travail (ONT), a proc\u00e9d\u00e9, le jeudi 15 janvier 2026, au lancement officiel du premier Bulletin d\u2019information du march\u00e9 du travail en R\u00e9publique de Guin\u00e9e. La c\u00e9r\u00e9monie s\u2019est tenue au si\u00e8ge du d\u00e9partement, \u00e0 l\u2019occasion d\u2019un point de presse pr\u00e9sid\u00e9 par le Secr\u00e9taire g\u00e9n\u00e9ral du minist\u00e8re, M. Aboubacar Kourouma, repr\u00e9sentant le ministre.<\/strong><\/p>\n<p><img loading=\"lazy\" decoding=\"async\" class=\"alignnone size-medium wp-image-1498\" src=\"https:\/\/oeildupeuple224.com\/wp-content\/uploads\/2026\/01\/fb-img-1769093334893-300x200.jpg\" alt=\"\" width=\"300\" height=\"200\" srcset=\"https:\/\/oeildupeuple224.com\/wp-content\/uploads\/2026\/01\/fb-img-1769093334893-300x200.jpg 300w, https:\/\/oeildupeuple224.com\/wp-content\/uploads\/2026\/01\/fb-img-1769093334893-1024x683.jpg 1024w, https:\/\/oeildupeuple224.com\/wp-content\/uploads\/2026\/01\/fb-img-1769093334893-768x512.jpg 768w, https:\/\/oeildupeuple224.com\/wp-content\/uploads\/2026\/01\/fb-img-1769093334893.jpg 1280w\" sizes=\"auto, (max-width: 300px) 100vw, 300px\" \/><\/p>\n<p>Ce bulletin constitue un instrument strat\u00e9gique d\u2019analyse et d\u2019aide \u00e0 la d\u00e9cision. Il vise \u00e0 renforcer la production, la disponibilit\u00e9 et l\u2019exploitation de donn\u00e9es statistiques fiables sur le march\u00e9 du travail, notamment en mati\u00e8re d\u2019emploi, de ch\u00f4mage, de taux d\u2019activit\u00e9 et de population hors main-d\u2019\u0153uvre, conform\u00e9ment aux missions d\u00e9volues \u00e0 l\u2019ONT.<\/p>\n<p>L\u2019initiative s\u2019inscrit dans une dynamique de modernisation de la gouvernance publique, fond\u00e9e sur l\u2019utilisation de donn\u00e9es probantes pour l\u2019\u00e9laboration, la mise en \u0153uvre et l\u2019\u00e9valuation des politiques publiques de l\u2019emploi.<\/p>\n<p>Repr\u00e9sentant le ministre du Travail et de la Fonction Publique, le Secr\u00e9taire g\u00e9n\u00e9ral a soulign\u00e9 que ce bulletin est l\u2019aboutissement d\u2019un engagement fort du Pr\u00e9sident de la R\u00e9publique, le G\u00e9n\u00e9ral Mamadi Doumbouya, en faveur de la transparence, de la connaissance et du dialogue social.<\/p>\n<p>\u00ab Comprendre pour mieux agir \u00bb, a-t-il rappel\u00e9, en pr\u00e9cisant que cet outil permettra de concevoir des politiques d\u2019emploi plus efficaces, d\u2019orienter la formation professionnelle, d\u2019attirer des investissements g\u00e9n\u00e9rateurs d\u2019emplois et de suivre, de mani\u00e8re rigoureuse, les progr\u00e8s du d\u00e9veloppement socio-\u00e9conomique du pays.<\/p>\n<p>Le Bulletin d\u2019information du march\u00e9 du travail ambitionne d\u2019offrir \u00e0 l\u2019ensemble des parties prenantes pouvoirs publics, secteur priv\u00e9, partenaires techniques et financiers, chercheurs, organisations sociales et citoyens une base d\u2019information commune, objective et conforme aux standards internationaux. Il met en lumi\u00e8re des indicateurs cl\u00e9s tels que l\u2019emploi, le ch\u00f4mage, le sous-emploi et le taux d\u2019activit\u00e9.<\/p>\n<p>Pour sa part, le Directeur de l\u2019Observatoire National du Travail, M. Alseny Niar\u00e9, a pr\u00e9sent\u00e9 le contenu du bulletin et livr\u00e9 une premi\u00e8re analyse du march\u00e9 du travail guin\u00e9en. Il a \u00e9galement esquiss\u00e9 plusieurs pistes de r\u00e9flexion qui feront l\u2019objet d\u2019analyses plus approfondies dans les prochaines \u00e9ditions.<\/p>\n<p><img loading=\"lazy\" decoding=\"async\" class=\"alignnone size-medium wp-image-1499\" src=\"https:\/\/oeildupeuple224.com\/wp-content\/uploads\/2026\/01\/fb-img-1769093278766-300x200.jpg\" alt=\"\" width=\"300\" height=\"200\" srcset=\"https:\/\/oeildupeuple224.com\/wp-content\/uploads\/2026\/01\/fb-img-1769093278766-300x200.jpg 300w, https:\/\/oeildupeuple224.com\/wp-content\/uploads\/2026\/01\/fb-img-1769093278766-1024x682.jpg 1024w, https:\/\/oeildupeuple224.com\/wp-content\/uploads\/2026\/01\/fb-img-1769093278766-768x512.jpg 768w, https:\/\/oeildupeuple224.com\/wp-content\/uploads\/2026\/01\/fb-img-1769093278766.jpg 1280w\" sizes=\"auto, (max-width: 300px) 100vw, 300px\" \/><\/p>\n<p>En cl\u00f4ture de la rencontre, le Secr\u00e9taire g\u00e9n\u00e9ral du MTFP a invit\u00e9 l\u2019ensemble des acteurs institutionnels et sociaux \u00e0 s\u2019approprier cet outil et \u00e0 contribuer activement \u00e0 sa diffusion, afin d\u2019en faire une r\u00e9f\u00e9rence nationale en mati\u00e8re d\u2019\u00e9laboration, de suivi et d\u2019\u00e9valuation des politiques publiques de l\u2019emploi.<\/p>\n<p><strong>Www.oeildupeuple224.com<\/strong><\/p>\n","protected":false},"excerpt":{"rendered":"<p>Le Minist\u00e8re du Travail et de la Fonction Publique (MTFP), \u00e0 travers l\u2019Observatoire National du Travail (ONT), a proc\u00e9d\u00e9, le jeudi 15 janvier 2026, au lancement officiel du premier Bulletin d\u2019information du march\u00e9 du travail en R\u00e9publique de Guin\u00e9e. La c\u00e9r\u00e9monie s\u2019est tenue au si\u00e8ge du d\u00e9partement, \u00e0 l\u2019occasion d\u2019un point de presse pr\u00e9sid\u00e9 par [&hellip;]<\/p>\n","protected":false},"author":3,"featured_media":1500,"comment_status":"open","ping_status":"open","sticky":false,"template":"","format":"standard","meta":{"footnotes":""},"categories":[61,3,9],"tags":[579,577,474,72,210,578],"class_list":["post-1497","post","type-post","status-publish","format-standard","has-post-thumbnail","hentry","category-a-la-une","category-actualite","category-societe","tag-bulletin-dinformation","tag-fonction-publique","tag-gouvernement","tag-guinee","tag-lancement","tag-ont"],"yoast_head":"<!-- This site is optimized with the Yoast SEO plugin v27.5 - https:\/\/yoast.com\/product\/yoast-seo-wordpress\/ -->\n<title>MTFP\u2013ONT : lancement du premier Bulletin d\u2019information du march\u00e9 du travail en Guin\u00e9e - Oeildupeuple224<\/title>\n<meta name=\"robots\" content=\"index, follow, max-snippet:-1, max-image-preview:large, max-video-preview:-1\" \/>\n<link rel=\"canonical\" href=\"https:\/\/oeildupeuple224.com\/index.php\/mtfp-ont-lancement-du-premier-bulletin-dinformation-du-marche-du-travail-en-guinee\/\" \/>\n<meta property=\"og:locale\" content=\"fr_FR\" \/>\n<meta property=\"og:type\" content=\"article\" \/>\n<meta property=\"og:title\" content=\"MTFP\u2013ONT : lancement du premier Bulletin d\u2019information du march\u00e9 du travail en Guin\u00e9e - Oeildupeuple224\" \/>\n<meta property=\"og:description\" content=\"Le Minist\u00e8re du Travail et de la Fonction Publique (MTFP), \u00e0 travers l\u2019Observatoire National du Travail (ONT), a proc\u00e9d\u00e9, le jeudi 15 janvier 2026, au lancement officiel du premier Bulletin d\u2019information du march\u00e9 du travail en R\u00e9publique de Guin\u00e9e. La c\u00e9r\u00e9monie s\u2019est tenue au si\u00e8ge du d\u00e9partement, \u00e0 l\u2019occasion d\u2019un point de presse pr\u00e9sid\u00e9 par [&hellip;]\" \/>\n<meta property=\"og:url\" content=\"https:\/\/oeildupeuple224.com\/index.php\/mtfp-ont-lancement-du-premier-bulletin-dinformation-du-marche-du-travail-en-guinee\/\" \/>\n<meta property=\"og:site_name\" content=\"Oeildupeuple224\" \/>\n<meta property=\"article:published_time\" content=\"2026-01-22T14:56:21+00:00\" \/>\n<meta property=\"og:image\" content=\"https:\/\/oeildupeuple224.com\/wp-content\/uploads\/2026\/01\/fb-img-1769093309556.jpg\" \/>\n\t<meta property=\"og:image:width\" content=\"960\" \/>\n\t<meta property=\"og:image:height\" content=\"1280\" \/>\n\t<meta property=\"og:image:type\" content=\"image\/jpeg\" \/>\n<meta name=\"author\" content=\"Bolokada\" \/>\n<meta name=\"twitter:card\" content=\"summary_large_image\" \/>\n<meta name=\"twitter:label1\" content=\"\u00c9crit par\" \/>\n\t<meta name=\"twitter:data1\" content=\"Bolokada\" \/>\n\t<meta name=\"twitter:label2\" content=\"Dur\u00e9e de lecture estim\u00e9e\" \/>\n\t<meta name=\"twitter:data2\" content=\"3 minutes\" \/>\n<script type=\"application\/ld+json\" class=\"yoast-schema-graph\">{\"@context\":\"https:\\\/\\\/schema.org\",\"@graph\":[{\"@type\":\"Article\",\"@id\":\"https:\\\/\\\/oeildupeuple224.com\\\/index.php\\\/mtfp-ont-lancement-du-premier-bulletin-dinformation-du-marche-du-travail-en-guinee\\\/#article\",\"isPartOf\":{\"@id\":\"https:\\\/\\\/oeildupeuple224.com\\\/index.php\\\/mtfp-ont-lancement-du-premier-bulletin-dinformation-du-marche-du-travail-en-guinee\\\/\"},\"author\":{\"name\":\"Bolokada\",\"@id\":\"https:\\\/\\\/oeildupeuple224.com\\\/#\\\/schema\\\/person\\\/67af96d96d7c96ed77036e49ab98a3d1\"},\"headline\":\"MTFP\u2013ONT : lancement du premier Bulletin d\u2019information du march\u00e9 du travail en Guin\u00e9e\",\"datePublished\":\"2026-01-22T14:56:21+00:00\",\"mainEntityOfPage\":{\"@id\":\"https:\\\/\\\/oeildupeuple224.com\\\/index.php\\\/mtfp-ont-lancement-du-premier-bulletin-dinformation-du-marche-du-travail-en-guinee\\\/\"},\"wordCount\":479,\"commentCount\":0,\"image\":{\"@id\":\"https:\\\/\\\/oeildupeuple224.com\\\/index.php\\\/mtfp-ont-lancement-du-premier-bulletin-dinformation-du-marche-du-travail-en-guinee\\\/#primaryimage\"},\"thumbnailUrl\":\"https:\\\/\\\/oeildupeuple224.com\\\/wp-content\\\/uploads\\\/2026\\\/01\\\/fb-img-1769093309556.jpg\",\"keywords\":[\"bulletin d'information\",\"Fonction Publique\",\"gouvernement\",\"Guin\u00e9e\",\"lancement\",\"ONT\"],\"articleSection\":[\"A la Une\",\"Actualit\u00e9\",\"Soci\u00e9t\u00e9\"],\"inLanguage\":\"fr-FR\",\"potentialAction\":[{\"@type\":\"CommentAction\",\"name\":\"Comment\",\"target\":[\"https:\\\/\\\/oeildupeuple224.com\\\/index.php\\\/mtfp-ont-lancement-du-premier-bulletin-dinformation-du-marche-du-travail-en-guinee\\\/#respond\"]}]},{\"@type\":\"WebPage\",\"@id\":\"https:\\\/\\\/oeildupeuple224.com\\\/index.php\\\/mtfp-ont-lancement-du-premier-bulletin-dinformation-du-marche-du-travail-en-guinee\\\/\",\"url\":\"https:\\\/\\\/oeildupeuple224.com\\\/index.php\\\/mtfp-ont-lancement-du-premier-bulletin-dinformation-du-marche-du-travail-en-guinee\\\/\",\"name\":\"MTFP\u2013ONT : lancement du premier Bulletin d\u2019information du march\u00e9 du travail en Guin\u00e9e - Oeildupeuple224\",\"isPartOf\":{\"@id\":\"https:\\\/\\\/oeildupeuple224.com\\\/#website\"},\"primaryImageOfPage\":{\"@id\":\"https:\\\/\\\/oeildupeuple224.com\\\/index.php\\\/mtfp-ont-lancement-du-premier-bulletin-dinformation-du-marche-du-travail-en-guinee\\\/#primaryimage\"},\"image\":{\"@id\":\"https:\\\/\\\/oeildupeuple224.com\\\/index.php\\\/mtfp-ont-lancement-du-premier-bulletin-dinformation-du-marche-du-travail-en-guinee\\\/#primaryimage\"},\"thumbnailUrl\":\"https:\\\/\\\/oeildupeuple224.com\\\/wp-content\\\/uploads\\\/2026\\\/01\\\/fb-img-1769093309556.jpg\",\"datePublished\":\"2026-01-22T14:56:21+00:00\",\"author\":{\"@id\":\"https:\\\/\\\/oeildupeuple224.com\\\/#\\\/schema\\\/person\\\/67af96d96d7c96ed77036e49ab98a3d1\"},\"breadcrumb\":{\"@id\":\"https:\\\/\\\/oeildupeuple224.com\\\/index.php\\\/mtfp-ont-lancement-du-premier-bulletin-dinformation-du-marche-du-travail-en-guinee\\\/#breadcrumb\"},\"inLanguage\":\"fr-FR\",\"potentialAction\":[{\"@type\":\"ReadAction\",\"target\":[\"https:\\\/\\\/oeildupeuple224.com\\\/index.php\\\/mtfp-ont-lancement-du-premier-bulletin-dinformation-du-marche-du-travail-en-guinee\\\/\"]}]},{\"@type\":\"ImageObject\",\"inLanguage\":\"fr-FR\",\"@id\":\"https:\\\/\\\/oeildupeuple224.com\\\/index.php\\\/mtfp-ont-lancement-du-premier-bulletin-dinformation-du-marche-du-travail-en-guinee\\\/#primaryimage\",\"url\":\"https:\\\/\\\/oeildupeuple224.com\\\/wp-content\\\/uploads\\\/2026\\\/01\\\/fb-img-1769093309556.jpg\",\"contentUrl\":\"https:\\\/\\\/oeildupeuple224.com\\\/wp-content\\\/uploads\\\/2026\\\/01\\\/fb-img-1769093309556.jpg\",\"width\":960,\"height\":1280},{\"@type\":\"BreadcrumbList\",\"@id\":\"https:\\\/\\\/oeildupeuple224.com\\\/index.php\\\/mtfp-ont-lancement-du-premier-bulletin-dinformation-du-marche-du-travail-en-guinee\\\/#breadcrumb\",\"itemListElement\":[{\"@type\":\"ListItem\",\"position\":1,\"name\":\"Home\",\"item\":\"https:\\\/\\\/oeildupeuple224.com\\\/\"},{\"@type\":\"ListItem\",\"position\":2,\"name\":\"MTFP\u2013ONT : lancement du premier Bulletin d\u2019information du march\u00e9 du travail en Guin\u00e9e\"}]},{\"@type\":\"WebSite\",\"@id\":\"https:\\\/\\\/oeildupeuple224.com\\\/#website\",\"url\":\"https:\\\/\\\/oeildupeuple224.com\\\/\",\"name\":\"Oeildupeuple224\",\"description\":\"Le regard du peuple sur l&#039;actualit\u00e9\",\"potentialAction\":[{\"@type\":\"SearchAction\",\"target\":{\"@type\":\"EntryPoint\",\"urlTemplate\":\"https:\\\/\\\/oeildupeuple224.com\\\/?s={search_term_string}\"},\"query-input\":{\"@type\":\"PropertyValueSpecification\",\"valueRequired\":true,\"valueName\":\"search_term_string\"}}],\"inLanguage\":\"fr-FR\"},{\"@type\":\"Person\",\"@id\":\"https:\\\/\\\/oeildupeuple224.com\\\/#\\\/schema\\\/person\\\/67af96d96d7c96ed77036e49ab98a3d1\",\"name\":\"Bolokada\",\"image\":{\"@type\":\"ImageObject\",\"inLanguage\":\"fr-FR\",\"@id\":\"https:\\\/\\\/secure.gravatar.com\\\/avatar\\\/593ead1b1edfe657ed498637902872d2460fcdf9064121d046eb46b7d0659e3a?s=96&d=mm&r=g\",\"url\":\"https:\\\/\\\/secure.gravatar.com\\\/avatar\\\/593ead1b1edfe657ed498637902872d2460fcdf9064121d046eb46b7d0659e3a?s=96&d=mm&r=g\",\"contentUrl\":\"https:\\\/\\\/secure.gravatar.com\\\/avatar\\\/593ead1b1edfe657ed498637902872d2460fcdf9064121d046eb46b7d0659e3a?s=96&d=mm&r=g\",\"caption\":\"Bolokada\"},\"url\":\"https:\\\/\\\/oeildupeuple224.com\\\/index.php\\\/author\\\/bolokada\\\/\"}]}<\/script>\n<!-- \/ Yoast SEO plugin. -->","yoast_head_json":{"title":"MTFP\u2013ONT : lancement du premier Bulletin d\u2019information du march\u00e9 du travail en Guin\u00e9e - Oeildupeuple224","robots":{"index":"index","follow":"follow","max-snippet":"max-snippet:-1","max-image-preview":"max-image-preview:large","max-video-preview":"max-video-preview:-1"},"canonical":"https:\/\/oeildupeuple224.com\/index.php\/mtfp-ont-lancement-du-premier-bulletin-dinformation-du-marche-du-travail-en-guinee\/","og_locale":"fr_FR","og_type":"article","og_title":"MTFP\u2013ONT : lancement du premier Bulletin d\u2019information du march\u00e9 du travail en Guin\u00e9e - Oeildupeuple224","og_description":"Le Minist\u00e8re du Travail et de la Fonction Publique (MTFP), \u00e0 travers l\u2019Observatoire National du Travail (ONT), a proc\u00e9d\u00e9, le jeudi 15 janvier 2026, au lancement officiel du premier Bulletin d\u2019information du march\u00e9 du travail en R\u00e9publique de Guin\u00e9e. La c\u00e9r\u00e9monie s\u2019est tenue au si\u00e8ge du d\u00e9partement, \u00e0 l\u2019occasion d\u2019un point de presse pr\u00e9sid\u00e9 par [&hellip;]","og_url":"https:\/\/oeildupeuple224.com\/index.php\/mtfp-ont-lancement-du-premier-bulletin-dinformation-du-marche-du-travail-en-guinee\/","og_site_name":"Oeildupeuple224","article_published_time":"2026-01-22T14:56:21+00:00","og_image":[{"width":960,"height":1280,"url":"https:\/\/oeildupeuple224.com\/wp-content\/uploads\/2026\/01\/fb-img-1769093309556.jpg","type":"image\/jpeg"}],"author":"Bolokada","twitter_card":"summary_large_image","twitter_misc":{"\u00c9crit par":"Bolokada","Dur\u00e9e de lecture estim\u00e9e":"3 minutes"},"schema":{"@context":"https:\/\/schema.org","@graph":[{"@type":"Article","@id":"https:\/\/oeildupeuple224.com\/index.php\/mtfp-ont-lancement-du-premier-bulletin-dinformation-du-marche-du-travail-en-guinee\/#article","isPartOf":{"@id":"https:\/\/oeildupeuple224.com\/index.php\/mtfp-ont-lancement-du-premier-bulletin-dinformation-du-marche-du-travail-en-guinee\/"},"author":{"name":"Bolokada","@id":"https:\/\/oeildupeuple224.com\/#\/schema\/person\/67af96d96d7c96ed77036e49ab98a3d1"},"headline":"MTFP\u2013ONT : lancement du premier Bulletin d\u2019information du march\u00e9 du travail en Guin\u00e9e","datePublished":"2026-01-22T14:56:21+00:00","mainEntityOfPage":{"@id":"https:\/\/oeildupeuple224.com\/index.php\/mtfp-ont-lancement-du-premier-bulletin-dinformation-du-marche-du-travail-en-guinee\/"},"wordCount":479,"commentCount":0,"image":{"@id":"https:\/\/oeildupeuple224.com\/index.php\/mtfp-ont-lancement-du-premier-bulletin-dinformation-du-marche-du-travail-en-guinee\/#primaryimage"},"thumbnailUrl":"https:\/\/oeildupeuple224.com\/wp-content\/uploads\/2026\/01\/fb-img-1769093309556.jpg","keywords":["bulletin d'information","Fonction Publique","gouvernement","Guin\u00e9e","lancement","ONT"],"articleSection":["A la Une","Actualit\u00e9","Soci\u00e9t\u00e9"],"inLanguage":"fr-FR","potentialAction":[{"@type":"CommentAction","name":"Comment","target":["https:\/\/oeildupeuple224.com\/index.php\/mtfp-ont-lancement-du-premier-bulletin-dinformation-du-marche-du-travail-en-guinee\/#respond"]}]},{"@type":"WebPage","@id":"https:\/\/oeildupeuple224.com\/index.php\/mtfp-ont-lancement-du-premier-bulletin-dinformation-du-marche-du-travail-en-guinee\/","url":"https:\/\/oeildupeuple224.com\/index.php\/mtfp-ont-lancement-du-premier-bulletin-dinformation-du-marche-du-travail-en-guinee\/","name":"MTFP\u2013ONT : lancement du premier Bulletin d\u2019information du march\u00e9 du travail en Guin\u00e9e - Oeildupeuple224","isPartOf":{"@id":"https:\/\/oeildupeuple224.com\/#website"},"primaryImageOfPage":{"@id":"https:\/\/oeildupeuple224.com\/index.php\/mtfp-ont-lancement-du-premier-bulletin-dinformation-du-marche-du-travail-en-guinee\/#primaryimage"},"image":{"@id":"https:\/\/oeildupeuple224.com\/index.php\/mtfp-ont-lancement-du-premier-bulletin-dinformation-du-marche-du-travail-en-guinee\/#primaryimage"},"thumbnailUrl":"https:\/\/oeildupeuple224.com\/wp-content\/uploads\/2026\/01\/fb-img-1769093309556.jpg","datePublished":"2026-01-22T14:56:21+00:00","author":{"@id":"https:\/\/oeildupeuple224.com\/#\/schema\/person\/67af96d96d7c96ed77036e49ab98a3d1"},"breadcrumb":{"@id":"https:\/\/oeildupeuple224.com\/index.php\/mtfp-ont-lancement-du-premier-bulletin-dinformation-du-marche-du-travail-en-guinee\/#breadcrumb"},"inLanguage":"fr-FR","potentialAction":[{"@type":"ReadAction","target":["https:\/\/oeildupeuple224.com\/index.php\/mtfp-ont-lancement-du-premier-bulletin-dinformation-du-marche-du-travail-en-guinee\/"]}]},{"@type":"ImageObject","inLanguage":"fr-FR","@id":"https:\/\/oeildupeuple224.com\/index.php\/mtfp-ont-lancement-du-premier-bulletin-dinformation-du-marche-du-travail-en-guinee\/#primaryimage","url":"https:\/\/oeildupeuple224.com\/wp-content\/uploads\/2026\/01\/fb-img-1769093309556.jpg","contentUrl":"https:\/\/oeildupeuple224.com\/wp-content\/uploads\/2026\/01\/fb-img-1769093309556.jpg","width":960,"height":1280},{"@type":"BreadcrumbList","@id":"https:\/\/oeildupeuple224.com\/index.php\/mtfp-ont-lancement-du-premier-bulletin-dinformation-du-marche-du-travail-en-guinee\/#breadcrumb","itemListElement":[{"@type":"ListItem","position":1,"name":"Home","item":"https:\/\/oeildupeuple224.com\/"},{"@type":"ListItem","position":2,"name":"MTFP\u2013ONT : lancement du premier Bulletin d\u2019information du march\u00e9 du travail en Guin\u00e9e"}]},{"@type":"WebSite","@id":"https:\/\/oeildupeuple224.com\/#website","url":"https:\/\/oeildupeuple224.com\/","name":"Oeildupeuple224","description":"Le regard du peuple sur l&#039;actualit\u00e9","potentialAction":[{"@type":"SearchAction","target":{"@type":"EntryPoint","urlTemplate":"https:\/\/oeildupeuple224.com\/?s={search_term_string}"},"query-input":{"@type":"PropertyValueSpecification","valueRequired":true,"valueName":"search_term_string"}}],"inLanguage":"fr-FR"},{"@type":"Person","@id":"https:\/\/oeildupeuple224.com\/#\/schema\/person\/67af96d96d7c96ed77036e49ab98a3d1","name":"Bolokada","image":{"@type":"ImageObject","inLanguage":"fr-FR","@id":"https:\/\/secure.gravatar.com\/avatar\/593ead1b1edfe657ed498637902872d2460fcdf9064121d046eb46b7d0659e3a?s=96&d=mm&r=g","url":"https:\/\/secure.gravatar.com\/avatar\/593ead1b1edfe657ed498637902872d2460fcdf9064121d046eb46b7d0659e3a?s=96&d=mm&r=g","contentUrl":"https:\/\/secure.gravatar.com\/avatar\/593ead1b1edfe657ed498637902872d2460fcdf9064121d046eb46b7d0659e3a?s=96&d=mm&r=g","caption":"Bolokada"},"url":"https:\/\/oeildupeuple224.com\/index.php\/author\/bolokada\/"}]}},"jetpack_featured_media_url":"https:\/\/oeildupeuple224.com\/wp-content\/uploads\/2026\/01\/fb-img-1769093309556.jpg","_links":{"self":[{"href":"https:\/\/oeildupeuple224.com\/index.php\/wp-json\/wp\/v2\/posts\/1497","targetHints":{"allow":["GET"]}}],"collection":[{"href":"https:\/\/oeildupeuple224.com\/index.php\/wp-json\/wp\/v2\/posts"}],"about":[{"href":"https:\/\/oeildupeuple224.com\/index.php\/wp-json\/wp\/v2\/types\/post"}],"author":[{"embeddable":true,"href":"https:\/\/oeildupeuple224.com\/index.php\/wp-json\/wp\/v2\/users\/3"}],"replies":[{"embeddable":true,"href":"https:\/\/oeildupeuple224.com\/index.php\/wp-json\/wp\/v2\/comments?post=1497"}],"version-history":[{"count":0,"href":"https:\/\/oeildupeuple224.com\/index.php\/wp-json\/wp\/v2\/posts\/1497\/revisions"}],"wp:featuredmedia":[{"embeddable":true,"href":"https:\/\/oeildupeuple224.com\/index.php\/wp-json\/wp\/v2\/media\/1500"}],"wp:attachment":[{"href":"https:\/\/oeildupeuple224.com\/index.php\/wp-json\/wp\/v2\/media?parent=1497"}],"wp:term":[{"taxonomy":"category","embeddable":true,"href":"https:\/\/oeildupeuple224.com\/index.php\/wp-json\/wp\/v2\/categories?post=1497"},{"taxonomy":"post_tag","embeddable":true,"href":"https:\/\/oeildupeuple224.com\/index.php\/wp-json\/wp\/v2\/tags?post=1497"}],"curies":[{"name":"wp","href":"https:\/\/api.w.org\/{rel}","templated":true}]}}