{"id":1494,"date":"2026-01-22T15:06:40","date_gmt":"2026-01-22T14:06:40","guid":{"rendered":"https:\/\/oeildupeuple224.com\/?p=1494"},"modified":"2026-01-22T15:06:40","modified_gmt":"2026-01-22T14:06:40","slug":"soudan-la-guerre-prive-huit-millions-denfants-decole","status":"publish","type":"post","link":"https:\/\/oeildupeuple224.com\/index.php\/soudan-la-guerre-prive-huit-millions-denfants-decole\/","title":{"rendered":"Soudan : la guerre prive huit millions d\u2019enfants d\u2019\u00e9cole"},"content":{"rendered":"<p>Au Soudan, la guerre prive des millions d\u2019enfants de leur droit fondamental \u00e0 l\u2019\u00e9ducation. Selon l\u2019ONG Save the Children, plus de huit millions d\u2019\u00e9coliers n\u2019ont pas remis les pieds \u00e0 l\u2019\u00e9cole depuis pr\u00e8s de 500 jours.<\/p>\n<p>&nbsp;<\/p>\n<p>Cela repr\u00e9sente pr\u00e8s de la moiti\u00e9 des 17 millions d\u2019enfants en \u00e2ge scolaire dans le pays. L\u2019ONG parle de l\u2019une des plus longues fermetures d\u2019\u00e9coles au monde.<\/p>\n<p>&nbsp;<\/p>\n<p>Depuis avril 2023, le Soudan est plong\u00e9 dans un conflit sanglant opposant l\u2019arm\u00e9e soudanaise aux Forces de soutien rapide, une milice paramilitaire. De nombreuses \u00e9coles ont \u00e9t\u00e9 d\u00e9truites, endommag\u00e9es, ou transform\u00e9es en abris pour les d\u00e9plac\u00e9s, alors que plus de sept millions de personnes ont fui leurs foyers.<\/p>\n<p>&nbsp;<\/p>\n<p>La situation est particuli\u00e8rement critique au Darfour-Nord : seulement 3 % des \u00e9coles y sont encore en activit\u00e9. D\u2019autres r\u00e9gions sont \u00e9galement durement touch\u00e9es, comme le Darfour-Ouest, le Kordofan-Ouest et le Darfour-Sud.<\/p>\n<p>&nbsp;<\/p>\n<p>\u00c0 cela s\u2019ajoute le d\u00e9part massif des enseignants, souvent non pay\u00e9s depuis des mois. Save the Children alerte : sans investissement urgent, toute une g\u00e9n\u00e9ration risque d\u2019\u00eatre sacrifi\u00e9e.<\/p>\n<p>&nbsp;<\/p>\n<p>L\u2019ONU qualifie ce conflit de pire crise humanitaire au monde, avec des dizaines de milliers de morts. Les Nations unies s\u2019inqui\u00e8tent d\u2019une \u201cg\u00e9n\u00e9ration perdue\u201d, tandis que les attaques contre les \u00e9coles et le recrutement d\u2019enfants se multiplient.<\/p>\n<p><strong>Africanews<\/strong><\/p>\n","protected":false},"excerpt":{"rendered":"<p>Au Soudan, la guerre prive des millions d\u2019enfants de leur droit fondamental \u00e0 l\u2019\u00e9ducation. Selon l\u2019ONG Save the Children, plus de huit millions d\u2019\u00e9coliers n\u2019ont pas remis les pieds \u00e0 l\u2019\u00e9cole depuis pr\u00e8s de 500 jours. &nbsp; Cela repr\u00e9sente pr\u00e8s de la moiti\u00e9 des 17 millions d\u2019enfants en \u00e2ge scolaire dans le pays. L\u2019ONG parle [&hellip;]<\/p>\n","protected":false},"author":3,"featured_media":1495,"comment_status":"open","ping_status":"open","sticky":false,"template":"","format":"standard","meta":{"footnotes":""},"categories":[61,3,18,9],"tags":[231,576,573,574,575,381],"class_list":["post-1494","post","type-post","status-publish","format-standard","has-post-thumbnail","hentry","category-a-la-une","category-actualite","category-international","category-societe","tag-afrique","tag-alerte","tag-famines","tag-guerres","tag-ong","tag-soudan"],"yoast_head":"<!-- This site is optimized with the Yoast SEO plugin v27.5 - https:\/\/yoast.com\/product\/yoast-seo-wordpress\/ -->\n<title>Soudan : la guerre prive huit millions d\u2019enfants d\u2019\u00e9cole - Oeildupeuple224<\/title>\n<meta name=\"robots\" content=\"index, follow, max-snippet:-1, max-image-preview:large, max-video-preview:-1\" \/>\n<link rel=\"canonical\" href=\"https:\/\/oeildupeuple224.com\/index.php\/soudan-la-guerre-prive-huit-millions-denfants-decole\/\" \/>\n<meta property=\"og:locale\" content=\"fr_FR\" \/>\n<meta property=\"og:type\" content=\"article\" \/>\n<meta property=\"og:title\" content=\"Soudan : la guerre prive huit millions d\u2019enfants d\u2019\u00e9cole - Oeildupeuple224\" \/>\n<meta property=\"og:description\" content=\"Au Soudan, la guerre prive des millions d\u2019enfants de leur droit fondamental \u00e0 l\u2019\u00e9ducation. Selon l\u2019ONG Save the Children, plus de huit millions d\u2019\u00e9coliers n\u2019ont pas remis les pieds \u00e0 l\u2019\u00e9cole depuis pr\u00e8s de 500 jours. &nbsp; Cela repr\u00e9sente pr\u00e8s de la moiti\u00e9 des 17 millions d\u2019enfants en \u00e2ge scolaire dans le pays. L\u2019ONG parle [&hellip;]\" \/>\n<meta property=\"og:url\" content=\"https:\/\/oeildupeuple224.com\/index.php\/soudan-la-guerre-prive-huit-millions-denfants-decole\/\" \/>\n<meta property=\"og:site_name\" content=\"Oeildupeuple224\" \/>\n<meta property=\"article:published_time\" content=\"2026-01-22T14:06:40+00:00\" \/>\n<meta property=\"og:image\" content=\"https:\/\/oeildupeuple224.com\/wp-content\/uploads\/2026\/01\/1024x576-cmsv2-e1e708d7-301f-534f-b4d8-0d77112f798e-9556083.jpg\" \/>\n\t<meta property=\"og:image:width\" content=\"1024\" \/>\n\t<meta property=\"og:image:height\" content=\"576\" \/>\n\t<meta property=\"og:image:type\" content=\"image\/jpeg\" \/>\n<meta name=\"author\" content=\"Bolokada\" \/>\n<meta name=\"twitter:card\" content=\"summary_large_image\" \/>\n<meta name=\"twitter:label1\" content=\"\u00c9crit par\" \/>\n\t<meta name=\"twitter:data1\" content=\"Bolokada\" \/>\n\t<meta name=\"twitter:label2\" content=\"Dur\u00e9e de lecture estim\u00e9e\" \/>\n\t<meta name=\"twitter:data2\" content=\"2 minutes\" \/>\n<script type=\"application\/ld+json\" class=\"yoast-schema-graph\">{\"@context\":\"https:\\\/\\\/schema.org\",\"@graph\":[{\"@type\":\"Article\",\"@id\":\"https:\\\/\\\/oeildupeuple224.com\\\/index.php\\\/soudan-la-guerre-prive-huit-millions-denfants-decole\\\/#article\",\"isPartOf\":{\"@id\":\"https:\\\/\\\/oeildupeuple224.com\\\/index.php\\\/soudan-la-guerre-prive-huit-millions-denfants-decole\\\/\"},\"author\":{\"name\":\"Bolokada\",\"@id\":\"https:\\\/\\\/oeildupeuple224.com\\\/#\\\/schema\\\/person\\\/67af96d96d7c96ed77036e49ab98a3d1\"},\"headline\":\"Soudan : la guerre prive huit millions d\u2019enfants d\u2019\u00e9cole\",\"datePublished\":\"2026-01-22T14:06:40+00:00\",\"mainEntityOfPage\":{\"@id\":\"https:\\\/\\\/oeildupeuple224.com\\\/index.php\\\/soudan-la-guerre-prive-huit-millions-denfants-decole\\\/\"},\"wordCount\":252,\"commentCount\":0,\"image\":{\"@id\":\"https:\\\/\\\/oeildupeuple224.com\\\/index.php\\\/soudan-la-guerre-prive-huit-millions-denfants-decole\\\/#primaryimage\"},\"thumbnailUrl\":\"https:\\\/\\\/oeildupeuple224.com\\\/wp-content\\\/uploads\\\/2026\\\/01\\\/1024x576-cmsv2-e1e708d7-301f-534f-b4d8-0d77112f798e-9556083.jpg\",\"keywords\":[\"Afrique\",\"alerte\",\"famines\",\"guerres\",\"ong\",\"Soudan\"],\"articleSection\":[\"A la Une\",\"Actualit\u00e9\",\"International\",\"Soci\u00e9t\u00e9\"],\"inLanguage\":\"fr-FR\",\"potentialAction\":[{\"@type\":\"CommentAction\",\"name\":\"Comment\",\"target\":[\"https:\\\/\\\/oeildupeuple224.com\\\/index.php\\\/soudan-la-guerre-prive-huit-millions-denfants-decole\\\/#respond\"]}]},{\"@type\":\"WebPage\",\"@id\":\"https:\\\/\\\/oeildupeuple224.com\\\/index.php\\\/soudan-la-guerre-prive-huit-millions-denfants-decole\\\/\",\"url\":\"https:\\\/\\\/oeildupeuple224.com\\\/index.php\\\/soudan-la-guerre-prive-huit-millions-denfants-decole\\\/\",\"name\":\"Soudan : la guerre prive huit millions d\u2019enfants d\u2019\u00e9cole - Oeildupeuple224\",\"isPartOf\":{\"@id\":\"https:\\\/\\\/oeildupeuple224.com\\\/#website\"},\"primaryImageOfPage\":{\"@id\":\"https:\\\/\\\/oeildupeuple224.com\\\/index.php\\\/soudan-la-guerre-prive-huit-millions-denfants-decole\\\/#primaryimage\"},\"image\":{\"@id\":\"https:\\\/\\\/oeildupeuple224.com\\\/index.php\\\/soudan-la-guerre-prive-huit-millions-denfants-decole\\\/#primaryimage\"},\"thumbnailUrl\":\"https:\\\/\\\/oeildupeuple224.com\\\/wp-content\\\/uploads\\\/2026\\\/01\\\/1024x576-cmsv2-e1e708d7-301f-534f-b4d8-0d77112f798e-9556083.jpg\",\"datePublished\":\"2026-01-22T14:06:40+00:00\",\"author\":{\"@id\":\"https:\\\/\\\/oeildupeuple224.com\\\/#\\\/schema\\\/person\\\/67af96d96d7c96ed77036e49ab98a3d1\"},\"breadcrumb\":{\"@id\":\"https:\\\/\\\/oeildupeuple224.com\\\/index.php\\\/soudan-la-guerre-prive-huit-millions-denfants-decole\\\/#breadcrumb\"},\"inLanguage\":\"fr-FR\",\"potentialAction\":[{\"@type\":\"ReadAction\",\"target\":[\"https:\\\/\\\/oeildupeuple224.com\\\/index.php\\\/soudan-la-guerre-prive-huit-millions-denfants-decole\\\/\"]}]},{\"@type\":\"ImageObject\",\"inLanguage\":\"fr-FR\",\"@id\":\"https:\\\/\\\/oeildupeuple224.com\\\/index.php\\\/soudan-la-guerre-prive-huit-millions-denfants-decole\\\/#primaryimage\",\"url\":\"https:\\\/\\\/oeildupeuple224.com\\\/wp-content\\\/uploads\\\/2026\\\/01\\\/1024x576-cmsv2-e1e708d7-301f-534f-b4d8-0d77112f798e-9556083.jpg\",\"contentUrl\":\"https:\\\/\\\/oeildupeuple224.com\\\/wp-content\\\/uploads\\\/2026\\\/01\\\/1024x576-cmsv2-e1e708d7-301f-534f-b4d8-0d77112f798e-9556083.jpg\",\"width\":1024,\"height\":576},{\"@type\":\"BreadcrumbList\",\"@id\":\"https:\\\/\\\/oeildupeuple224.com\\\/index.php\\\/soudan-la-guerre-prive-huit-millions-denfants-decole\\\/#breadcrumb\",\"itemListElement\":[{\"@type\":\"ListItem\",\"position\":1,\"name\":\"Home\",\"item\":\"https:\\\/\\\/oeildupeuple224.com\\\/\"},{\"@type\":\"ListItem\",\"position\":2,\"name\":\"Soudan : la guerre prive huit millions d\u2019enfants d\u2019\u00e9cole\"}]},{\"@type\":\"WebSite\",\"@id\":\"https:\\\/\\\/oeildupeuple224.com\\\/#website\",\"url\":\"https:\\\/\\\/oeildupeuple224.com\\\/\",\"name\":\"Oeildupeuple224\",\"description\":\"Le regard du peuple sur l&#039;actualit\u00e9\",\"potentialAction\":[{\"@type\":\"SearchAction\",\"target\":{\"@type\":\"EntryPoint\",\"urlTemplate\":\"https:\\\/\\\/oeildupeuple224.com\\\/?s={search_term_string}\"},\"query-input\":{\"@type\":\"PropertyValueSpecification\",\"valueRequired\":true,\"valueName\":\"search_term_string\"}}],\"inLanguage\":\"fr-FR\"},{\"@type\":\"Person\",\"@id\":\"https:\\\/\\\/oeildupeuple224.com\\\/#\\\/schema\\\/person\\\/67af96d96d7c96ed77036e49ab98a3d1\",\"name\":\"Bolokada\",\"image\":{\"@type\":\"ImageObject\",\"inLanguage\":\"fr-FR\",\"@id\":\"https:\\\/\\\/secure.gravatar.com\\\/avatar\\\/593ead1b1edfe657ed498637902872d2460fcdf9064121d046eb46b7d0659e3a?s=96&d=mm&r=g\",\"url\":\"https:\\\/\\\/secure.gravatar.com\\\/avatar\\\/593ead1b1edfe657ed498637902872d2460fcdf9064121d046eb46b7d0659e3a?s=96&d=mm&r=g\",\"contentUrl\":\"https:\\\/\\\/secure.gravatar.com\\\/avatar\\\/593ead1b1edfe657ed498637902872d2460fcdf9064121d046eb46b7d0659e3a?s=96&d=mm&r=g\",\"caption\":\"Bolokada\"},\"url\":\"https:\\\/\\\/oeildupeuple224.com\\\/index.php\\\/author\\\/bolokada\\\/\"}]}<\/script>\n<!-- \/ Yoast SEO plugin. -->","yoast_head_json":{"title":"Soudan : la guerre prive huit millions d\u2019enfants d\u2019\u00e9cole - Oeildupeuple224","robots":{"index":"index","follow":"follow","max-snippet":"max-snippet:-1","max-image-preview":"max-image-preview:large","max-video-preview":"max-video-preview:-1"},"canonical":"https:\/\/oeildupeuple224.com\/index.php\/soudan-la-guerre-prive-huit-millions-denfants-decole\/","og_locale":"fr_FR","og_type":"article","og_title":"Soudan : la guerre prive huit millions d\u2019enfants d\u2019\u00e9cole - Oeildupeuple224","og_description":"Au Soudan, la guerre prive des millions d\u2019enfants de leur droit fondamental \u00e0 l\u2019\u00e9ducation. Selon l\u2019ONG Save the Children, plus de huit millions d\u2019\u00e9coliers n\u2019ont pas remis les pieds \u00e0 l\u2019\u00e9cole depuis pr\u00e8s de 500 jours. &nbsp; Cela repr\u00e9sente pr\u00e8s de la moiti\u00e9 des 17 millions d\u2019enfants en \u00e2ge scolaire dans le pays. L\u2019ONG parle [&hellip;]","og_url":"https:\/\/oeildupeuple224.com\/index.php\/soudan-la-guerre-prive-huit-millions-denfants-decole\/","og_site_name":"Oeildupeuple224","article_published_time":"2026-01-22T14:06:40+00:00","og_image":[{"width":1024,"height":576,"url":"https:\/\/oeildupeuple224.com\/wp-content\/uploads\/2026\/01\/1024x576-cmsv2-e1e708d7-301f-534f-b4d8-0d77112f798e-9556083.jpg","type":"image\/jpeg"}],"author":"Bolokada","twitter_card":"summary_large_image","twitter_misc":{"\u00c9crit par":"Bolokada","Dur\u00e9e de lecture estim\u00e9e":"2 minutes"},"schema":{"@context":"https:\/\/schema.org","@graph":[{"@type":"Article","@id":"https:\/\/oeildupeuple224.com\/index.php\/soudan-la-guerre-prive-huit-millions-denfants-decole\/#article","isPartOf":{"@id":"https:\/\/oeildupeuple224.com\/index.php\/soudan-la-guerre-prive-huit-millions-denfants-decole\/"},"author":{"name":"Bolokada","@id":"https:\/\/oeildupeuple224.com\/#\/schema\/person\/67af96d96d7c96ed77036e49ab98a3d1"},"headline":"Soudan : la guerre prive huit millions d\u2019enfants d\u2019\u00e9cole","datePublished":"2026-01-22T14:06:40+00:00","mainEntityOfPage":{"@id":"https:\/\/oeildupeuple224.com\/index.php\/soudan-la-guerre-prive-huit-millions-denfants-decole\/"},"wordCount":252,"commentCount":0,"image":{"@id":"https:\/\/oeildupeuple224.com\/index.php\/soudan-la-guerre-prive-huit-millions-denfants-decole\/#primaryimage"},"thumbnailUrl":"https:\/\/oeildupeuple224.com\/wp-content\/uploads\/2026\/01\/1024x576-cmsv2-e1e708d7-301f-534f-b4d8-0d77112f798e-9556083.jpg","keywords":["Afrique","alerte","famines","guerres","ong","Soudan"],"articleSection":["A la Une","Actualit\u00e9","International","Soci\u00e9t\u00e9"],"inLanguage":"fr-FR","potentialAction":[{"@type":"CommentAction","name":"Comment","target":["https:\/\/oeildupeuple224.com\/index.php\/soudan-la-guerre-prive-huit-millions-denfants-decole\/#respond"]}]},{"@type":"WebPage","@id":"https:\/\/oeildupeuple224.com\/index.php\/soudan-la-guerre-prive-huit-millions-denfants-decole\/","url":"https:\/\/oeildupeuple224.com\/index.php\/soudan-la-guerre-prive-huit-millions-denfants-decole\/","name":"Soudan : la guerre prive huit millions d\u2019enfants d\u2019\u00e9cole - Oeildupeuple224","isPartOf":{"@id":"https:\/\/oeildupeuple224.com\/#website"},"primaryImageOfPage":{"@id":"https:\/\/oeildupeuple224.com\/index.php\/soudan-la-guerre-prive-huit-millions-denfants-decole\/#primaryimage"},"image":{"@id":"https:\/\/oeildupeuple224.com\/index.php\/soudan-la-guerre-prive-huit-millions-denfants-decole\/#primaryimage"},"thumbnailUrl":"https:\/\/oeildupeuple224.com\/wp-content\/uploads\/2026\/01\/1024x576-cmsv2-e1e708d7-301f-534f-b4d8-0d77112f798e-9556083.jpg","datePublished":"2026-01-22T14:06:40+00:00","author":{"@id":"https:\/\/oeildupeuple224.com\/#\/schema\/person\/67af96d96d7c96ed77036e49ab98a3d1"},"breadcrumb":{"@id":"https:\/\/oeildupeuple224.com\/index.php\/soudan-la-guerre-prive-huit-millions-denfants-decole\/#breadcrumb"},"inLanguage":"fr-FR","potentialAction":[{"@type":"ReadAction","target":["https:\/\/oeildupeuple224.com\/index.php\/soudan-la-guerre-prive-huit-millions-denfants-decole\/"]}]},{"@type":"ImageObject","inLanguage":"fr-FR","@id":"https:\/\/oeildupeuple224.com\/index.php\/soudan-la-guerre-prive-huit-millions-denfants-decole\/#primaryimage","url":"https:\/\/oeildupeuple224.com\/wp-content\/uploads\/2026\/01\/1024x576-cmsv2-e1e708d7-301f-534f-b4d8-0d77112f798e-9556083.jpg","contentUrl":"https:\/\/oeildupeuple224.com\/wp-content\/uploads\/2026\/01\/1024x576-cmsv2-e1e708d7-301f-534f-b4d8-0d77112f798e-9556083.jpg","width":1024,"height":576},{"@type":"BreadcrumbList","@id":"https:\/\/oeildupeuple224.com\/index.php\/soudan-la-guerre-prive-huit-millions-denfants-decole\/#breadcrumb","itemListElement":[{"@type":"ListItem","position":1,"name":"Home","item":"https:\/\/oeildupeuple224.com\/"},{"@type":"ListItem","position":2,"name":"Soudan : la guerre prive huit millions d\u2019enfants d\u2019\u00e9cole"}]},{"@type":"WebSite","@id":"https:\/\/oeildupeuple224.com\/#website","url":"https:\/\/oeildupeuple224.com\/","name":"Oeildupeuple224","description":"Le regard du peuple sur l&#039;actualit\u00e9","potentialAction":[{"@type":"SearchAction","target":{"@type":"EntryPoint","urlTemplate":"https:\/\/oeildupeuple224.com\/?s={search_term_string}"},"query-input":{"@type":"PropertyValueSpecification","valueRequired":true,"valueName":"search_term_string"}}],"inLanguage":"fr-FR"},{"@type":"Person","@id":"https:\/\/oeildupeuple224.com\/#\/schema\/person\/67af96d96d7c96ed77036e49ab98a3d1","name":"Bolokada","image":{"@type":"ImageObject","inLanguage":"fr-FR","@id":"https:\/\/secure.gravatar.com\/avatar\/593ead1b1edfe657ed498637902872d2460fcdf9064121d046eb46b7d0659e3a?s=96&d=mm&r=g","url":"https:\/\/secure.gravatar.com\/avatar\/593ead1b1edfe657ed498637902872d2460fcdf9064121d046eb46b7d0659e3a?s=96&d=mm&r=g","contentUrl":"https:\/\/secure.gravatar.com\/avatar\/593ead1b1edfe657ed498637902872d2460fcdf9064121d046eb46b7d0659e3a?s=96&d=mm&r=g","caption":"Bolokada"},"url":"https:\/\/oeildupeuple224.com\/index.php\/author\/bolokada\/"}]}},"jetpack_featured_media_url":"https:\/\/oeildupeuple224.com\/wp-content\/uploads\/2026\/01\/1024x576-cmsv2-e1e708d7-301f-534f-b4d8-0d77112f798e-9556083.jpg","_links":{"self":[{"href":"https:\/\/oeildupeuple224.com\/index.php\/wp-json\/wp\/v2\/posts\/1494","targetHints":{"allow":["GET"]}}],"collection":[{"href":"https:\/\/oeildupeuple224.com\/index.php\/wp-json\/wp\/v2\/posts"}],"about":[{"href":"https:\/\/oeildupeuple224.com\/index.php\/wp-json\/wp\/v2\/types\/post"}],"author":[{"embeddable":true,"href":"https:\/\/oeildupeuple224.com\/index.php\/wp-json\/wp\/v2\/users\/3"}],"replies":[{"embeddable":true,"href":"https:\/\/oeildupeuple224.com\/index.php\/wp-json\/wp\/v2\/comments?post=1494"}],"version-history":[{"count":0,"href":"https:\/\/oeildupeuple224.com\/index.php\/wp-json\/wp\/v2\/posts\/1494\/revisions"}],"wp:featuredmedia":[{"embeddable":true,"href":"https:\/\/oeildupeuple224.com\/index.php\/wp-json\/wp\/v2\/media\/1495"}],"wp:attachment":[{"href":"https:\/\/oeildupeuple224.com\/index.php\/wp-json\/wp\/v2\/media?parent=1494"}],"wp:term":[{"taxonomy":"category","embeddable":true,"href":"https:\/\/oeildupeuple224.com\/index.php\/wp-json\/wp\/v2\/categories?post=1494"},{"taxonomy":"post_tag","embeddable":true,"href":"https:\/\/oeildupeuple224.com\/index.php\/wp-json\/wp\/v2\/tags?post=1494"}],"curies":[{"name":"wp","href":"https:\/\/api.w.org\/{rel}","templated":true}]}}