{"id":1491,"date":"2026-01-22T15:03:39","date_gmt":"2026-01-22T14:03:39","guid":{"rendered":"https:\/\/oeildupeuple224.com\/?p=1491"},"modified":"2026-01-22T15:03:39","modified_gmt":"2026-01-22T14:03:39","slug":"proces-kassory-fofana-lappel-enlise-a-la-crief-entre-absences-renvois-et-raisons-medicales","status":"publish","type":"post","link":"https:\/\/oeildupeuple224.com\/index.php\/proces-kassory-fofana-lappel-enlise-a-la-crief-entre-absences-renvois-et-raisons-medicales\/","title":{"rendered":"Proc\u00e8s Kassory Fofana : l\u2019appel enlis\u00e9 \u00e0 la CRIEF entre absences, renvois et raisons m\u00e9dicales"},"content":{"rendered":"<p>Le proc\u00e8s en appel de Dr Ibrahima Kassory Fofana continue de pi\u00e9tiner devant la Cour de r\u00e9pression des infractions \u00e9conomiques et financi\u00e8res (CRIEF). \u00c9voqu\u00e9 une nouvelle fois ce jeudi 22 janvier devant la chambre des appels, le dossier n\u2019a toujours pas connu d\u2019avanc\u00e9e significative, l\u2019ancien Premier ministre du r\u00e9gime Alpha Cond\u00e9 ayant, encore une fois, brill\u00e9 par son absence \u00e0 l\u2019audience.<\/p>\n<p>&nbsp;<\/p>\n<p>Face \u00e0 la Cour, le minist\u00e8re public a rappel\u00e9 que depuis l\u2019ouverture de la proc\u00e9dure d\u2019appel, le pr\u00e9venu ne s\u2019est jamais pr\u00e9sent\u00e9 personnellement devant les juges. Une situation qui, selon le parquet, freine consid\u00e9rablement le bon d\u00e9roulement de la proc\u00e9dure. Malgr\u00e9 cette absence r\u00e9p\u00e9t\u00e9e, le repr\u00e9sentant du minist\u00e8re public a estim\u00e9 que les d\u00e9bats pouvaient se poursuivre, invitant la juridiction \u00e0 tirer toutes les cons\u00e9quences de droit li\u00e9es au comportement du pr\u00e9venu.<\/p>\n<p>&nbsp;<\/p>\n<p>\u00ab La Cour est en mesure de statuer en l\u2019\u00e9tat \u00bb, a notamment soulign\u00e9 Ousmane Sanoh.<\/p>\n<p>\u00c0 la suite des r\u00e9quisitions du parquet, Me Almamy Samory Traor\u00e9 a sollicit\u00e9 la parole pour annoncer officiellement sa constitution en tant qu\u2019avocat de Dr Ibrahima Kassory Fofana. Dans la foul\u00e9e, il a demand\u00e9 le renvoi de l\u2019affaire, invoquant la n\u00e9cessit\u00e9 de mieux pr\u00e9parer la d\u00e9fense.<\/p>\n<p>Cette demande n\u2019a toutefois pas \u00e9t\u00e9 du go\u00fbt de Me P\u00e9p\u00e9 Antoine Lamah, conseil de l\u2019\u00c9tat, qui souhaitait voir l\u2019affaire entrer dans sa phase d\u00e9cisive, \u00e0 savoir celle des plaidoiries. Malgr\u00e9 cette opposition, la Cour a finalement acc\u00e9d\u00e9 \u00e0 la requ\u00eate du parquet et d\u00e9cid\u00e9 de renvoyer le dossier au 29 janvier prochain.<\/p>\n<p>&nbsp;<\/p>\n<p>Le minist\u00e8re public a reconnu, devant la chambre, ne pas avoir formellement cit\u00e9 le pr\u00e9venu pour l\u2019audience de ce jeudi, un manquement proc\u00e9dural qui a pes\u00e9 dans la d\u00e9cision de renvoi.<\/p>\n<p>Avant de lever l\u2019audience, le pr\u00e9sident de la chambre, le juge Daye Mara, a inform\u00e9 les parties que Dr Ibrahima Kassory Fofana avait transmis \u00e0 la Cour un rapport m\u00e9dical. Ce document ferait \u00e9tat d\u2019une d\u00e9gradation de son \u00e9tat de sant\u00e9, un \u00e9l\u00e9ment susceptible d\u2019influer sur la suite de la proc\u00e9dure.<\/p>\n<p>&nbsp;<\/p>\n<p>Ainsi, entre absences r\u00e9p\u00e9t\u00e9es, consid\u00e9rations m\u00e9dicales et d\u00e9bats proc\u00e9duraux, le proc\u00e8s en appel de l\u2019ancien chef du gouvernement guin\u00e9en demeure dans l\u2019impasse, laissant planer l\u2019incertitude sur l\u2019issue et le calendrier de cette affaire judiciaire tr\u00e8s suivie.<\/p>\n<p>&nbsp;<\/p>\n<p><strong>Ousmane Yattara\u00a0<\/strong><\/p>\n","protected":false},"excerpt":{"rendered":"<p>Le proc\u00e8s en appel de Dr Ibrahima Kassory Fofana continue de pi\u00e9tiner devant la Cour de r\u00e9pression des infractions \u00e9conomiques et financi\u00e8res (CRIEF). \u00c9voqu\u00e9 une nouvelle fois ce jeudi 22 janvier devant la chambre des appels, le dossier n\u2019a toujours pas connu d\u2019avanc\u00e9e significative, l\u2019ancien Premier ministre du r\u00e9gime Alpha Cond\u00e9 ayant, encore une fois, [&hellip;]<\/p>\n","protected":false},"author":3,"featured_media":1492,"comment_status":"open","ping_status":"open","sticky":false,"template":"","format":"standard","meta":{"footnotes":""},"categories":[61,3,6],"tags":[146,72,147,571,572],"class_list":["post-1491","post","type-post","status-publish","format-standard","has-post-thumbnail","hentry","category-a-la-une","category-actualite","category-politique","tag-crief","tag-guinee","tag-justice","tag-kassory-fofana","tag-mohamed-diane"],"yoast_head":"<!-- This site is optimized with the Yoast SEO plugin v27.5 - https:\/\/yoast.com\/product\/yoast-seo-wordpress\/ -->\n<title>Proc\u00e8s Kassory Fofana : l\u2019appel enlis\u00e9 \u00e0 la CRIEF entre absences, renvois et raisons m\u00e9dicales - Oeildupeuple224<\/title>\n<meta name=\"robots\" content=\"index, follow, max-snippet:-1, max-image-preview:large, max-video-preview:-1\" \/>\n<link rel=\"canonical\" href=\"https:\/\/oeildupeuple224.com\/index.php\/proces-kassory-fofana-lappel-enlise-a-la-crief-entre-absences-renvois-et-raisons-medicales\/\" \/>\n<meta property=\"og:locale\" content=\"fr_FR\" \/>\n<meta property=\"og:type\" content=\"article\" \/>\n<meta property=\"og:title\" content=\"Proc\u00e8s Kassory Fofana : l\u2019appel enlis\u00e9 \u00e0 la CRIEF entre absences, renvois et raisons m\u00e9dicales - Oeildupeuple224\" \/>\n<meta property=\"og:description\" content=\"Le proc\u00e8s en appel de Dr Ibrahima Kassory Fofana continue de pi\u00e9tiner devant la Cour de r\u00e9pression des infractions \u00e9conomiques et financi\u00e8res (CRIEF). \u00c9voqu\u00e9 une nouvelle fois ce jeudi 22 janvier devant la chambre des appels, le dossier n\u2019a toujours pas connu d\u2019avanc\u00e9e significative, l\u2019ancien Premier ministre du r\u00e9gime Alpha Cond\u00e9 ayant, encore une fois, [&hellip;]\" \/>\n<meta property=\"og:url\" content=\"https:\/\/oeildupeuple224.com\/index.php\/proces-kassory-fofana-lappel-enlise-a-la-crief-entre-absences-renvois-et-raisons-medicales\/\" \/>\n<meta property=\"og:site_name\" content=\"Oeildupeuple224\" \/>\n<meta property=\"article:published_time\" content=\"2026-01-22T14:03:39+00:00\" \/>\n<meta property=\"og:image\" content=\"https:\/\/oeildupeuple224.com\/wp-content\/uploads\/2026\/01\/kassory.jpg\" \/>\n\t<meta property=\"og:image:width\" content=\"700\" \/>\n\t<meta property=\"og:image:height\" content=\"375\" \/>\n\t<meta property=\"og:image:type\" content=\"image\/jpeg\" \/>\n<meta name=\"author\" content=\"Bolokada\" \/>\n<meta name=\"twitter:card\" content=\"summary_large_image\" \/>\n<meta name=\"twitter:label1\" content=\"\u00c9crit par\" \/>\n\t<meta name=\"twitter:data1\" content=\"Bolokada\" \/>\n\t<meta name=\"twitter:label2\" content=\"Dur\u00e9e de lecture estim\u00e9e\" \/>\n\t<meta name=\"twitter:data2\" content=\"3 minutes\" \/>\n<script type=\"application\/ld+json\" class=\"yoast-schema-graph\">{\"@context\":\"https:\\\/\\\/schema.org\",\"@graph\":[{\"@type\":\"Article\",\"@id\":\"https:\\\/\\\/oeildupeuple224.com\\\/index.php\\\/proces-kassory-fofana-lappel-enlise-a-la-crief-entre-absences-renvois-et-raisons-medicales\\\/#article\",\"isPartOf\":{\"@id\":\"https:\\\/\\\/oeildupeuple224.com\\\/index.php\\\/proces-kassory-fofana-lappel-enlise-a-la-crief-entre-absences-renvois-et-raisons-medicales\\\/\"},\"author\":{\"name\":\"Bolokada\",\"@id\":\"https:\\\/\\\/oeildupeuple224.com\\\/#\\\/schema\\\/person\\\/67af96d96d7c96ed77036e49ab98a3d1\"},\"headline\":\"Proc\u00e8s Kassory Fofana : l\u2019appel enlis\u00e9 \u00e0 la CRIEF entre absences, renvois et raisons m\u00e9dicales\",\"datePublished\":\"2026-01-22T14:03:39+00:00\",\"mainEntityOfPage\":{\"@id\":\"https:\\\/\\\/oeildupeuple224.com\\\/index.php\\\/proces-kassory-fofana-lappel-enlise-a-la-crief-entre-absences-renvois-et-raisons-medicales\\\/\"},\"wordCount\":451,\"commentCount\":0,\"image\":{\"@id\":\"https:\\\/\\\/oeildupeuple224.com\\\/index.php\\\/proces-kassory-fofana-lappel-enlise-a-la-crief-entre-absences-renvois-et-raisons-medicales\\\/#primaryimage\"},\"thumbnailUrl\":\"https:\\\/\\\/oeildupeuple224.com\\\/wp-content\\\/uploads\\\/2026\\\/01\\\/kassory.jpg\",\"keywords\":[\"CRIEF\",\"Guin\u00e9e\",\"justice\",\"Kassory Fofana\",\"Mohamed Diane\"],\"articleSection\":[\"A la Une\",\"Actualit\u00e9\",\"Politique\"],\"inLanguage\":\"fr-FR\",\"potentialAction\":[{\"@type\":\"CommentAction\",\"name\":\"Comment\",\"target\":[\"https:\\\/\\\/oeildupeuple224.com\\\/index.php\\\/proces-kassory-fofana-lappel-enlise-a-la-crief-entre-absences-renvois-et-raisons-medicales\\\/#respond\"]}]},{\"@type\":\"WebPage\",\"@id\":\"https:\\\/\\\/oeildupeuple224.com\\\/index.php\\\/proces-kassory-fofana-lappel-enlise-a-la-crief-entre-absences-renvois-et-raisons-medicales\\\/\",\"url\":\"https:\\\/\\\/oeildupeuple224.com\\\/index.php\\\/proces-kassory-fofana-lappel-enlise-a-la-crief-entre-absences-renvois-et-raisons-medicales\\\/\",\"name\":\"Proc\u00e8s Kassory Fofana : l\u2019appel enlis\u00e9 \u00e0 la CRIEF entre absences, renvois et raisons m\u00e9dicales - Oeildupeuple224\",\"isPartOf\":{\"@id\":\"https:\\\/\\\/oeildupeuple224.com\\\/#website\"},\"primaryImageOfPage\":{\"@id\":\"https:\\\/\\\/oeildupeuple224.com\\\/index.php\\\/proces-kassory-fofana-lappel-enlise-a-la-crief-entre-absences-renvois-et-raisons-medicales\\\/#primaryimage\"},\"image\":{\"@id\":\"https:\\\/\\\/oeildupeuple224.com\\\/index.php\\\/proces-kassory-fofana-lappel-enlise-a-la-crief-entre-absences-renvois-et-raisons-medicales\\\/#primaryimage\"},\"thumbnailUrl\":\"https:\\\/\\\/oeildupeuple224.com\\\/wp-content\\\/uploads\\\/2026\\\/01\\\/kassory.jpg\",\"datePublished\":\"2026-01-22T14:03:39+00:00\",\"author\":{\"@id\":\"https:\\\/\\\/oeildupeuple224.com\\\/#\\\/schema\\\/person\\\/67af96d96d7c96ed77036e49ab98a3d1\"},\"breadcrumb\":{\"@id\":\"https:\\\/\\\/oeildupeuple224.com\\\/index.php\\\/proces-kassory-fofana-lappel-enlise-a-la-crief-entre-absences-renvois-et-raisons-medicales\\\/#breadcrumb\"},\"inLanguage\":\"fr-FR\",\"potentialAction\":[{\"@type\":\"ReadAction\",\"target\":[\"https:\\\/\\\/oeildupeuple224.com\\\/index.php\\\/proces-kassory-fofana-lappel-enlise-a-la-crief-entre-absences-renvois-et-raisons-medicales\\\/\"]}]},{\"@type\":\"ImageObject\",\"inLanguage\":\"fr-FR\",\"@id\":\"https:\\\/\\\/oeildupeuple224.com\\\/index.php\\\/proces-kassory-fofana-lappel-enlise-a-la-crief-entre-absences-renvois-et-raisons-medicales\\\/#primaryimage\",\"url\":\"https:\\\/\\\/oeildupeuple224.com\\\/wp-content\\\/uploads\\\/2026\\\/01\\\/kassory.jpg\",\"contentUrl\":\"https:\\\/\\\/oeildupeuple224.com\\\/wp-content\\\/uploads\\\/2026\\\/01\\\/kassory.jpg\",\"width\":700,\"height\":375},{\"@type\":\"BreadcrumbList\",\"@id\":\"https:\\\/\\\/oeildupeuple224.com\\\/index.php\\\/proces-kassory-fofana-lappel-enlise-a-la-crief-entre-absences-renvois-et-raisons-medicales\\\/#breadcrumb\",\"itemListElement\":[{\"@type\":\"ListItem\",\"position\":1,\"name\":\"Home\",\"item\":\"https:\\\/\\\/oeildupeuple224.com\\\/\"},{\"@type\":\"ListItem\",\"position\":2,\"name\":\"Proc\u00e8s Kassory Fofana : l\u2019appel enlis\u00e9 \u00e0 la CRIEF entre absences, renvois et raisons m\u00e9dicales\"}]},{\"@type\":\"WebSite\",\"@id\":\"https:\\\/\\\/oeildupeuple224.com\\\/#website\",\"url\":\"https:\\\/\\\/oeildupeuple224.com\\\/\",\"name\":\"Oeildupeuple224\",\"description\":\"Le regard du peuple sur l&#039;actualit\u00e9\",\"potentialAction\":[{\"@type\":\"SearchAction\",\"target\":{\"@type\":\"EntryPoint\",\"urlTemplate\":\"https:\\\/\\\/oeildupeuple224.com\\\/?s={search_term_string}\"},\"query-input\":{\"@type\":\"PropertyValueSpecification\",\"valueRequired\":true,\"valueName\":\"search_term_string\"}}],\"inLanguage\":\"fr-FR\"},{\"@type\":\"Person\",\"@id\":\"https:\\\/\\\/oeildupeuple224.com\\\/#\\\/schema\\\/person\\\/67af96d96d7c96ed77036e49ab98a3d1\",\"name\":\"Bolokada\",\"image\":{\"@type\":\"ImageObject\",\"inLanguage\":\"fr-FR\",\"@id\":\"https:\\\/\\\/secure.gravatar.com\\\/avatar\\\/593ead1b1edfe657ed498637902872d2460fcdf9064121d046eb46b7d0659e3a?s=96&d=mm&r=g\",\"url\":\"https:\\\/\\\/secure.gravatar.com\\\/avatar\\\/593ead1b1edfe657ed498637902872d2460fcdf9064121d046eb46b7d0659e3a?s=96&d=mm&r=g\",\"contentUrl\":\"https:\\\/\\\/secure.gravatar.com\\\/avatar\\\/593ead1b1edfe657ed498637902872d2460fcdf9064121d046eb46b7d0659e3a?s=96&d=mm&r=g\",\"caption\":\"Bolokada\"},\"url\":\"https:\\\/\\\/oeildupeuple224.com\\\/index.php\\\/author\\\/bolokada\\\/\"}]}<\/script>\n<!-- \/ Yoast SEO plugin. -->","yoast_head_json":{"title":"Proc\u00e8s Kassory Fofana : l\u2019appel enlis\u00e9 \u00e0 la CRIEF entre absences, renvois et raisons m\u00e9dicales - Oeildupeuple224","robots":{"index":"index","follow":"follow","max-snippet":"max-snippet:-1","max-image-preview":"max-image-preview:large","max-video-preview":"max-video-preview:-1"},"canonical":"https:\/\/oeildupeuple224.com\/index.php\/proces-kassory-fofana-lappel-enlise-a-la-crief-entre-absences-renvois-et-raisons-medicales\/","og_locale":"fr_FR","og_type":"article","og_title":"Proc\u00e8s Kassory Fofana : l\u2019appel enlis\u00e9 \u00e0 la CRIEF entre absences, renvois et raisons m\u00e9dicales - Oeildupeuple224","og_description":"Le proc\u00e8s en appel de Dr Ibrahima Kassory Fofana continue de pi\u00e9tiner devant la Cour de r\u00e9pression des infractions \u00e9conomiques et financi\u00e8res (CRIEF). \u00c9voqu\u00e9 une nouvelle fois ce jeudi 22 janvier devant la chambre des appels, le dossier n\u2019a toujours pas connu d\u2019avanc\u00e9e significative, l\u2019ancien Premier ministre du r\u00e9gime Alpha Cond\u00e9 ayant, encore une fois, [&hellip;]","og_url":"https:\/\/oeildupeuple224.com\/index.php\/proces-kassory-fofana-lappel-enlise-a-la-crief-entre-absences-renvois-et-raisons-medicales\/","og_site_name":"Oeildupeuple224","article_published_time":"2026-01-22T14:03:39+00:00","og_image":[{"width":700,"height":375,"url":"https:\/\/oeildupeuple224.com\/wp-content\/uploads\/2026\/01\/kassory.jpg","type":"image\/jpeg"}],"author":"Bolokada","twitter_card":"summary_large_image","twitter_misc":{"\u00c9crit par":"Bolokada","Dur\u00e9e de lecture estim\u00e9e":"3 minutes"},"schema":{"@context":"https:\/\/schema.org","@graph":[{"@type":"Article","@id":"https:\/\/oeildupeuple224.com\/index.php\/proces-kassory-fofana-lappel-enlise-a-la-crief-entre-absences-renvois-et-raisons-medicales\/#article","isPartOf":{"@id":"https:\/\/oeildupeuple224.com\/index.php\/proces-kassory-fofana-lappel-enlise-a-la-crief-entre-absences-renvois-et-raisons-medicales\/"},"author":{"name":"Bolokada","@id":"https:\/\/oeildupeuple224.com\/#\/schema\/person\/67af96d96d7c96ed77036e49ab98a3d1"},"headline":"Proc\u00e8s Kassory Fofana : l\u2019appel enlis\u00e9 \u00e0 la CRIEF entre absences, renvois et raisons m\u00e9dicales","datePublished":"2026-01-22T14:03:39+00:00","mainEntityOfPage":{"@id":"https:\/\/oeildupeuple224.com\/index.php\/proces-kassory-fofana-lappel-enlise-a-la-crief-entre-absences-renvois-et-raisons-medicales\/"},"wordCount":451,"commentCount":0,"image":{"@id":"https:\/\/oeildupeuple224.com\/index.php\/proces-kassory-fofana-lappel-enlise-a-la-crief-entre-absences-renvois-et-raisons-medicales\/#primaryimage"},"thumbnailUrl":"https:\/\/oeildupeuple224.com\/wp-content\/uploads\/2026\/01\/kassory.jpg","keywords":["CRIEF","Guin\u00e9e","justice","Kassory Fofana","Mohamed Diane"],"articleSection":["A la Une","Actualit\u00e9","Politique"],"inLanguage":"fr-FR","potentialAction":[{"@type":"CommentAction","name":"Comment","target":["https:\/\/oeildupeuple224.com\/index.php\/proces-kassory-fofana-lappel-enlise-a-la-crief-entre-absences-renvois-et-raisons-medicales\/#respond"]}]},{"@type":"WebPage","@id":"https:\/\/oeildupeuple224.com\/index.php\/proces-kassory-fofana-lappel-enlise-a-la-crief-entre-absences-renvois-et-raisons-medicales\/","url":"https:\/\/oeildupeuple224.com\/index.php\/proces-kassory-fofana-lappel-enlise-a-la-crief-entre-absences-renvois-et-raisons-medicales\/","name":"Proc\u00e8s Kassory Fofana : l\u2019appel enlis\u00e9 \u00e0 la CRIEF entre absences, renvois et raisons m\u00e9dicales - Oeildupeuple224","isPartOf":{"@id":"https:\/\/oeildupeuple224.com\/#website"},"primaryImageOfPage":{"@id":"https:\/\/oeildupeuple224.com\/index.php\/proces-kassory-fofana-lappel-enlise-a-la-crief-entre-absences-renvois-et-raisons-medicales\/#primaryimage"},"image":{"@id":"https:\/\/oeildupeuple224.com\/index.php\/proces-kassory-fofana-lappel-enlise-a-la-crief-entre-absences-renvois-et-raisons-medicales\/#primaryimage"},"thumbnailUrl":"https:\/\/oeildupeuple224.com\/wp-content\/uploads\/2026\/01\/kassory.jpg","datePublished":"2026-01-22T14:03:39+00:00","author":{"@id":"https:\/\/oeildupeuple224.com\/#\/schema\/person\/67af96d96d7c96ed77036e49ab98a3d1"},"breadcrumb":{"@id":"https:\/\/oeildupeuple224.com\/index.php\/proces-kassory-fofana-lappel-enlise-a-la-crief-entre-absences-renvois-et-raisons-medicales\/#breadcrumb"},"inLanguage":"fr-FR","potentialAction":[{"@type":"ReadAction","target":["https:\/\/oeildupeuple224.com\/index.php\/proces-kassory-fofana-lappel-enlise-a-la-crief-entre-absences-renvois-et-raisons-medicales\/"]}]},{"@type":"ImageObject","inLanguage":"fr-FR","@id":"https:\/\/oeildupeuple224.com\/index.php\/proces-kassory-fofana-lappel-enlise-a-la-crief-entre-absences-renvois-et-raisons-medicales\/#primaryimage","url":"https:\/\/oeildupeuple224.com\/wp-content\/uploads\/2026\/01\/kassory.jpg","contentUrl":"https:\/\/oeildupeuple224.com\/wp-content\/uploads\/2026\/01\/kassory.jpg","width":700,"height":375},{"@type":"BreadcrumbList","@id":"https:\/\/oeildupeuple224.com\/index.php\/proces-kassory-fofana-lappel-enlise-a-la-crief-entre-absences-renvois-et-raisons-medicales\/#breadcrumb","itemListElement":[{"@type":"ListItem","position":1,"name":"Home","item":"https:\/\/oeildupeuple224.com\/"},{"@type":"ListItem","position":2,"name":"Proc\u00e8s Kassory Fofana : l\u2019appel enlis\u00e9 \u00e0 la CRIEF entre absences, renvois et raisons m\u00e9dicales"}]},{"@type":"WebSite","@id":"https:\/\/oeildupeuple224.com\/#website","url":"https:\/\/oeildupeuple224.com\/","name":"Oeildupeuple224","description":"Le regard du peuple sur l&#039;actualit\u00e9","potentialAction":[{"@type":"SearchAction","target":{"@type":"EntryPoint","urlTemplate":"https:\/\/oeildupeuple224.com\/?s={search_term_string}"},"query-input":{"@type":"PropertyValueSpecification","valueRequired":true,"valueName":"search_term_string"}}],"inLanguage":"fr-FR"},{"@type":"Person","@id":"https:\/\/oeildupeuple224.com\/#\/schema\/person\/67af96d96d7c96ed77036e49ab98a3d1","name":"Bolokada","image":{"@type":"ImageObject","inLanguage":"fr-FR","@id":"https:\/\/secure.gravatar.com\/avatar\/593ead1b1edfe657ed498637902872d2460fcdf9064121d046eb46b7d0659e3a?s=96&d=mm&r=g","url":"https:\/\/secure.gravatar.com\/avatar\/593ead1b1edfe657ed498637902872d2460fcdf9064121d046eb46b7d0659e3a?s=96&d=mm&r=g","contentUrl":"https:\/\/secure.gravatar.com\/avatar\/593ead1b1edfe657ed498637902872d2460fcdf9064121d046eb46b7d0659e3a?s=96&d=mm&r=g","caption":"Bolokada"},"url":"https:\/\/oeildupeuple224.com\/index.php\/author\/bolokada\/"}]}},"jetpack_featured_media_url":"https:\/\/oeildupeuple224.com\/wp-content\/uploads\/2026\/01\/kassory.jpg","_links":{"self":[{"href":"https:\/\/oeildupeuple224.com\/index.php\/wp-json\/wp\/v2\/posts\/1491","targetHints":{"allow":["GET"]}}],"collection":[{"href":"https:\/\/oeildupeuple224.com\/index.php\/wp-json\/wp\/v2\/posts"}],"about":[{"href":"https:\/\/oeildupeuple224.com\/index.php\/wp-json\/wp\/v2\/types\/post"}],"author":[{"embeddable":true,"href":"https:\/\/oeildupeuple224.com\/index.php\/wp-json\/wp\/v2\/users\/3"}],"replies":[{"embeddable":true,"href":"https:\/\/oeildupeuple224.com\/index.php\/wp-json\/wp\/v2\/comments?post=1491"}],"version-history":[{"count":0,"href":"https:\/\/oeildupeuple224.com\/index.php\/wp-json\/wp\/v2\/posts\/1491\/revisions"}],"wp:featuredmedia":[{"embeddable":true,"href":"https:\/\/oeildupeuple224.com\/index.php\/wp-json\/wp\/v2\/media\/1492"}],"wp:attachment":[{"href":"https:\/\/oeildupeuple224.com\/index.php\/wp-json\/wp\/v2\/media?parent=1491"}],"wp:term":[{"taxonomy":"category","embeddable":true,"href":"https:\/\/oeildupeuple224.com\/index.php\/wp-json\/wp\/v2\/categories?post=1491"},{"taxonomy":"post_tag","embeddable":true,"href":"https:\/\/oeildupeuple224.com\/index.php\/wp-json\/wp\/v2\/tags?post=1491"}],"curies":[{"name":"wp","href":"https:\/\/api.w.org\/{rel}","templated":true}]}}