{"id":1472,"date":"2026-01-21T18:23:29","date_gmt":"2026-01-21T17:23:29","guid":{"rendered":"https:\/\/oeildupeuple224.com\/?p=1472"},"modified":"2026-01-21T18:23:29","modified_gmt":"2026-01-21T17:23:29","slug":"cybercriminalite-le-premier-ministre-salue-les-avancees-du-ministere-de-la-securite","status":"publish","type":"post","link":"https:\/\/oeildupeuple224.com\/index.php\/cybercriminalite-le-premier-ministre-salue-les-avancees-du-ministere-de-la-securite\/","title":{"rendered":"Cybercriminalit\u00e9 : le Premier ministre salue les avanc\u00e9es du minist\u00e8re de la S\u00e9curit\u00e9"},"content":{"rendered":"<p>Le Premier ministre, Chef du Gouvernement, Amadou Oury Bah, a salu\u00e9 les progr\u00e8s significatifs enregistr\u00e9s par le minist\u00e8re de la S\u00e9curit\u00e9 et de la Protection civile dans la lutte contre la cybercriminalit\u00e9, \u00e0 l\u2019occasion d\u2019une visite officielle du nouveau si\u00e8ge de la Direction de la Cybercriminalit\u00e9 et des Traces Technologiques (DCTT).<\/p>\n<p><img loading=\"lazy\" decoding=\"async\" class=\"alignnone size-medium wp-image-1475\" src=\"https:\/\/oeildupeuple224.com\/wp-content\/uploads\/2026\/01\/fb-img-1769015813483-300x200.jpg\" alt=\"\" width=\"300\" height=\"200\" srcset=\"https:\/\/oeildupeuple224.com\/wp-content\/uploads\/2026\/01\/fb-img-1769015813483-300x200.jpg 300w, https:\/\/oeildupeuple224.com\/wp-content\/uploads\/2026\/01\/fb-img-1769015813483-1024x683.jpg 1024w, https:\/\/oeildupeuple224.com\/wp-content\/uploads\/2026\/01\/fb-img-1769015813483-768x512.jpg 768w, https:\/\/oeildupeuple224.com\/wp-content\/uploads\/2026\/01\/fb-img-1769015813483.jpg 1440w\" sizes=\"auto, (max-width: 300px) 100vw, 300px\" \/><\/p>\n<p>Inaugur\u00e9e le 17 d\u00e9cembre 2025, cette structure, une premi\u00e8re en R\u00e9publique de Guin\u00e9e, a \u00e9t\u00e9 visit\u00e9e par le Chef du Gouvernement en compagnie du ministre de la S\u00e9curit\u00e9 et de la Protection civile, le G\u00e9n\u00e9ral Bachir Diallo. Cette d\u00e9marche s\u2019inscrit dans la dynamique de modernisation de l\u2019appareil s\u00e9curitaire national, face \u00e0 la mont\u00e9e des infractions li\u00e9es aux technologies de l\u2019information et de la communication.<\/p>\n<p><img loading=\"lazy\" decoding=\"async\" class=\"alignnone size-medium wp-image-1476\" src=\"https:\/\/oeildupeuple224.com\/wp-content\/uploads\/2026\/01\/fb-img-1769015626025-300x225.jpg\" alt=\"\" width=\"300\" height=\"225\" srcset=\"https:\/\/oeildupeuple224.com\/wp-content\/uploads\/2026\/01\/fb-img-1769015626025-300x225.jpg 300w, https:\/\/oeildupeuple224.com\/wp-content\/uploads\/2026\/01\/fb-img-1769015626025-1024x768.jpg 1024w, https:\/\/oeildupeuple224.com\/wp-content\/uploads\/2026\/01\/fb-img-1769015626025-768x576.jpg 768w, https:\/\/oeildupeuple224.com\/wp-content\/uploads\/2026\/01\/fb-img-1769015626025-1536x1152.jpg 1536w, https:\/\/oeildupeuple224.com\/wp-content\/uploads\/2026\/01\/fb-img-1769015626025-86x64.jpg 86w, https:\/\/oeildupeuple224.com\/wp-content\/uploads\/2026\/01\/fb-img-1769015626025.jpg 2048w\" sizes=\"auto, (max-width: 300px) 100vw, 300px\" \/><\/p>\n<p>Lors de la visite, le ministre de la S\u00e9curit\u00e9 a exprim\u00e9 sa profonde reconnaissance au Premier ministre pour son appui constant au renforcement de la s\u00e9curit\u00e9 num\u00e9rique, sous le leadership du Pr\u00e9sident de la R\u00e9publique, Son Excellence Mamadi Doumbouya. Le G\u00e9n\u00e9ral Bachir Diallo a soulign\u00e9 que la DCTT jouera un r\u00f4le cl\u00e9 dans la protection des citoyens contre les menaces num\u00e9riques, notamment le harc\u00e8lement en ligne, les atteintes \u00e0 la vie priv\u00e9e, les fraudes \u00e9lectroniques et les autres formes de criminalit\u00e9 technologique.<\/p>\n<p><img loading=\"lazy\" decoding=\"async\" class=\"alignnone size-medium wp-image-1477\" src=\"https:\/\/oeildupeuple224.com\/wp-content\/uploads\/2026\/01\/fb-img-1769015638153-300x184.jpg\" alt=\"\" width=\"300\" height=\"184\" srcset=\"https:\/\/oeildupeuple224.com\/wp-content\/uploads\/2026\/01\/fb-img-1769015638153-300x184.jpg 300w, https:\/\/oeildupeuple224.com\/wp-content\/uploads\/2026\/01\/fb-img-1769015638153-1024x627.jpg 1024w, https:\/\/oeildupeuple224.com\/wp-content\/uploads\/2026\/01\/fb-img-1769015638153-768x470.jpg 768w, https:\/\/oeildupeuple224.com\/wp-content\/uploads\/2026\/01\/fb-img-1769015638153-1536x941.jpg 1536w, https:\/\/oeildupeuple224.com\/wp-content\/uploads\/2026\/01\/fb-img-1769015638153.jpg 2048w\" sizes=\"auto, (max-width: 300px) 100vw, 300px\" \/><\/p>\n<p>Impressionn\u00e9 par la qualit\u00e9 des infrastructures et par la vision port\u00e9e par cette nouvelle direction, le Premier ministre a salu\u00e9 les efforts du minist\u00e8re de la S\u00e9curit\u00e9 et de la Protection civile. Il a insist\u00e9 sur le r\u00f4le strat\u00e9gique de la DCTT dans la lutte contre la cybercriminalit\u00e9 et dans la conservation des traces technologiques, d\u00e9sormais indispensables aux enqu\u00eates judiciaires modernes.<\/p>\n<p><img loading=\"lazy\" decoding=\"async\" class=\"alignnone size-medium wp-image-1478\" src=\"https:\/\/oeildupeuple224.com\/wp-content\/uploads\/2026\/01\/fb-img-1769015800244-300x226.jpg\" alt=\"\" width=\"300\" height=\"226\" srcset=\"https:\/\/oeildupeuple224.com\/wp-content\/uploads\/2026\/01\/fb-img-1769015800244-300x226.jpg 300w, https:\/\/oeildupeuple224.com\/wp-content\/uploads\/2026\/01\/fb-img-1769015800244-1024x772.jpg 1024w, https:\/\/oeildupeuple224.com\/wp-content\/uploads\/2026\/01\/fb-img-1769015800244-768x579.jpg 768w, https:\/\/oeildupeuple224.com\/wp-content\/uploads\/2026\/01\/fb-img-1769015800244-86x64.jpg 86w, https:\/\/oeildupeuple224.com\/wp-content\/uploads\/2026\/01\/fb-img-1769015800244.jpg 1440w\" sizes=\"auto, (max-width: 300px) 100vw, 300px\" \/><\/p>\n<p>Le Chef du Gouvernement a \u00e9galement f\u00e9licit\u00e9 le G\u00e9n\u00e9ral Bachir Diallo pour sa vision innovante et r\u00e9solument tourn\u00e9e vers le num\u00e9rique, visant \u00e0 renforcer la protection des donn\u00e9es de l\u2019\u00c9tat, la s\u00e9curit\u00e9 des citoyens et le respect de la dignit\u00e9 humaine \u00e0 l\u2019\u00e8re digitale.<\/p>\n<p>\u00c0 travers la mise en place de cette direction sp\u00e9cialis\u00e9e, le Gouvernement r\u00e9affirme sa volont\u00e9 de doter la Guin\u00e9e d\u2019outils modernes et performants, capables de r\u00e9pondre efficacement aux d\u00e9fis s\u00e9curitaires contemporains li\u00e9s aux nouvelles technologies.<\/p>\n<p><strong>Service Communication \/ Relations publiques<\/strong><\/p>\n","protected":false},"excerpt":{"rendered":"<p>Le Premier ministre, Chef du Gouvernement, Amadou Oury Bah, a salu\u00e9 les progr\u00e8s significatifs enregistr\u00e9s par le minist\u00e8re de la S\u00e9curit\u00e9 et de la Protection civile dans la lutte contre la cybercriminalit\u00e9, \u00e0 l\u2019occasion d\u2019une visite officielle du nouveau si\u00e8ge de la Direction de la Cybercriminalit\u00e9 et des Traces Technologiques (DCTT). Inaugur\u00e9e le 17 d\u00e9cembre [&hellip;]<\/p>\n","protected":false},"author":3,"featured_media":1479,"comment_status":"open","ping_status":"open","sticky":false,"template":"","format":"standard","meta":{"footnotes":""},"categories":[61,3,9],"tags":[562,563,72,242,259],"class_list":["post-1472","post","type-post","status-publish","format-standard","has-post-thumbnail","hentry","category-a-la-une","category-actualite","category-societe","tag-cybercriminalite","tag-cybersecurite","tag-guinee","tag-primature","tag-securite"],"yoast_head":"<!-- This site is optimized with the Yoast SEO plugin v27.5 - https:\/\/yoast.com\/product\/yoast-seo-wordpress\/ -->\n<title>Cybercriminalit\u00e9 : le Premier ministre salue les avanc\u00e9es du minist\u00e8re de la S\u00e9curit\u00e9 - Oeildupeuple224<\/title>\n<meta name=\"robots\" content=\"index, follow, max-snippet:-1, max-image-preview:large, max-video-preview:-1\" \/>\n<link rel=\"canonical\" href=\"https:\/\/oeildupeuple224.com\/index.php\/cybercriminalite-le-premier-ministre-salue-les-avancees-du-ministere-de-la-securite\/\" \/>\n<meta property=\"og:locale\" content=\"fr_FR\" \/>\n<meta property=\"og:type\" content=\"article\" \/>\n<meta property=\"og:title\" content=\"Cybercriminalit\u00e9 : le Premier ministre salue les avanc\u00e9es du minist\u00e8re de la S\u00e9curit\u00e9 - Oeildupeuple224\" \/>\n<meta property=\"og:description\" content=\"Le Premier ministre, Chef du Gouvernement, Amadou Oury Bah, a salu\u00e9 les progr\u00e8s significatifs enregistr\u00e9s par le minist\u00e8re de la S\u00e9curit\u00e9 et de la Protection civile dans la lutte contre la cybercriminalit\u00e9, \u00e0 l\u2019occasion d\u2019une visite officielle du nouveau si\u00e8ge de la Direction de la Cybercriminalit\u00e9 et des Traces Technologiques (DCTT). Inaugur\u00e9e le 17 d\u00e9cembre [&hellip;]\" \/>\n<meta property=\"og:url\" content=\"https:\/\/oeildupeuple224.com\/index.php\/cybercriminalite-le-premier-ministre-salue-les-avancees-du-ministere-de-la-securite\/\" \/>\n<meta property=\"og:site_name\" content=\"Oeildupeuple224\" \/>\n<meta property=\"article:published_time\" content=\"2026-01-21T17:23:29+00:00\" \/>\n<meta property=\"og:image\" content=\"https:\/\/oeildupeuple224.com\/wp-content\/uploads\/2026\/01\/fb-img-1769015614110.jpg\" \/>\n\t<meta property=\"og:image:width\" content=\"2048\" \/>\n\t<meta property=\"og:image:height\" content=\"1752\" \/>\n\t<meta property=\"og:image:type\" content=\"image\/jpeg\" \/>\n<meta name=\"author\" content=\"Bolokada\" \/>\n<meta name=\"twitter:card\" content=\"summary_large_image\" \/>\n<meta name=\"twitter:label1\" content=\"\u00c9crit par\" \/>\n\t<meta name=\"twitter:data1\" content=\"Bolokada\" \/>\n\t<meta name=\"twitter:label2\" content=\"Dur\u00e9e de lecture estim\u00e9e\" \/>\n\t<meta name=\"twitter:data2\" content=\"3 minutes\" \/>\n<script type=\"application\/ld+json\" class=\"yoast-schema-graph\">{\"@context\":\"https:\\\/\\\/schema.org\",\"@graph\":[{\"@type\":\"Article\",\"@id\":\"https:\\\/\\\/oeildupeuple224.com\\\/index.php\\\/cybercriminalite-le-premier-ministre-salue-les-avancees-du-ministere-de-la-securite\\\/#article\",\"isPartOf\":{\"@id\":\"https:\\\/\\\/oeildupeuple224.com\\\/index.php\\\/cybercriminalite-le-premier-ministre-salue-les-avancees-du-ministere-de-la-securite\\\/\"},\"author\":{\"name\":\"Bolokada\",\"@id\":\"https:\\\/\\\/oeildupeuple224.com\\\/#\\\/schema\\\/person\\\/67af96d96d7c96ed77036e49ab98a3d1\"},\"headline\":\"Cybercriminalit\u00e9 : le Premier ministre salue les avanc\u00e9es du minist\u00e8re de la S\u00e9curit\u00e9\",\"datePublished\":\"2026-01-21T17:23:29+00:00\",\"mainEntityOfPage\":{\"@id\":\"https:\\\/\\\/oeildupeuple224.com\\\/index.php\\\/cybercriminalite-le-premier-ministre-salue-les-avancees-du-ministere-de-la-securite\\\/\"},\"wordCount\":408,\"commentCount\":0,\"image\":{\"@id\":\"https:\\\/\\\/oeildupeuple224.com\\\/index.php\\\/cybercriminalite-le-premier-ministre-salue-les-avancees-du-ministere-de-la-securite\\\/#primaryimage\"},\"thumbnailUrl\":\"https:\\\/\\\/oeildupeuple224.com\\\/wp-content\\\/uploads\\\/2026\\\/01\\\/fb-img-1769015614110.jpg\",\"keywords\":[\"cybercriminalit\u00e9\",\"cybersecurite\",\"Guin\u00e9e\",\"Primature\",\"s\u00e9curit\u00e9\"],\"articleSection\":[\"A la Une\",\"Actualit\u00e9\",\"Soci\u00e9t\u00e9\"],\"inLanguage\":\"fr-FR\",\"potentialAction\":[{\"@type\":\"CommentAction\",\"name\":\"Comment\",\"target\":[\"https:\\\/\\\/oeildupeuple224.com\\\/index.php\\\/cybercriminalite-le-premier-ministre-salue-les-avancees-du-ministere-de-la-securite\\\/#respond\"]}]},{\"@type\":\"WebPage\",\"@id\":\"https:\\\/\\\/oeildupeuple224.com\\\/index.php\\\/cybercriminalite-le-premier-ministre-salue-les-avancees-du-ministere-de-la-securite\\\/\",\"url\":\"https:\\\/\\\/oeildupeuple224.com\\\/index.php\\\/cybercriminalite-le-premier-ministre-salue-les-avancees-du-ministere-de-la-securite\\\/\",\"name\":\"Cybercriminalit\u00e9 : le Premier ministre salue les avanc\u00e9es du minist\u00e8re de la S\u00e9curit\u00e9 - Oeildupeuple224\",\"isPartOf\":{\"@id\":\"https:\\\/\\\/oeildupeuple224.com\\\/#website\"},\"primaryImageOfPage\":{\"@id\":\"https:\\\/\\\/oeildupeuple224.com\\\/index.php\\\/cybercriminalite-le-premier-ministre-salue-les-avancees-du-ministere-de-la-securite\\\/#primaryimage\"},\"image\":{\"@id\":\"https:\\\/\\\/oeildupeuple224.com\\\/index.php\\\/cybercriminalite-le-premier-ministre-salue-les-avancees-du-ministere-de-la-securite\\\/#primaryimage\"},\"thumbnailUrl\":\"https:\\\/\\\/oeildupeuple224.com\\\/wp-content\\\/uploads\\\/2026\\\/01\\\/fb-img-1769015614110.jpg\",\"datePublished\":\"2026-01-21T17:23:29+00:00\",\"author\":{\"@id\":\"https:\\\/\\\/oeildupeuple224.com\\\/#\\\/schema\\\/person\\\/67af96d96d7c96ed77036e49ab98a3d1\"},\"breadcrumb\":{\"@id\":\"https:\\\/\\\/oeildupeuple224.com\\\/index.php\\\/cybercriminalite-le-premier-ministre-salue-les-avancees-du-ministere-de-la-securite\\\/#breadcrumb\"},\"inLanguage\":\"fr-FR\",\"potentialAction\":[{\"@type\":\"ReadAction\",\"target\":[\"https:\\\/\\\/oeildupeuple224.com\\\/index.php\\\/cybercriminalite-le-premier-ministre-salue-les-avancees-du-ministere-de-la-securite\\\/\"]}]},{\"@type\":\"ImageObject\",\"inLanguage\":\"fr-FR\",\"@id\":\"https:\\\/\\\/oeildupeuple224.com\\\/index.php\\\/cybercriminalite-le-premier-ministre-salue-les-avancees-du-ministere-de-la-securite\\\/#primaryimage\",\"url\":\"https:\\\/\\\/oeildupeuple224.com\\\/wp-content\\\/uploads\\\/2026\\\/01\\\/fb-img-1769015614110.jpg\",\"contentUrl\":\"https:\\\/\\\/oeildupeuple224.com\\\/wp-content\\\/uploads\\\/2026\\\/01\\\/fb-img-1769015614110.jpg\",\"width\":2048,\"height\":1752},{\"@type\":\"BreadcrumbList\",\"@id\":\"https:\\\/\\\/oeildupeuple224.com\\\/index.php\\\/cybercriminalite-le-premier-ministre-salue-les-avancees-du-ministere-de-la-securite\\\/#breadcrumb\",\"itemListElement\":[{\"@type\":\"ListItem\",\"position\":1,\"name\":\"Home\",\"item\":\"https:\\\/\\\/oeildupeuple224.com\\\/\"},{\"@type\":\"ListItem\",\"position\":2,\"name\":\"Cybercriminalit\u00e9 : le Premier ministre salue les avanc\u00e9es du minist\u00e8re de la S\u00e9curit\u00e9\"}]},{\"@type\":\"WebSite\",\"@id\":\"https:\\\/\\\/oeildupeuple224.com\\\/#website\",\"url\":\"https:\\\/\\\/oeildupeuple224.com\\\/\",\"name\":\"Oeildupeuple224\",\"description\":\"Le regard du peuple sur l&#039;actualit\u00e9\",\"potentialAction\":[{\"@type\":\"SearchAction\",\"target\":{\"@type\":\"EntryPoint\",\"urlTemplate\":\"https:\\\/\\\/oeildupeuple224.com\\\/?s={search_term_string}\"},\"query-input\":{\"@type\":\"PropertyValueSpecification\",\"valueRequired\":true,\"valueName\":\"search_term_string\"}}],\"inLanguage\":\"fr-FR\"},{\"@type\":\"Person\",\"@id\":\"https:\\\/\\\/oeildupeuple224.com\\\/#\\\/schema\\\/person\\\/67af96d96d7c96ed77036e49ab98a3d1\",\"name\":\"Bolokada\",\"image\":{\"@type\":\"ImageObject\",\"inLanguage\":\"fr-FR\",\"@id\":\"https:\\\/\\\/secure.gravatar.com\\\/avatar\\\/593ead1b1edfe657ed498637902872d2460fcdf9064121d046eb46b7d0659e3a?s=96&d=mm&r=g\",\"url\":\"https:\\\/\\\/secure.gravatar.com\\\/avatar\\\/593ead1b1edfe657ed498637902872d2460fcdf9064121d046eb46b7d0659e3a?s=96&d=mm&r=g\",\"contentUrl\":\"https:\\\/\\\/secure.gravatar.com\\\/avatar\\\/593ead1b1edfe657ed498637902872d2460fcdf9064121d046eb46b7d0659e3a?s=96&d=mm&r=g\",\"caption\":\"Bolokada\"},\"url\":\"https:\\\/\\\/oeildupeuple224.com\\\/index.php\\\/author\\\/bolokada\\\/\"}]}<\/script>\n<!-- \/ Yoast SEO plugin. -->","yoast_head_json":{"title":"Cybercriminalit\u00e9 : le Premier ministre salue les avanc\u00e9es du minist\u00e8re de la S\u00e9curit\u00e9 - Oeildupeuple224","robots":{"index":"index","follow":"follow","max-snippet":"max-snippet:-1","max-image-preview":"max-image-preview:large","max-video-preview":"max-video-preview:-1"},"canonical":"https:\/\/oeildupeuple224.com\/index.php\/cybercriminalite-le-premier-ministre-salue-les-avancees-du-ministere-de-la-securite\/","og_locale":"fr_FR","og_type":"article","og_title":"Cybercriminalit\u00e9 : le Premier ministre salue les avanc\u00e9es du minist\u00e8re de la S\u00e9curit\u00e9 - Oeildupeuple224","og_description":"Le Premier ministre, Chef du Gouvernement, Amadou Oury Bah, a salu\u00e9 les progr\u00e8s significatifs enregistr\u00e9s par le minist\u00e8re de la S\u00e9curit\u00e9 et de la Protection civile dans la lutte contre la cybercriminalit\u00e9, \u00e0 l\u2019occasion d\u2019une visite officielle du nouveau si\u00e8ge de la Direction de la Cybercriminalit\u00e9 et des Traces Technologiques (DCTT). Inaugur\u00e9e le 17 d\u00e9cembre [&hellip;]","og_url":"https:\/\/oeildupeuple224.com\/index.php\/cybercriminalite-le-premier-ministre-salue-les-avancees-du-ministere-de-la-securite\/","og_site_name":"Oeildupeuple224","article_published_time":"2026-01-21T17:23:29+00:00","og_image":[{"width":2048,"height":1752,"url":"https:\/\/oeildupeuple224.com\/wp-content\/uploads\/2026\/01\/fb-img-1769015614110.jpg","type":"image\/jpeg"}],"author":"Bolokada","twitter_card":"summary_large_image","twitter_misc":{"\u00c9crit par":"Bolokada","Dur\u00e9e de lecture estim\u00e9e":"3 minutes"},"schema":{"@context":"https:\/\/schema.org","@graph":[{"@type":"Article","@id":"https:\/\/oeildupeuple224.com\/index.php\/cybercriminalite-le-premier-ministre-salue-les-avancees-du-ministere-de-la-securite\/#article","isPartOf":{"@id":"https:\/\/oeildupeuple224.com\/index.php\/cybercriminalite-le-premier-ministre-salue-les-avancees-du-ministere-de-la-securite\/"},"author":{"name":"Bolokada","@id":"https:\/\/oeildupeuple224.com\/#\/schema\/person\/67af96d96d7c96ed77036e49ab98a3d1"},"headline":"Cybercriminalit\u00e9 : le Premier ministre salue les avanc\u00e9es du minist\u00e8re de la S\u00e9curit\u00e9","datePublished":"2026-01-21T17:23:29+00:00","mainEntityOfPage":{"@id":"https:\/\/oeildupeuple224.com\/index.php\/cybercriminalite-le-premier-ministre-salue-les-avancees-du-ministere-de-la-securite\/"},"wordCount":408,"commentCount":0,"image":{"@id":"https:\/\/oeildupeuple224.com\/index.php\/cybercriminalite-le-premier-ministre-salue-les-avancees-du-ministere-de-la-securite\/#primaryimage"},"thumbnailUrl":"https:\/\/oeildupeuple224.com\/wp-content\/uploads\/2026\/01\/fb-img-1769015614110.jpg","keywords":["cybercriminalit\u00e9","cybersecurite","Guin\u00e9e","Primature","s\u00e9curit\u00e9"],"articleSection":["A la Une","Actualit\u00e9","Soci\u00e9t\u00e9"],"inLanguage":"fr-FR","potentialAction":[{"@type":"CommentAction","name":"Comment","target":["https:\/\/oeildupeuple224.com\/index.php\/cybercriminalite-le-premier-ministre-salue-les-avancees-du-ministere-de-la-securite\/#respond"]}]},{"@type":"WebPage","@id":"https:\/\/oeildupeuple224.com\/index.php\/cybercriminalite-le-premier-ministre-salue-les-avancees-du-ministere-de-la-securite\/","url":"https:\/\/oeildupeuple224.com\/index.php\/cybercriminalite-le-premier-ministre-salue-les-avancees-du-ministere-de-la-securite\/","name":"Cybercriminalit\u00e9 : le Premier ministre salue les avanc\u00e9es du minist\u00e8re de la S\u00e9curit\u00e9 - Oeildupeuple224","isPartOf":{"@id":"https:\/\/oeildupeuple224.com\/#website"},"primaryImageOfPage":{"@id":"https:\/\/oeildupeuple224.com\/index.php\/cybercriminalite-le-premier-ministre-salue-les-avancees-du-ministere-de-la-securite\/#primaryimage"},"image":{"@id":"https:\/\/oeildupeuple224.com\/index.php\/cybercriminalite-le-premier-ministre-salue-les-avancees-du-ministere-de-la-securite\/#primaryimage"},"thumbnailUrl":"https:\/\/oeildupeuple224.com\/wp-content\/uploads\/2026\/01\/fb-img-1769015614110.jpg","datePublished":"2026-01-21T17:23:29+00:00","author":{"@id":"https:\/\/oeildupeuple224.com\/#\/schema\/person\/67af96d96d7c96ed77036e49ab98a3d1"},"breadcrumb":{"@id":"https:\/\/oeildupeuple224.com\/index.php\/cybercriminalite-le-premier-ministre-salue-les-avancees-du-ministere-de-la-securite\/#breadcrumb"},"inLanguage":"fr-FR","potentialAction":[{"@type":"ReadAction","target":["https:\/\/oeildupeuple224.com\/index.php\/cybercriminalite-le-premier-ministre-salue-les-avancees-du-ministere-de-la-securite\/"]}]},{"@type":"ImageObject","inLanguage":"fr-FR","@id":"https:\/\/oeildupeuple224.com\/index.php\/cybercriminalite-le-premier-ministre-salue-les-avancees-du-ministere-de-la-securite\/#primaryimage","url":"https:\/\/oeildupeuple224.com\/wp-content\/uploads\/2026\/01\/fb-img-1769015614110.jpg","contentUrl":"https:\/\/oeildupeuple224.com\/wp-content\/uploads\/2026\/01\/fb-img-1769015614110.jpg","width":2048,"height":1752},{"@type":"BreadcrumbList","@id":"https:\/\/oeildupeuple224.com\/index.php\/cybercriminalite-le-premier-ministre-salue-les-avancees-du-ministere-de-la-securite\/#breadcrumb","itemListElement":[{"@type":"ListItem","position":1,"name":"Home","item":"https:\/\/oeildupeuple224.com\/"},{"@type":"ListItem","position":2,"name":"Cybercriminalit\u00e9 : le Premier ministre salue les avanc\u00e9es du minist\u00e8re de la S\u00e9curit\u00e9"}]},{"@type":"WebSite","@id":"https:\/\/oeildupeuple224.com\/#website","url":"https:\/\/oeildupeuple224.com\/","name":"Oeildupeuple224","description":"Le regard du peuple sur l&#039;actualit\u00e9","potentialAction":[{"@type":"SearchAction","target":{"@type":"EntryPoint","urlTemplate":"https:\/\/oeildupeuple224.com\/?s={search_term_string}"},"query-input":{"@type":"PropertyValueSpecification","valueRequired":true,"valueName":"search_term_string"}}],"inLanguage":"fr-FR"},{"@type":"Person","@id":"https:\/\/oeildupeuple224.com\/#\/schema\/person\/67af96d96d7c96ed77036e49ab98a3d1","name":"Bolokada","image":{"@type":"ImageObject","inLanguage":"fr-FR","@id":"https:\/\/secure.gravatar.com\/avatar\/593ead1b1edfe657ed498637902872d2460fcdf9064121d046eb46b7d0659e3a?s=96&d=mm&r=g","url":"https:\/\/secure.gravatar.com\/avatar\/593ead1b1edfe657ed498637902872d2460fcdf9064121d046eb46b7d0659e3a?s=96&d=mm&r=g","contentUrl":"https:\/\/secure.gravatar.com\/avatar\/593ead1b1edfe657ed498637902872d2460fcdf9064121d046eb46b7d0659e3a?s=96&d=mm&r=g","caption":"Bolokada"},"url":"https:\/\/oeildupeuple224.com\/index.php\/author\/bolokada\/"}]}},"jetpack_featured_media_url":"https:\/\/oeildupeuple224.com\/wp-content\/uploads\/2026\/01\/fb-img-1769015614110.jpg","_links":{"self":[{"href":"https:\/\/oeildupeuple224.com\/index.php\/wp-json\/wp\/v2\/posts\/1472","targetHints":{"allow":["GET"]}}],"collection":[{"href":"https:\/\/oeildupeuple224.com\/index.php\/wp-json\/wp\/v2\/posts"}],"about":[{"href":"https:\/\/oeildupeuple224.com\/index.php\/wp-json\/wp\/v2\/types\/post"}],"author":[{"embeddable":true,"href":"https:\/\/oeildupeuple224.com\/index.php\/wp-json\/wp\/v2\/users\/3"}],"replies":[{"embeddable":true,"href":"https:\/\/oeildupeuple224.com\/index.php\/wp-json\/wp\/v2\/comments?post=1472"}],"version-history":[{"count":0,"href":"https:\/\/oeildupeuple224.com\/index.php\/wp-json\/wp\/v2\/posts\/1472\/revisions"}],"wp:featuredmedia":[{"embeddable":true,"href":"https:\/\/oeildupeuple224.com\/index.php\/wp-json\/wp\/v2\/media\/1479"}],"wp:attachment":[{"href":"https:\/\/oeildupeuple224.com\/index.php\/wp-json\/wp\/v2\/media?parent=1472"}],"wp:term":[{"taxonomy":"category","embeddable":true,"href":"https:\/\/oeildupeuple224.com\/index.php\/wp-json\/wp\/v2\/categories?post=1472"},{"taxonomy":"post_tag","embeddable":true,"href":"https:\/\/oeildupeuple224.com\/index.php\/wp-json\/wp\/v2\/tags?post=1472"}],"curies":[{"name":"wp","href":"https:\/\/api.w.org\/{rel}","templated":true}]}}